{"id":13334,"date":"2016-08-05T18:50:03","date_gmt":"2016-08-05T16:50:03","guid":{"rendered":"http:\/\/www.conselharan.org\/ca\/?p=13334"},"modified":"2016-08-05T18:50:03","modified_gmt":"2016-08-05T16:50:03","slug":"el-conselh-generau-daran-obre-el-termini-de-sol%c2%b7licitud-dels-ajuts-als-joves-esportistes-aranesos","status":"publish","type":"post","link":"https:\/\/www.conselharan.org\/ca\/el-conselh-generau-daran-obre-el-termini-de-sol%c2%b7licitud-dels-ajuts-als-joves-esportistes-aranesos\/","title":{"rendered":"El Conselh Generau d\u2019Aran obre el termini de sol\u00b7licitud dels ajuts als joves esportistes aranesos"},"content":{"rendered":"<p>Vielha, 5 d\u2019agost de 2016.- El <strong>Conselh Generau d\u2019Aran<\/strong> ha obert aquesta setmana el per\u00edode per sol\u00b7licitar els ajuts i subvencions econ\u00f2miques per la temporada 2016\/2017 als joves esportistes aranesos. L\u2019objectiu d\u2019aquests ajuts, \u00e9s motivar la continu\u00eftat de la seva carrera esportiva\u00a0 mentre estudien, amb la finalitat que puguin acabar convertint-se en esportistes d\u2019alt rendiment.<\/p>\n<p>Els requisits indispensables per ser beneficiari d\u2019aquests ajuts s\u00f3n, cursar ensenyaments obligatoris (ESO) o post obligatoris (Cicles Formatius o Estudis Universitaris), entre els 14 i els 22 anys, ser esportistes en actiu i\u00a0<strong>haver aprovat totes les assignatures del darrer curs acad\u00e8mic.<\/strong><\/p>\n<p>Per concedir les subvencions el Conselh Generau d\u2019Aran, crear\u00e0 una Comissi\u00f3 T\u00e8cnica de Valoraci\u00f3, integrada entre d\u2019altres pel conselh\u00e8r d\u2019Esp\u00f2rts e Joenessa del Gov\u00e8rn d\u2019Aran\u00a0<strong>Lu\u00eds Carlos Medina<\/strong>\u00a0i pel responsable t\u00e8cnic del Conselh Esportiu de la Val d\u2019Aran,.<\/p>\n<p>Es concediran dos tipus de subvencions.<\/p>\n<p>-Beca A\u00a0per un import de\u00a01.500 \u20ac<\/p>\n<p>-Beca B\u00a0per un import de\u00a0750 \u20ac<\/p>\n<p>Per concedir aquests ajuts, es considerar\u00e0 l\u2019edat dels esportistes, aix\u00ed com els resultats esportius obtinguts i els diferents nivells de competici\u00f3 en que participin (grup de competici\u00f3 internacional, estatal o auton\u00f2mica).<\/p>\n<p>El termini de presentaci\u00f3 de sol\u00b7licituds \u00e9s fins el 30 de setembre de 2016.<\/p>\n<p>Trobareu tota la informaci\u00f3 en el seg\u00fcent enlla\u00e7:<\/p>\n<p><a href=\"https:\/\/tauler.seu.cat\/pagDetall.do?idEdicte=78392&amp;idens=8103980001\">https:\/\/tauler.seu.cat\/pagDetall.do?idEdicte=78392&amp;idens=8103980001<\/a><\/p>\n<p><a href=\"http:\/\/www.conselharan.org\/wp-content\/uploads\/2016\/03\/grop-CAEI.jpg\"><img loading=\"lazy\" decoding=\"async\" class=\"aligncenter size-large wp-image-10891\" src=\"http:\/\/www.conselharan.org\/wp-content\/uploads\/2016\/03\/grop-CAEI-1024x776.jpg\" alt=\"grop CAEI\" width=\"1024\" height=\"776\" srcset=\"https:\/\/www.conselharan.org\/wp-content\/uploads\/2016\/03\/grop-CAEI-1024x776.jpg 1024w, https:\/\/www.conselharan.org\/wp-content\/uploads\/2016\/03\/grop-CAEI-300x227.jpg 300w\" sizes=\"(max-width: 1024px) 100vw, 1024px\" \/><\/a><\/p>\n<p>&nbsp;<\/p>\n<p><a href=\"http:\/\/www.conselharan.org\/wp-content\/uploads\/2016\/03\/interclubs-grop.caei_1.jpeg\"><img loading=\"lazy\" decoding=\"async\" class=\"aligncenter size-full wp-image-10902\" src=\"http:\/\/www.conselharan.org\/wp-content\/uploads\/2016\/03\/interclubs-grop.caei_1.jpeg\" alt=\"interclubs-grop.caei\" width=\"640\" height=\"480\" srcset=\"https:\/\/www.conselharan.org\/wp-content\/uploads\/2016\/03\/interclubs-grop.caei_1.jpeg 640w, https:\/\/www.conselharan.org\/wp-content\/uploads\/2016\/03\/interclubs-grop.caei_1-300x225.jpeg 300w\" sizes=\"(max-width: 640px) 100vw, 640px\" \/><\/a><\/p>\n ","protected":false},"excerpt":{"rendered":"<p>Vielha, 5 d\u2019agost de 2016.- El Conselh Generau d\u2019Aran ha obert aquesta setmana el per\u00edode per sol\u00b7licitar els ajuts i subvencions econ\u00f2miques per la temporada 2016\/2017 als joves esportistes aranesos. L\u2019objectiu d\u2019aquests ajuts, \u00e9s motivar la continu\u00eftat de la seva carrera esportiva\u00a0 mentre estudien, amb la finalitat que puguin acabar convertint-se en esportistes d\u2019alt rendiment&#8230;.<\/p>\n","protected":false},"author":2,"featured_media":13330,"comment_status":"closed","ping_status":"closed","sticky":false,"template":"","format":"standard","meta":{"footnotes":""},"categories":[53],"tags":[],"_links":{"self":[{"href":"https:\/\/www.conselharan.org\/ca\/wp-json\/wp\/v2\/posts\/13334"}],"collection":[{"href":"https:\/\/www.conselharan.org\/ca\/wp-json\/wp\/v2\/posts"}],"about":[{"href":"https:\/\/www.conselharan.org\/ca\/wp-json\/wp\/v2\/types\/post"}],"author":[{"embeddable":true,"href":"https:\/\/www.conselharan.org\/ca\/wp-json\/wp\/v2\/users\/2"}],"replies":[{"embeddable":true,"href":"https:\/\/www.conselharan.org\/ca\/wp-json\/wp\/v2\/comments?post=13334"}],"version-history":[{"count":1,"href":"https:\/\/www.conselharan.org\/ca\/wp-json\/wp\/v2\/posts\/13334\/revisions"}],"predecessor-version":[{"id":13335,"href":"https:\/\/www.conselharan.org\/ca\/wp-json\/wp\/v2\/posts\/13334\/revisions\/13335"}],"wp:featuredmedia":[{"embeddable":true,"href":"https:\/\/www.conselharan.org\/ca\/wp-json\/wp\/v2\/media\/13330"}],"wp:attachment":[{"href":"https:\/\/www.conselharan.org\/ca\/wp-json\/wp\/v2\/media?parent=13334"}],"wp:term":[{"taxonomy":"category","embeddable":true,"href":"https:\/\/www.conselharan.org\/ca\/wp-json\/wp\/v2\/categories?post=13334"},{"taxonomy":"post_tag","embeddable":true,"href":"https:\/\/www.conselharan.org\/ca\/wp-json\/wp\/v2\/tags?post=13334"}],"curies":[{"name":"wp","href":"https:\/\/api.w.org\/{rel}","templated":true}]}}