{"id":13349,"date":"2016-08-09T11:54:09","date_gmt":"2016-08-09T09:54:09","guid":{"rendered":"http:\/\/www.conselharan.org\/ca\/?p=13349"},"modified":"2016-08-09T11:54:09","modified_gmt":"2016-08-09T09:54:09","slug":"la-nit-dels-talpons-i-tour-dels-lirons","status":"publish","type":"post","link":"https:\/\/www.conselharan.org\/ca\/la-nit-dels-talpons-i-tour-dels-lirons\/","title":{"rendered":"La nit dels talpons i Tour dels lirons"},"content":{"rendered":"<p><strong>\u2022 El 19 i 20 d\u2019agost el Departament d\u2019Agricultura, Ramaderia i Medi Natural del Conselh Generau d\u2019Aran ha organitzat aquestes activitats per tots els p\u00fablics.<\/strong><\/p>\n<p>&nbsp;<\/p>\n<p><img loading=\"lazy\" decoding=\"async\" class=\"aligncenter size-large wp-image-13350\" src=\"http:\/\/www.conselharan.org\/wp-content\/uploads\/2016\/08\/CARTELL_ESTIU2016_CAT-724x1024.jpg\" alt=\"CARTELL_ESTIU2016_CAT\" width=\"724\" height=\"1024\" srcset=\"https:\/\/www.conselharan.org\/wp-content\/uploads\/2016\/08\/CARTELL_ESTIU2016_CAT-724x1024.jpg 724w, https:\/\/www.conselharan.org\/wp-content\/uploads\/2016\/08\/CARTELL_ESTIU2016_CAT-212x300.jpg 212w, https:\/\/www.conselharan.org\/wp-content\/uploads\/2016\/08\/CARTELL_ESTIU2016_CAT-768x1087.jpg 768w\" sizes=\"(max-width: 724px) 100vw, 724px\" \/><\/p>\n<p>&nbsp;<\/p>\n<p>Un any m\u00e9s, el Conselh Generau d\u2019Aran a trav\u00e9s del seu Departament d&#8217;Agricultura, Ramaderia i Medi Natural ha organitzat \u201c<strong>La nit dels talpons\u201d<\/strong> i <strong>\u201cTour dels lirons\u201d<\/strong>, activitats per petits i grans, de descobriment i reconeixement dels micro mam\u00edfers de la Val d\u2019Aran i d\u2019aprenentatge del m\u00e8tode d\u2019estudi cient\u00edfic d\u2019aquest grup de fauna.<\/p>\n<p>L&#8217;activitat, \u201cLa nit dels talpons\u201d, convida a passar una tarda\/nit divertida buscant als petits mam\u00edfers que viuen amagats en els nostres boscos.<\/p>\n<p>&nbsp;<\/p>\n<p><img loading=\"lazy\" decoding=\"async\" class=\"aligncenter size-large wp-image-13351\" src=\"http:\/\/www.conselharan.org\/wp-content\/uploads\/2016\/08\/CARTELL_ESTIU2016_CAT-copia-360x1024.jpg\" alt=\"CARTELL_ESTIU2016_CAT - copia\" width=\"360\" height=\"1024\" srcset=\"https:\/\/www.conselharan.org\/wp-content\/uploads\/2016\/08\/CARTELL_ESTIU2016_CAT-copia-360x1024.jpg 360w, https:\/\/www.conselharan.org\/wp-content\/uploads\/2016\/08\/CARTELL_ESTIU2016_CAT-copia-768x2182.jpg 768w, https:\/\/www.conselharan.org\/wp-content\/uploads\/2016\/08\/CARTELL_ESTIU2016_CAT-copia.jpg 1745w\" sizes=\"(max-width: 360px) 100vw, 360px\" \/><\/p>\n<p>&nbsp;<\/p>\n<p>\u2022<em><strong> Divendres, 19 d\u2019agost. \u201cLa nit dels talpons\u201d<\/strong><\/em><\/p>\n<p><strong>Lloc: Refugi de la Honeria- Val de Toran<\/strong><\/p>\n<p>20h00:<br \/>\n\u2022 Xerrada audiovisual \u201cMicro mam\u00edfers: animadors secrets dels nostres boscos\u201d.<\/p>\n<p>21h00:<br \/>\n\u2022 Sopar<\/p>\n<p>22h00 \u2013 23h30:<br \/>\n\u2022 Exploraci\u00f3 nocturna en el \u201cbosc dels talpons\u201d.<\/p>\n<p>Preu, sopar incl\u00f2s: 15\u20ac (adults), 6\u20ac (men\u00fa infantil).<\/p>\n<p>&nbsp;<\/p>\n<p>El dissabte, 20 d\u2019agost, tindr\u00e0 lloc l&#8217;activitat per tots els p\u00fablics \u201cTour dels lirons\u201d on podreu con\u00e8ixer de prop els lirons grisos aranesos de la m\u00e0 de L\u00eddia Freixas, investigadora especialitzada en l&#8217;esp\u00e8cie.<\/p>\n<p>&nbsp;<\/p>\n<p><img loading=\"lazy\" decoding=\"async\" class=\"aligncenter size-large wp-image-13352\" src=\"http:\/\/www.conselharan.org\/wp-content\/uploads\/2016\/08\/CARTELL_ESTIU2016_CAT-copia-2-355x1024.jpg\" alt=\"CARTELL_ESTIU2016_CAT - copia (2)\" width=\"355\" height=\"1024\" srcset=\"https:\/\/www.conselharan.org\/wp-content\/uploads\/2016\/08\/CARTELL_ESTIU2016_CAT-copia-2-355x1024.jpg 355w, https:\/\/www.conselharan.org\/wp-content\/uploads\/2016\/08\/CARTELL_ESTIU2016_CAT-copia-2-104x300.jpg 104w, https:\/\/www.conselharan.org\/wp-content\/uploads\/2016\/08\/CARTELL_ESTIU2016_CAT-copia-2-768x2215.jpg 768w, https:\/\/www.conselharan.org\/wp-content\/uploads\/2016\/08\/CARTELL_ESTIU2016_CAT-copia-2.jpg 1719w\" sizes=\"(max-width: 355px) 100vw, 355px\" \/><\/p>\n<p>&nbsp;<\/p>\n<p><em><strong>\u2022 Dissabte, 20 d\u2019agost. \u201cTour dels lirons\u201d<\/strong><\/em><\/p>\n<p>De 10h00 a 14h00 (Lloc: Refugi de la Honeria- Val de Toran)<\/p>\n<p>&#8211; Xerrada \u201cQu\u00e8 en sabem dels lirons grisos?\u201d.<br \/>\n&#8211; Revisi\u00f3 i control de les estacions de cria del Projecte Lir\u00f3.<\/p>\n<p>A les 16h00 (Lloc: Conselh Generau d\u2019Aran- Vielha)<\/p>\n<p>&#8211; Revisi\u00f3 i control de les estacions de cria de Betren.<\/p>\n<p>Les places s\u00f3n limitades, per aix\u00f2 cal formalitzar la inscripci\u00f3 telefonant al Conselh Generau d\u2019Aran (973 64 18 01) o enviant un correu a <a href=\"mailto:c.madruga@aran.org\" target=\"_blank\">c.madruga@aran.org<\/a>. Persona de contacte: <strong>Cristina Madruga<\/strong>.<\/p>\n<p>&nbsp;<\/p>\n<p>&nbsp;<\/p>\n<p>&nbsp;<\/p>\n<p>Vielha, 9 d\u2019agost de 2016<\/p>\n<p>&nbsp;<\/p>\n<p><em>Conselh Generau d&#8217;Aran: N\u00faria Sanjuan<\/em><\/p>\n ","protected":false},"excerpt":{"rendered":"<p>\u2022 El 19 i 20 d\u2019agost el Departament d\u2019Agricultura, Ramaderia i Medi Natural del Conselh Generau d\u2019Aran ha organitzat aquestes activitats per tots els p\u00fablics. &nbsp; &nbsp; Un any m\u00e9s, el Conselh Generau d\u2019Aran a trav\u00e9s del seu Departament d&#8217;Agricultura, Ramaderia i Medi Natural ha organitzat \u201cLa nit dels talpons\u201d i \u201cTour dels lirons\u201d, activitats&#8230;<\/p>\n","protected":false},"author":2,"featured_media":12408,"comment_status":"closed","ping_status":"closed","sticky":false,"template":"","format":"standard","meta":{"footnotes":""},"categories":[53,127],"tags":[],"_links":{"self":[{"href":"https:\/\/www.conselharan.org\/ca\/wp-json\/wp\/v2\/posts\/13349"}],"collection":[{"href":"https:\/\/www.conselharan.org\/ca\/wp-json\/wp\/v2\/posts"}],"about":[{"href":"https:\/\/www.conselharan.org\/ca\/wp-json\/wp\/v2\/types\/post"}],"author":[{"embeddable":true,"href":"https:\/\/www.conselharan.org\/ca\/wp-json\/wp\/v2\/users\/2"}],"replies":[{"embeddable":true,"href":"https:\/\/www.conselharan.org\/ca\/wp-json\/wp\/v2\/comments?post=13349"}],"version-history":[{"count":1,"href":"https:\/\/www.conselharan.org\/ca\/wp-json\/wp\/v2\/posts\/13349\/revisions"}],"predecessor-version":[{"id":13353,"href":"https:\/\/www.conselharan.org\/ca\/wp-json\/wp\/v2\/posts\/13349\/revisions\/13353"}],"wp:featuredmedia":[{"embeddable":true,"href":"https:\/\/www.conselharan.org\/ca\/wp-json\/wp\/v2\/media\/12408"}],"wp:attachment":[{"href":"https:\/\/www.conselharan.org\/ca\/wp-json\/wp\/v2\/media?parent=13349"}],"wp:term":[{"taxonomy":"category","embeddable":true,"href":"https:\/\/www.conselharan.org\/ca\/wp-json\/wp\/v2\/categories?post=13349"},{"taxonomy":"post_tag","embeddable":true,"href":"https:\/\/www.conselharan.org\/ca\/wp-json\/wp\/v2\/tags?post=13349"}],"curies":[{"name":"wp","href":"https:\/\/api.w.org\/{rel}","templated":true}]}}