{"id":13395,"date":"2016-08-12T10:44:30","date_gmt":"2016-08-12T08:44:30","guid":{"rendered":"http:\/\/www.conselharan.org\/ca\/?p=13395"},"modified":"2016-08-12T11:31:45","modified_gmt":"2016-08-12T09:31:45","slug":"gran-participacio-a-era-flower-power","status":"publish","type":"post","link":"https:\/\/www.conselharan.org\/ca\/gran-participacio-a-era-flower-power\/","title":{"rendered":"Gran participaci\u00f3 a \u201cEra FLOWER POWER\u201d"},"content":{"rendered":"<p><img loading=\"lazy\" decoding=\"async\" class=\"aligncenter size-full wp-image-13387\" src=\"http:\/\/www.conselharan.org\/wp-content\/uploads\/2016\/08\/era-Flower-2.jpg\" alt=\"era Flower 2\" width=\"960\" height=\"960\" srcset=\"https:\/\/www.conselharan.org\/wp-content\/uploads\/2016\/08\/era-Flower-2.jpg 960w, https:\/\/www.conselharan.org\/wp-content\/uploads\/2016\/08\/era-Flower-2-150x150.jpg 150w, https:\/\/www.conselharan.org\/wp-content\/uploads\/2016\/08\/era-Flower-2-300x300.jpg 300w, https:\/\/www.conselharan.org\/wp-content\/uploads\/2016\/08\/era-Flower-2-768x768.jpg 768w, https:\/\/www.conselharan.org\/wp-content\/uploads\/2016\/08\/era-Flower-2-270x270.jpg 270w, https:\/\/www.conselharan.org\/wp-content\/uploads\/2016\/08\/era-Flower-2-207x207.jpg 207w, https:\/\/www.conselharan.org\/wp-content\/uploads\/2016\/08\/era-Flower-2-75x75.jpg 75w\" sizes=\"(max-width: 960px) 100vw, 960px\" \/><\/p>\n<p>&nbsp;<\/p>\n<p>Dissabte passat, 6 d&#8217;agost, es va celebrar a la Val d\u2019Aran la primera edici\u00f3 de <strong>\u201cEra Flower Power\u201d<\/strong>, festa tem\u00e0tica i divertida famosa en molts llocs, sent la festa de l&#8217;estiu per excel\u2022l\u00e8ncia, recordant el passat hippy de l&#8217;\u00e8poca dels 60 i 70.<\/p>\n<p>&nbsp;<\/p>\n<p><img loading=\"lazy\" decoding=\"async\" class=\"aligncenter size-full wp-image-13386\" src=\"http:\/\/www.conselharan.org\/wp-content\/uploads\/2016\/08\/era-Flower.jpg\" alt=\"era Flower\" width=\"960\" height=\"960\" srcset=\"https:\/\/www.conselharan.org\/wp-content\/uploads\/2016\/08\/era-Flower.jpg 960w, https:\/\/www.conselharan.org\/wp-content\/uploads\/2016\/08\/era-Flower-150x150.jpg 150w, https:\/\/www.conselharan.org\/wp-content\/uploads\/2016\/08\/era-Flower-300x300.jpg 300w, https:\/\/www.conselharan.org\/wp-content\/uploads\/2016\/08\/era-Flower-768x768.jpg 768w, https:\/\/www.conselharan.org\/wp-content\/uploads\/2016\/08\/era-Flower-270x270.jpg 270w, https:\/\/www.conselharan.org\/wp-content\/uploads\/2016\/08\/era-Flower-207x207.jpg 207w, https:\/\/www.conselharan.org\/wp-content\/uploads\/2016\/08\/era-Flower-75x75.jpg 75w\" sizes=\"(max-width: 960px) 100vw, 960px\" \/><\/p>\n<p>&nbsp;<\/p>\n<p>Molts habitants de la Val d\u2019Aran i turistes, nens i majors, van gaudir a Vielha d&#8217;una explosi\u00f3 de colors i flors, amb diferents espais d&#8217;oci organitzat amb tallers, concerts i activitats per a totes les edats.<\/p>\n<p>&nbsp;<\/p>\n<p><img loading=\"lazy\" decoding=\"async\" class=\"aligncenter size-full wp-image-13391\" src=\"http:\/\/www.conselharan.org\/wp-content\/uploads\/2016\/08\/Diapositiva1.jpg\" alt=\"Diapositiva1\" width=\"850\" height=\"581\" srcset=\"https:\/\/www.conselharan.org\/wp-content\/uploads\/2016\/08\/Diapositiva1.jpg 850w, https:\/\/www.conselharan.org\/wp-content\/uploads\/2016\/08\/Diapositiva1-300x205.jpg 300w, https:\/\/www.conselharan.org\/wp-content\/uploads\/2016\/08\/Diapositiva1-768x525.jpg 768w\" sizes=\"(max-width: 850px) 100vw, 850px\" \/><\/p>\n<p>&nbsp;<\/p>\n<p>A la nit, el punt final ho va posar el <strong>Gran Guateque<\/strong> on els assistents van gaudir amb m\u00fasica dels anys 60 i 70 fins a la matinada, amb sorteigs de productes esponsoritzats.<\/p>\n<p>&nbsp;<\/p>\n<p><img loading=\"lazy\" decoding=\"async\" class=\"aligncenter size-full wp-image-13390\" src=\"http:\/\/www.conselharan.org\/wp-content\/uploads\/2016\/08\/era-Flower-5.jpg\" alt=\"era Flower 5\" width=\"720\" height=\"960\" srcset=\"https:\/\/www.conselharan.org\/wp-content\/uploads\/2016\/08\/era-Flower-5.jpg 720w, https:\/\/www.conselharan.org\/wp-content\/uploads\/2016\/08\/era-Flower-5-225x300.jpg 225w\" sizes=\"(max-width: 720px) 100vw, 720px\" \/><\/p>\n<p>&nbsp;<\/p>\n<p>La conselh\u00e8ra de Turisme i Desenvolupament Econ\u00f2mic d&#8217;Aran, <strong>Anna D\u00edaz<\/strong>, ha manifestat <strong>\u201cera Flower Power dona el tret de sortida a la campanya d&#8217;estiu en la Val d\u2019Aran\u201d.<\/strong><\/p>\n<p>&nbsp;<\/p>\n<p><img loading=\"lazy\" decoding=\"async\" class=\"aligncenter size-full wp-image-13388\" src=\"http:\/\/www.conselharan.org\/wp-content\/uploads\/2016\/08\/era-Flower-3.jpg\" alt=\"era Flower 3\" width=\"784\" height=\"784\" srcset=\"https:\/\/www.conselharan.org\/wp-content\/uploads\/2016\/08\/era-Flower-3.jpg 784w, https:\/\/www.conselharan.org\/wp-content\/uploads\/2016\/08\/era-Flower-3-150x150.jpg 150w, https:\/\/www.conselharan.org\/wp-content\/uploads\/2016\/08\/era-Flower-3-300x300.jpg 300w, https:\/\/www.conselharan.org\/wp-content\/uploads\/2016\/08\/era-Flower-3-768x768.jpg 768w, https:\/\/www.conselharan.org\/wp-content\/uploads\/2016\/08\/era-Flower-3-270x270.jpg 270w, https:\/\/www.conselharan.org\/wp-content\/uploads\/2016\/08\/era-Flower-3-207x207.jpg 207w, https:\/\/www.conselharan.org\/wp-content\/uploads\/2016\/08\/era-Flower-3-75x75.jpg 75w\" sizes=\"(max-width: 784px) 100vw, 784px\" \/><\/p>\n<p>&nbsp;<\/p>\n<p>Per la seva banda, <strong>Merc\u00e8 Pastor<\/strong>, des de l&#8217;organitzaci\u00f3 de \u201cEra Flower Power\u201d ha subratllat<strong> \u201cagraeixo la confian\u00e7a a totes les entitats: Ajuntament de Vielha e Mijaran, Torisme Val d\u2019Aran, Gremi d\u2019Hostaleria de la Val d\u2019Aran, Aran-Thal i tots els seus monitors\u201d<\/strong>. Tamb\u00e9 agraeix <strong>\u201ca tots els patrocinadors i col\u2022laboradors que han recolzat l&#8217;esdeveniment. I sense cap dubte, gr\u00e0cies a tots els que han aportat el seu esfor\u00e7 d&#8217;una forma desinteressada i de cor, donant el millor de cadascun: Esther F, M\u00f3nica, \u00c0nima, Trini, Laia, Gemma, M\u00aa Cinta (Bollywod damb Maria), Juanma P, Ambr\u00f3s, Oriol, Almansa, Jose Antonio, To\u00f1o,&#8230;i, especialment a Sebas per creure en m\u00ed\u201d.<\/strong><\/p>\n<p>&nbsp;<\/p>\n<p>&nbsp;<\/p>\n<p>&nbsp;<\/p>\n<p>Vielha, 12 d&#8217;agost de 2016<\/p>\n<p>&nbsp;<\/p>\n<p><em>Conselh Generau d&#8217;Aran: N\u00faria Sanjuan<\/em><\/p>\n<p><em>Font: Era Flower Power\/ Merc\u00e8 Pastor<\/em><\/p>\n ","protected":false},"excerpt":{"rendered":"<p>&nbsp; Dissabte passat, 6 d&#8217;agost, es va celebrar a la Val d\u2019Aran la primera edici\u00f3 de \u201cEra Flower Power\u201d, festa tem\u00e0tica i divertida famosa en molts llocs, sent la festa de l&#8217;estiu per excel\u2022l\u00e8ncia, recordant el passat hippy de l&#8217;\u00e8poca dels 60 i 70. &nbsp; &nbsp; Molts habitants de la Val d\u2019Aran i turistes, nens&#8230;<\/p>\n","protected":false},"author":2,"featured_media":13392,"comment_status":"closed","ping_status":"closed","sticky":false,"template":"","format":"standard","meta":{"footnotes":""},"categories":[33],"tags":[],"_links":{"self":[{"href":"https:\/\/www.conselharan.org\/ca\/wp-json\/wp\/v2\/posts\/13395"}],"collection":[{"href":"https:\/\/www.conselharan.org\/ca\/wp-json\/wp\/v2\/posts"}],"about":[{"href":"https:\/\/www.conselharan.org\/ca\/wp-json\/wp\/v2\/types\/post"}],"author":[{"embeddable":true,"href":"https:\/\/www.conselharan.org\/ca\/wp-json\/wp\/v2\/users\/2"}],"replies":[{"embeddable":true,"href":"https:\/\/www.conselharan.org\/ca\/wp-json\/wp\/v2\/comments?post=13395"}],"version-history":[{"count":3,"href":"https:\/\/www.conselharan.org\/ca\/wp-json\/wp\/v2\/posts\/13395\/revisions"}],"predecessor-version":[{"id":13402,"href":"https:\/\/www.conselharan.org\/ca\/wp-json\/wp\/v2\/posts\/13395\/revisions\/13402"}],"wp:featuredmedia":[{"embeddable":true,"href":"https:\/\/www.conselharan.org\/ca\/wp-json\/wp\/v2\/media\/13392"}],"wp:attachment":[{"href":"https:\/\/www.conselharan.org\/ca\/wp-json\/wp\/v2\/media?parent=13395"}],"wp:term":[{"taxonomy":"category","embeddable":true,"href":"https:\/\/www.conselharan.org\/ca\/wp-json\/wp\/v2\/categories?post=13395"},{"taxonomy":"post_tag","embeddable":true,"href":"https:\/\/www.conselharan.org\/ca\/wp-json\/wp\/v2\/tags?post=13395"}],"curies":[{"name":"wp","href":"https:\/\/api.w.org\/{rel}","templated":true}]}}