{"id":13414,"date":"2016-08-12T15:27:13","date_gmt":"2016-08-12T13:27:13","guid":{"rendered":"http:\/\/www.conselharan.org\/ca\/?p=13414"},"modified":"2016-08-12T15:27:13","modified_gmt":"2016-08-12T13:27:13","slug":"el-conselh-generau-daran-preserva-la-cisterna-del-casteth-leon","status":"publish","type":"post","link":"https:\/\/www.conselharan.org\/ca\/el-conselh-generau-daran-preserva-la-cisterna-del-casteth-leon\/","title":{"rendered":"El Conselh Generau d\u2019Aran preserva la cisterna del Casteth Leon"},"content":{"rendered":"<p>\u2022<strong> La cisterna del Casteth Leon d\u2019Es B\u00f2rdes va ser desenterrada a les obres de prospecci\u00f3 arqueol\u00f2gica, deixant al descobert el morter de cal\u00e7 que cobreix els paraments interiors, per tal de garantir l\u2019estanquitat de la mateixa.<\/strong><\/p>\n<p>&nbsp;<\/p>\n<p><img loading=\"lazy\" decoding=\"async\" class=\"aligncenter size-full wp-image-13410\" src=\"http:\/\/www.conselharan.org\/wp-content\/uploads\/2016\/08\/casteth-leon3.jpg\" alt=\"casteth leon3\" width=\"360\" height=\"480\" srcset=\"https:\/\/www.conselharan.org\/wp-content\/uploads\/2016\/08\/casteth-leon3.jpg 360w, https:\/\/www.conselharan.org\/wp-content\/uploads\/2016\/08\/casteth-leon3-225x300.jpg 225w\" sizes=\"(max-width: 360px) 100vw, 360px\" \/><\/p>\n<p>&nbsp;<\/p>\n<p>En els darrers anys s\u2019han detectat actes de vandalisme, tirant pedres i altres objectes a l\u2019interior de la cisterna del Casteth Leon d\u2019Es B\u00f2rdes. Tamb\u00e9 part del propi mur de coronaci\u00f3 l\u2019han fet caure a l\u2019interior, desfent part de les arrencades del arc que encara eren en peu. Les inclem\u00e8ncies meteorol\u00f2giques tamb\u00e9 han causat danys.<\/p>\n<p>&nbsp;<\/p>\n<p><img loading=\"lazy\" decoding=\"async\" class=\"aligncenter size-full wp-image-13411\" src=\"http:\/\/www.conselharan.org\/wp-content\/uploads\/2016\/08\/casteth-leon4.jpg\" alt=\"casteth leon4\" width=\"360\" height=\"480\" srcset=\"https:\/\/www.conselharan.org\/wp-content\/uploads\/2016\/08\/casteth-leon4.jpg 360w, https:\/\/www.conselharan.org\/wp-content\/uploads\/2016\/08\/casteth-leon4-225x300.jpg 225w\" sizes=\"(max-width: 360px) 100vw, 360px\" \/><\/p>\n<p>&nbsp;<\/p>\n<p>Per protegir aquesta situaci\u00f3, el Conselh Generau d\u2019Aran, per mitj\u00e0 de l\u2019empresa Serveis Ambientals de la Val d\u2019Aran (<strong>SAVA S.L<\/strong>.), ha enterrat la cisterna amb sorra combinada amb sacs de roba d\u2019Arlita (argila expandida), per tal de facilitar les maniobres d\u2019enterrament i desenterrament futur si el dia de dem\u00e0 es volgu\u00e9s desenterrar, ja que la cisterna est\u00e0 a uns 70m del punt m\u00e9s pr\u00f2xim d\u2019acc\u00e9s rodat.<\/p>\n<p>&nbsp;<\/p>\n<p><img loading=\"lazy\" decoding=\"async\" class=\"aligncenter size-full wp-image-13407\" src=\"http:\/\/www.conselharan.org\/wp-content\/uploads\/2016\/08\/casteth-leon.jpg\" alt=\"casteth leon\" width=\"360\" height=\"480\" srcset=\"https:\/\/www.conselharan.org\/wp-content\/uploads\/2016\/08\/casteth-leon.jpg 360w, https:\/\/www.conselharan.org\/wp-content\/uploads\/2016\/08\/casteth-leon-225x300.jpg 225w\" sizes=\"(max-width: 360px) 100vw, 360px\" \/><\/p>\n<p>&nbsp;<\/p>\n<p>El sindic d\u2019Aran, <strong>Carlos Barrera<\/strong> ha manifestat \u201c<strong>amb aquesta acci\u00f3 la cisterna torna al seu estat anterior, ja s\u2019ha documentat el seu estat, ubicaci\u00f3, dimensions,&#8230; al cobrir-la es garanteix el seu manteniment com havia passat fins al moment de descobrir-la, tamb\u00e9 protegim els paraments interiors de la mateixa, incl\u00fas de les gelades\u201d.<\/strong><\/p>\n<p>&nbsp;<\/p>\n<p><img loading=\"lazy\" decoding=\"async\" class=\"aligncenter size-full wp-image-13412\" src=\"http:\/\/www.conselharan.org\/wp-content\/uploads\/2016\/08\/casteth-leon5.jpg\" alt=\"casteth leon5\" width=\"360\" height=\"480\" srcset=\"https:\/\/www.conselharan.org\/wp-content\/uploads\/2016\/08\/casteth-leon5.jpg 360w, https:\/\/www.conselharan.org\/wp-content\/uploads\/2016\/08\/casteth-leon5-225x300.jpg 225w\" sizes=\"(max-width: 360px) 100vw, 360px\" \/><\/p>\n<p>&nbsp;<\/p>\n<p>La cisterna del Casteth Leon d\u2019Es B\u00f2rdes va ser desenterrada a les obres de prospecci\u00f3 arqueol\u00f2gica, deixant al descobert el morter de cal\u00e7 que cobreix els paraments interiors, per tal de garantir l\u2019estanquitat de la mateixa.<\/p>\n<p>&nbsp;<\/p>\n<p><img loading=\"lazy\" decoding=\"async\" class=\"aligncenter size-full wp-image-13409\" src=\"http:\/\/www.conselharan.org\/wp-content\/uploads\/2016\/08\/casteth-leon2.jpg\" alt=\"casteth leon2\" width=\"640\" height=\"480\" srcset=\"https:\/\/www.conselharan.org\/wp-content\/uploads\/2016\/08\/casteth-leon2.jpg 640w, https:\/\/www.conselharan.org\/wp-content\/uploads\/2016\/08\/casteth-leon2-300x225.jpg 300w\" sizes=\"(max-width: 640px) 100vw, 640px\" \/><\/p>\n<p>&nbsp;<\/p>\n<p>El Casteth Leon es troba en un tur\u00f3 estrat\u00e8gicament situat sobre la conflu\u00e8ncia dels rius Garona i Joeu, va ser la principal fortificaci\u00f3 de la Val d\u2019Aran, des del 1283 quan va ser constru\u00efda pels francesos que sota les ordres d\u2019Eustaqui de Beaumarchais de Tolosa, van ocupar en aquest moment la Val d\u2019Aran i fins a la seva desfeta definitiva en el 1719.<\/p>\n<p>El castell va ser la seu del governador, representant militar i cap de l&#8217;administraci\u00f3 reial a l\u2019Aran. Al segle XVI, les guerres que Carles I i Felip II d\u2019Espanya van dur contra Fran\u00e7a, van convertir Casteth Leon en una de les m\u00e9s importants fortaleses de la frontera. Per aix\u00f2, el castell va ser objecte de diverses i molt importants obres. Al segle seg\u00fcent, en el curs de les guerres dels Segadors (1640-1652) i de Successi\u00f3 (1701-1715) el castell va ser escenari de lluites sagnants.<\/p>\n<p>&nbsp;<\/p>\n<p>&nbsp;<\/p>\n<p>&nbsp;<\/p>\n<p>Vielha, 12 d&#8217;agost de 2016<\/p>\n<p>&nbsp;<\/p>\n<p><em>Conselh Generau d&#8217;Aran: N\u00faria Sanjuan<\/em><\/p>\n ","protected":false},"excerpt":{"rendered":"<p>\u2022 La cisterna del Casteth Leon d\u2019Es B\u00f2rdes va ser desenterrada a les obres de prospecci\u00f3 arqueol\u00f2gica, deixant al descobert el morter de cal\u00e7 que cobreix els paraments interiors, per tal de garantir l\u2019estanquitat de la mateixa. &nbsp; &nbsp; En els darrers anys s\u2019han detectat actes de vandalisme, tirant pedres i altres objectes a l\u2019interior&#8230;<\/p>\n","protected":false},"author":2,"featured_media":13407,"comment_status":"closed","ping_status":"closed","sticky":false,"template":"","format":"standard","meta":{"footnotes":""},"categories":[53],"tags":[],"_links":{"self":[{"href":"https:\/\/www.conselharan.org\/ca\/wp-json\/wp\/v2\/posts\/13414"}],"collection":[{"href":"https:\/\/www.conselharan.org\/ca\/wp-json\/wp\/v2\/posts"}],"about":[{"href":"https:\/\/www.conselharan.org\/ca\/wp-json\/wp\/v2\/types\/post"}],"author":[{"embeddable":true,"href":"https:\/\/www.conselharan.org\/ca\/wp-json\/wp\/v2\/users\/2"}],"replies":[{"embeddable":true,"href":"https:\/\/www.conselharan.org\/ca\/wp-json\/wp\/v2\/comments?post=13414"}],"version-history":[{"count":1,"href":"https:\/\/www.conselharan.org\/ca\/wp-json\/wp\/v2\/posts\/13414\/revisions"}],"predecessor-version":[{"id":13415,"href":"https:\/\/www.conselharan.org\/ca\/wp-json\/wp\/v2\/posts\/13414\/revisions\/13415"}],"wp:featuredmedia":[{"embeddable":true,"href":"https:\/\/www.conselharan.org\/ca\/wp-json\/wp\/v2\/media\/13407"}],"wp:attachment":[{"href":"https:\/\/www.conselharan.org\/ca\/wp-json\/wp\/v2\/media?parent=13414"}],"wp:term":[{"taxonomy":"category","embeddable":true,"href":"https:\/\/www.conselharan.org\/ca\/wp-json\/wp\/v2\/categories?post=13414"},{"taxonomy":"post_tag","embeddable":true,"href":"https:\/\/www.conselharan.org\/ca\/wp-json\/wp\/v2\/tags?post=13414"}],"curies":[{"name":"wp","href":"https:\/\/api.w.org\/{rel}","templated":true}]}}