{"id":13423,"date":"2016-08-12T16:06:41","date_gmt":"2016-08-12T14:06:41","guid":{"rendered":"http:\/\/www.conselharan.org\/ca\/?p=13423"},"modified":"2016-08-12T16:06:41","modified_gmt":"2016-08-12T14:06:41","slug":"del-19-al-21-dagost-la-val-daran-acull-una-nova-edicio-de-la-fira-comercial-aran-market-a-vielha","status":"publish","type":"post","link":"https:\/\/www.conselharan.org\/ca\/del-19-al-21-dagost-la-val-daran-acull-una-nova-edicio-de-la-fira-comercial-aran-market-a-vielha\/","title":{"rendered":"Del 19 al 21 d&#8217;agost la Val d\u2019Aran acull una nova edici\u00f3 de la fira comercial Aran Market a Vielha"},"content":{"rendered":"<p>\u2022<strong> Diversos establiments aranesos exposaran els seus productes en la fira i\u00a0<\/strong><strong>es realitzaran diferents tallers.<\/strong><\/p>\n<p>&nbsp;<\/p>\n<p><img loading=\"lazy\" decoding=\"async\" class=\"aligncenter size-large wp-image-13421\" src=\"http:\/\/www.conselharan.org\/wp-content\/uploads\/2016\/08\/cartell-aran-market-2016-copia-865x1024.jpg\" alt=\"cartell aran market 2016 - copia\" width=\"865\" height=\"1024\" srcset=\"https:\/\/www.conselharan.org\/wp-content\/uploads\/2016\/08\/cartell-aran-market-2016-copia-865x1024.jpg 865w, https:\/\/www.conselharan.org\/wp-content\/uploads\/2016\/08\/cartell-aran-market-2016-copia-253x300.jpg 253w, https:\/\/www.conselharan.org\/wp-content\/uploads\/2016\/08\/cartell-aran-market-2016-copia-768x909.jpg 768w, https:\/\/www.conselharan.org\/wp-content\/uploads\/2016\/08\/cartell-aran-market-2016-copia.jpg 1748w\" sizes=\"(max-width: 865px) 100vw, 865px\" \/><\/p>\n<p>&nbsp;<\/p>\n<p>El Conselh Generau d\u2019Aran organitza una nova edici\u00f3 de la fira <strong>Aran Market, que tindr\u00e0 lloc a Vielha (Passeig de la Llibertat) del 19 al 21 d&#8217;agost<\/strong>. La fira pret\u00e9n promoure els diferents productes els comerciants de la Val d\u2019Aran.<\/p>\n<p>Enguany, 16 establiments trauran al carrer els seus productes per donar a con\u00e8ixer l&#8217;extensa varietat que ofereix el comer\u00e7 aran\u00e8s. En aquest sentit, hi hauran comerciants de roba, alimentaci\u00f3, souvenirs, complements, decoraci\u00f3, aix\u00ed com la pres\u00e8ncia de diversos artesans.<\/p>\n<p><strong>\u201cAran Market potencia el comer\u00e7 aran\u00e8s amb la pres\u00e8ncia de visitants al llarg de les diferents jornades que dura la fira\u201d<\/strong> comenta la conselh\u00e8ra de Turisme i Desenvolupament Econ\u00f2mic d\u2019Aran, <strong>Anna D\u00edaz.<\/strong><\/p>\n<p>Durant els tres dies de la fira hi hauran estands on es vendran els productes. A m\u00e9s, tamb\u00e9 es realitzaran diferents tallers duts a terme pels mateixos comerciants.<\/p>\n<p><strong>L&#8217;horari d&#8217;Aran Market ser\u00e0 d\u201911h00 a 21h00 ininterrompudament.<\/strong><\/p>\n<p>&nbsp;<\/p>\n<p><img loading=\"lazy\" decoding=\"async\" class=\"aligncenter size-large wp-image-13420\" src=\"http:\/\/www.conselharan.org\/wp-content\/uploads\/2016\/08\/cartell-aran-market-2016-361x1024.jpg\" alt=\"cartell aran market 2016\" width=\"361\" height=\"1024\" srcset=\"https:\/\/www.conselharan.org\/wp-content\/uploads\/2016\/08\/cartell-aran-market-2016-361x1024.jpg 361w, https:\/\/www.conselharan.org\/wp-content\/uploads\/2016\/08\/cartell-aran-market-2016-106x300.jpg 106w, https:\/\/www.conselharan.org\/wp-content\/uploads\/2016\/08\/cartell-aran-market-2016-768x2180.jpg 768w, https:\/\/www.conselharan.org\/wp-content\/uploads\/2016\/08\/cartell-aran-market-2016.jpg 1748w\" sizes=\"(max-width: 361px) 100vw, 361px\" \/><\/p>\n<p>&nbsp;<\/p>\n<p><strong>TALLERS D\u2019ARAN MARKET<\/strong><\/p>\n<p><strong>Divendres, 19 d&#8217;agost:<\/strong><\/p>\n<p>De 17h30 a 19h00:<\/p>\n<p>&#8211; Cata de vins, a c\u00e0rrec de Cava Beso<\/p>\n<p>&nbsp;<\/p>\n<p><strong>Dissabte, 20 d&#8217;agost:<\/strong><\/p>\n<p>De 17h30 a 19h00:<\/p>\n<p>&#8211; Massa de pizza!, a c\u00e0rrec de l\u2019obrador de La Guinda<\/p>\n<p>&#8211; Tractament facial, a c\u00e0rrec de Termes Baronia de Les<\/p>\n<p>&nbsp;<\/p>\n<p><strong>Diumenge, 21 d\u2019agost:<\/strong><\/p>\n<p>De 17h30 a 19h00:<\/p>\n<p>&#8211; Maquillatge infantil, a c\u00e0rrec de Kristina Nart<\/p>\n<p>&#8211; Fabrica les teves maraques amb material reciclat, a c\u00e0rrec de Dwayna artesania<\/p>\n<p>&#8211; Demostraci\u00f3 d\u2019elaboraci\u00f3 de cistelles, a c\u00e0rrec de T\u00f2n Leja<\/p>\n<p>&nbsp;<\/p>\n<p>&nbsp;<\/p>\n<p>&nbsp;<\/p>\n<p>Vielha, 12 d&#8217;agost de 2016<\/p>\n<p>&nbsp;<\/p>\n<p><em>Conselh Generau d&#8217;Aran: N\u00faria Sanjuan<\/em><\/p>\n ","protected":false},"excerpt":{"rendered":"<p>\u2022 Diversos establiments aranesos exposaran els seus productes en la fira i\u00a0es realitzaran diferents tallers. &nbsp; &nbsp; El Conselh Generau d\u2019Aran organitza una nova edici\u00f3 de la fira Aran Market, que tindr\u00e0 lloc a Vielha (Passeig de la Llibertat) del 19 al 21 d&#8217;agost. La fira pret\u00e9n promoure els diferents productes els comerciants de la&#8230;<\/p>\n","protected":false},"author":2,"featured_media":13421,"comment_status":"closed","ping_status":"closed","sticky":false,"template":"","format":"standard","meta":{"footnotes":""},"categories":[33],"tags":[],"_links":{"self":[{"href":"https:\/\/www.conselharan.org\/ca\/wp-json\/wp\/v2\/posts\/13423"}],"collection":[{"href":"https:\/\/www.conselharan.org\/ca\/wp-json\/wp\/v2\/posts"}],"about":[{"href":"https:\/\/www.conselharan.org\/ca\/wp-json\/wp\/v2\/types\/post"}],"author":[{"embeddable":true,"href":"https:\/\/www.conselharan.org\/ca\/wp-json\/wp\/v2\/users\/2"}],"replies":[{"embeddable":true,"href":"https:\/\/www.conselharan.org\/ca\/wp-json\/wp\/v2\/comments?post=13423"}],"version-history":[{"count":1,"href":"https:\/\/www.conselharan.org\/ca\/wp-json\/wp\/v2\/posts\/13423\/revisions"}],"predecessor-version":[{"id":13424,"href":"https:\/\/www.conselharan.org\/ca\/wp-json\/wp\/v2\/posts\/13423\/revisions\/13424"}],"wp:featuredmedia":[{"embeddable":true,"href":"https:\/\/www.conselharan.org\/ca\/wp-json\/wp\/v2\/media\/13421"}],"wp:attachment":[{"href":"https:\/\/www.conselharan.org\/ca\/wp-json\/wp\/v2\/media?parent=13423"}],"wp:term":[{"taxonomy":"category","embeddable":true,"href":"https:\/\/www.conselharan.org\/ca\/wp-json\/wp\/v2\/categories?post=13423"},{"taxonomy":"post_tag","embeddable":true,"href":"https:\/\/www.conselharan.org\/ca\/wp-json\/wp\/v2\/tags?post=13423"}],"curies":[{"name":"wp","href":"https:\/\/api.w.org\/{rel}","templated":true}]}}