{"id":13436,"date":"2016-08-16T09:22:40","date_gmt":"2016-08-16T07:22:40","guid":{"rendered":"http:\/\/www.conselharan.org\/ca\/?p=13436"},"modified":"2016-08-16T09:25:15","modified_gmt":"2016-08-16T07:25:15","slug":"arriba-la-iv-edicio-del-lesfun-al-poble-de-les","status":"publish","type":"post","link":"https:\/\/www.conselharan.org\/ca\/arriba-la-iv-edicio-del-lesfun-al-poble-de-les\/","title":{"rendered":"Arriba la IV edici\u00f3 del \u201cLES&#038;FUN\u201d al poble de Les"},"content":{"rendered":"<p>\u2022<strong> \u201cLes&amp;Fun\u201d \u00e9s una festa di\u00fcrna amb lleure, cultura i gastronomia, una cita amb diferents grups musicals en quatre escenaris i horaris diferents distribu\u00efts pel poble de Les amb m\u00fasica: flamenca, funk, rock, salsa,&#8230; .<\/strong><\/p>\n<p><strong>\u2022 Un any m\u00e9s hi haur\u00e0 el \u201cPetit Les&amp;Fun\u201d amb activitats infantils, aix\u00ed com diferents tallers, pallassos, pinta cares i Circ perqu\u00e8 nens i adults puguin gaudir d&#8217;aquesta idea tan original.<\/strong><\/p>\n<p><strong>\u2022 Com novetat, enguany a les 13h00 \u201cbarbacoa\u201d popular amb m\u00fasica en directe i jocs pels nens.<\/strong><\/p>\n<p>&nbsp;<\/p>\n<p><img loading=\"lazy\" decoding=\"async\" class=\"aligncenter size-full wp-image-13429\" src=\"http:\/\/www.conselharan.org\/wp-content\/uploads\/2016\/08\/LF-CARTEL-A3-ESPAN\u0303OL-2016_retoc.jpg\" alt=\"L&amp;F CARTEL A3 ESPAN\u0303OL 2016_retoc\" width=\"462\" height=\"640\" srcset=\"https:\/\/www.conselharan.org\/wp-content\/uploads\/2016\/08\/LF-CARTEL-A3-ESPAN\u0303OL-2016_retoc.jpg 462w, https:\/\/www.conselharan.org\/wp-content\/uploads\/2016\/08\/LF-CARTEL-A3-ESPAN\u0303OL-2016_retoc-217x300.jpg 217w\" sizes=\"(max-width: 462px) 100vw, 462px\" \/><\/p>\n<p>&nbsp;<\/p>\n<p>Aquest <strong>dissabte, dia 20 d\u2019agost<\/strong>, tindr\u00e0 lloc al poble de Les la quarta edici\u00f3 del festival <strong>\u201cLes&amp;Fun\u201d<\/strong> amb el seu ja conegut format de romeria musical al llarg de la vila pels seus escenaris m\u00edtics i establiments durant tot el dia fins a ben entrada la nit.<\/p>\n<p>\u201cLes&amp;Fun\u201d \u00e9s una festa di\u00fcrna amb lleure, cultura i gastronomia en un ambient saludable i un entorn natural. El concepte de romeria musical \u00e9s una cita amb diversos grups musicals (flamenc, funk, rock, salsa,&#8230;) en els quatre escenaris i horaris diferents distribu\u00efts pel poble per gaudir d&#8217;aquests paratges. Els grups actuaran d&#8217;un en un amb el que el p\u00fablic canviar\u00e0 de lloc. Al final del dia, la festa haur\u00e0 durat entre 10 i 12 hores.<\/p>\n<p>&nbsp;<\/p>\n<p><img loading=\"lazy\" decoding=\"async\" class=\"aligncenter size-full wp-image-13431\" src=\"http:\/\/www.conselharan.org\/wp-content\/uploads\/2016\/08\/LESFUNpgLES.jpg\" alt=\"LES&amp;FUNpgLES\" width=\"640\" height=\"427\" srcset=\"https:\/\/www.conselharan.org\/wp-content\/uploads\/2016\/08\/LESFUNpgLES.jpg 640w, https:\/\/www.conselharan.org\/wp-content\/uploads\/2016\/08\/LESFUNpgLES-300x200.jpg 300w\" sizes=\"(max-width: 640px) 100vw, 640px\" \/><\/p>\n<p>&nbsp;<\/p>\n<p>Cada escenari ser\u00e0 en un lloc diferent, on col\u2022laboraran locals del poble proporcionant menjar i begudes. Cal recordar que \u201cLes&amp;Fun\u201d \u00e9s l\u2019\u00fanic esdeveniment d\u2019aquestes caracter\u00edstiques que se celebra a la Val d\u2019Aran i atreu a p\u00fablic de la resta de la Val d\u2019Aran i de Fran\u00e7a.<\/p>\n<p>Enguany, com novetat a partir de les <strong>13h00<\/strong> hi haur\u00e0 una \u201c<strong>barbacoa\u201d popular<\/strong> amb m\u00fasica en directe i jocs pels nens.<\/p>\n<p>&nbsp;<\/p>\n<p><img loading=\"lazy\" decoding=\"async\" class=\"aligncenter size-large wp-image-13428\" src=\"http:\/\/www.conselharan.org\/wp-content\/uploads\/2016\/08\/LESFUN_7019-1024x684.jpg\" alt=\"LES&amp;FUN_7019\" width=\"1024\" height=\"684\" srcset=\"https:\/\/www.conselharan.org\/wp-content\/uploads\/2016\/08\/LESFUN_7019-1024x684.jpg 1024w, https:\/\/www.conselharan.org\/wp-content\/uploads\/2016\/08\/LESFUN_7019-300x200.jpg 300w, https:\/\/www.conselharan.org\/wp-content\/uploads\/2016\/08\/LESFUN_7019-768x513.jpg 768w\" sizes=\"(max-width: 1024px) 100vw, 1024px\" \/><\/p>\n<p>&nbsp;<\/p>\n<p>A m\u00e9s, com cada any el <strong>\u201cPetit Les&amp;Fun\u201d<\/strong> oferir\u00e0 activitats infantils, aix\u00ed com diferents tallers, pallassos, pinta cares i Circ perqu\u00e8 nens i adults puguin gaudir d&#8217;aquesta idea tan original.<\/p>\n<p>&nbsp;<\/p>\n<p><strong>\u201cLes&amp;Fun\u201d compta amb la col\u2022laboraci\u00f3 del Conselh Generau d\u2019Aran i de Foment Turisme Val d\u2019Aran.<\/strong><\/p>\n<p>&nbsp;<\/p>\n<p>M\u00e9s informaci\u00f3: <a href=\"https:\/\/www.facebook.com\/lesandfun\" target=\"_blank\"><strong>https:\/\/www.facebook.com\/lesandfun<\/strong><\/a><\/p>\n<p>&nbsp;<\/p>\n<p>&nbsp;<\/p>\n<p>&nbsp;<\/p>\n<p>Vielha, 16 d&#8217;agost de 2016<\/p>\n<p>&nbsp;<\/p>\n<p><em>Conselh Generau d&#8217;Aran: N\u00faria Sanjuan<\/em><\/p>\n ","protected":false},"excerpt":{"rendered":"<p>\u2022 \u201cLes&amp;Fun\u201d \u00e9s una festa di\u00fcrna amb lleure, cultura i gastronomia, una cita amb diferents grups musicals en quatre escenaris i horaris diferents distribu\u00efts pel poble de Les amb m\u00fasica: flamenca, funk, rock, salsa,&#8230; . \u2022 Un any m\u00e9s hi haur\u00e0 el \u201cPetit Les&amp;Fun\u201d amb activitats infantils, aix\u00ed com diferents tallers, pallassos, pinta cares i&#8230;<\/p>\n","protected":false},"author":2,"featured_media":13430,"comment_status":"closed","ping_status":"closed","sticky":false,"template":"","format":"standard","meta":{"footnotes":""},"categories":[33],"tags":[],"_links":{"self":[{"href":"https:\/\/www.conselharan.org\/ca\/wp-json\/wp\/v2\/posts\/13436"}],"collection":[{"href":"https:\/\/www.conselharan.org\/ca\/wp-json\/wp\/v2\/posts"}],"about":[{"href":"https:\/\/www.conselharan.org\/ca\/wp-json\/wp\/v2\/types\/post"}],"author":[{"embeddable":true,"href":"https:\/\/www.conselharan.org\/ca\/wp-json\/wp\/v2\/users\/2"}],"replies":[{"embeddable":true,"href":"https:\/\/www.conselharan.org\/ca\/wp-json\/wp\/v2\/comments?post=13436"}],"version-history":[{"count":1,"href":"https:\/\/www.conselharan.org\/ca\/wp-json\/wp\/v2\/posts\/13436\/revisions"}],"predecessor-version":[{"id":13437,"href":"https:\/\/www.conselharan.org\/ca\/wp-json\/wp\/v2\/posts\/13436\/revisions\/13437"}],"wp:featuredmedia":[{"embeddable":true,"href":"https:\/\/www.conselharan.org\/ca\/wp-json\/wp\/v2\/media\/13430"}],"wp:attachment":[{"href":"https:\/\/www.conselharan.org\/ca\/wp-json\/wp\/v2\/media?parent=13436"}],"wp:term":[{"taxonomy":"category","embeddable":true,"href":"https:\/\/www.conselharan.org\/ca\/wp-json\/wp\/v2\/categories?post=13436"},{"taxonomy":"post_tag","embeddable":true,"href":"https:\/\/www.conselharan.org\/ca\/wp-json\/wp\/v2\/tags?post=13436"}],"curies":[{"name":"wp","href":"https:\/\/api.w.org\/{rel}","templated":true}]}}