{"id":13445,"date":"2016-08-16T15:16:19","date_gmt":"2016-08-16T13:16:19","guid":{"rendered":"http:\/\/www.conselharan.org\/ca\/?p=13445"},"modified":"2016-08-16T15:18:40","modified_gmt":"2016-08-16T13:18:40","slug":"bausen-ret-homenatge-a-teresa-de-belana-en-el-centenari-de-la-seva-mort","status":"publish","type":"post","link":"https:\/\/www.conselharan.org\/ca\/bausen-ret-homenatge-a-teresa-de-belana-en-el-centenari-de-la-seva-mort\/","title":{"rendered":"Bausen ret homenatge a Teresa de Belana en el centenari de la seva mort"},"content":{"rendered":"<p><img loading=\"lazy\" decoding=\"async\" class=\"aligncenter size-full wp-image-13442\" src=\"http:\/\/www.conselharan.org\/wp-content\/uploads\/2016\/08\/amantes-bausen-1024x1024.jpg\" alt=\"amantes-bausen-1024x1024\" width=\"1024\" height=\"1024\" srcset=\"https:\/\/www.conselharan.org\/wp-content\/uploads\/2016\/08\/amantes-bausen-1024x1024.jpg 1024w, https:\/\/www.conselharan.org\/wp-content\/uploads\/2016\/08\/amantes-bausen-1024x1024-150x150.jpg 150w, https:\/\/www.conselharan.org\/wp-content\/uploads\/2016\/08\/amantes-bausen-1024x1024-300x300.jpg 300w, https:\/\/www.conselharan.org\/wp-content\/uploads\/2016\/08\/amantes-bausen-1024x1024-768x768.jpg 768w, https:\/\/www.conselharan.org\/wp-content\/uploads\/2016\/08\/amantes-bausen-1024x1024-270x270.jpg 270w, https:\/\/www.conselharan.org\/wp-content\/uploads\/2016\/08\/amantes-bausen-1024x1024-207x207.jpg 207w, https:\/\/www.conselharan.org\/wp-content\/uploads\/2016\/08\/amantes-bausen-1024x1024-75x75.jpg 75w\" sizes=\"(max-width: 1024px) 100vw, 1024px\" \/><\/p>\n<p>&nbsp;<\/p>\n<p>En els anys vint, dos joves de Bausen, <strong>Francisco de Doceta<\/strong> i <strong>Teresa de Belana<\/strong>, es van enamorar tan tendrament que van captivar als seus ve\u00efns, que admiraven profundament l&#8217;amor que els dos nuvis es professaven. Un dia van decidir casar-se, per\u00f2 el rector els va exigir una gran quantitat de diners com \u201cdispensa\u201d pel fet d&#8217;estar emparentats, encara que fos un parentiu lluny\u00e0, i no va cedir a les supliques dels dos enamorats. Aquests van decidir seguir amb el seu amor i viure junts, fins que Teresa va emmalaltir i va morir el 10 de maig de 1916, amb tan s\u00f2ls 33 anys, i tampoc llavors el rector va accedir a donar-li santa sepultura en el cementiri del poble. Davant la desesperaci\u00f3 d&#8217;ell i amb gran indignaci\u00f3, tots els ve\u00efns sense cap excepci\u00f3, van cavar una altra fossa i la van enterrar amb tota dignitat en el cementiri civil on reposa, i on cada any el fill fruit de l&#8217;amor que van viure diposita flors fresques.<\/p>\n<p>Aquest any s&#8217;han complert 100 anys de la mort de Teresa de Belana i el seu poble, Bausen, li ha rendit avui un c\u00e0lid homenatge.<\/p>\n<p>&nbsp;<\/p>\n<p><img loading=\"lazy\" decoding=\"async\" class=\"aligncenter size-large wp-image-13443\" src=\"http:\/\/www.conselharan.org\/wp-content\/uploads\/2016\/08\/DSC_0534-1024x723.jpg\" alt=\"DSC_0534\" width=\"1024\" height=\"723\" srcset=\"https:\/\/www.conselharan.org\/wp-content\/uploads\/2016\/08\/DSC_0534-1024x723.jpg 1024w, https:\/\/www.conselharan.org\/wp-content\/uploads\/2016\/08\/DSC_0534-300x212.jpg 300w, https:\/\/www.conselharan.org\/wp-content\/uploads\/2016\/08\/DSC_0534-768x542.jpg 768w\" sizes=\"(max-width: 1024px) 100vw, 1024px\" \/><\/p>\n<p>&nbsp;<\/p>\n<p>L&#8217;acte ha comptat amb la pres\u00e8ncia del sindic d\u2019Aran,<strong> Carlos Barrera<\/strong>, de l&#8217;alcaldessa de Bausen, <strong>Veronica Fontan<\/strong>, de la conselh\u00e8ra de Turisme i Desenvolupament Econ\u00f2mic d&#8217;Aran, <strong>Anna D\u00edaz<\/strong>, del conselh\u00e8r, <strong>Franc\u00e9s X. Boya<\/strong>, i de la conselh\u00e8ra, <strong>Maria Verg\u00e9s<\/strong>.<\/p>\n<p>&nbsp;<\/p>\n<p>&nbsp;<\/p>\n<p>&nbsp;<\/p>\n<p>Vielha, 16 d&#8217;agost de 2016<\/p>\n<p>&nbsp;<\/p>\n<p><em>Conselh Generau d&#8217;Aran: N\u00faria Sanjuan<\/em><\/p>\n ","protected":false},"excerpt":{"rendered":"<p>&nbsp; En els anys vint, dos joves de Bausen, Francisco de Doceta i Teresa de Belana, es van enamorar tan tendrament que van captivar als seus ve\u00efns, que admiraven profundament l&#8217;amor que els dos nuvis es professaven. Un dia van decidir casar-se, per\u00f2 el rector els va exigir una gran quantitat de diners com \u201cdispensa\u201d&#8230;<\/p>\n","protected":false},"author":2,"featured_media":13443,"comment_status":"closed","ping_status":"closed","sticky":false,"template":"","format":"standard","meta":{"footnotes":""},"categories":[33],"tags":[],"_links":{"self":[{"href":"https:\/\/www.conselharan.org\/ca\/wp-json\/wp\/v2\/posts\/13445"}],"collection":[{"href":"https:\/\/www.conselharan.org\/ca\/wp-json\/wp\/v2\/posts"}],"about":[{"href":"https:\/\/www.conselharan.org\/ca\/wp-json\/wp\/v2\/types\/post"}],"author":[{"embeddable":true,"href":"https:\/\/www.conselharan.org\/ca\/wp-json\/wp\/v2\/users\/2"}],"replies":[{"embeddable":true,"href":"https:\/\/www.conselharan.org\/ca\/wp-json\/wp\/v2\/comments?post=13445"}],"version-history":[{"count":2,"href":"https:\/\/www.conselharan.org\/ca\/wp-json\/wp\/v2\/posts\/13445\/revisions"}],"predecessor-version":[{"id":13449,"href":"https:\/\/www.conselharan.org\/ca\/wp-json\/wp\/v2\/posts\/13445\/revisions\/13449"}],"wp:featuredmedia":[{"embeddable":true,"href":"https:\/\/www.conselharan.org\/ca\/wp-json\/wp\/v2\/media\/13443"}],"wp:attachment":[{"href":"https:\/\/www.conselharan.org\/ca\/wp-json\/wp\/v2\/media?parent=13445"}],"wp:term":[{"taxonomy":"category","embeddable":true,"href":"https:\/\/www.conselharan.org\/ca\/wp-json\/wp\/v2\/categories?post=13445"},{"taxonomy":"post_tag","embeddable":true,"href":"https:\/\/www.conselharan.org\/ca\/wp-json\/wp\/v2\/tags?post=13445"}],"curies":[{"name":"wp","href":"https:\/\/api.w.org\/{rel}","templated":true}]}}