{"id":13468,"date":"2016-08-16T18:19:55","date_gmt":"2016-08-16T16:19:55","guid":{"rendered":"http:\/\/www.conselharan.org\/ca\/?p=13468"},"modified":"2016-08-17T14:36:27","modified_gmt":"2016-08-17T12:36:27","slug":"inauguracio-de-la-fira-dartesania-fet-a-ma-fet-aqui","status":"publish","type":"post","link":"https:\/\/www.conselharan.org\/ca\/inauguracio-de-la-fira-dartesania-fet-a-ma-fet-aqui\/","title":{"rendered":"La conselh\u00e8ra de Turisme i Desenvolupament Econ\u00f2mic d&#8217;Aran inaugura la fira d\u2019artesania \u201cFet a m\u00e0, fet aqu\u00ed\u201d"},"content":{"rendered":"<p><strong>\u2022 25 artesans i productors agroalimentaris de diferents sectors participen en la fira amb la venda de productes de la Val d\u2019Aran.<\/strong><\/p>\n<p><strong>\u2022 Durant les diferents jornades es realitzaran tallers i es celebrar\u00e0 una rifa d\u2019una cistella amb productes artesanals.<\/strong><\/p>\n<p>&nbsp;<\/p>\n<p><img loading=\"lazy\" decoding=\"async\" class=\"aligncenter size-large wp-image-13452\" src=\"http:\/\/www.conselharan.org\/wp-content\/uploads\/2016\/08\/DSC_0538-1024x685.jpg\" alt=\"DSC_0538\" width=\"1024\" height=\"685\" srcset=\"https:\/\/www.conselharan.org\/wp-content\/uploads\/2016\/08\/DSC_0538-1024x685.jpg 1024w, https:\/\/www.conselharan.org\/wp-content\/uploads\/2016\/08\/DSC_0538-300x201.jpg 300w, https:\/\/www.conselharan.org\/wp-content\/uploads\/2016\/08\/DSC_0538-768x514.jpg 768w\" sizes=\"(max-width: 1024px) 100vw, 1024px\" \/><\/p>\n<p>&nbsp;<\/p>\n<p>Avui la conselh\u00e8ra de Turisme i Desenvolupament Econ\u00f2mic d\u2019Aran, <strong>Anna D\u00edaz,<\/strong> acompanyada per l\u2019alcalde de Vielha e Mijaran, <strong>Juan Antonio Serrano,\u00a0<\/strong>ha inaugurat una nova edici\u00f3 de la fira \u201c<strong>Fet a m\u00e0, fet aqu\u00ed\u201d<\/strong>, que organitza el Conselh Generau d\u2019Aran, i que tindr\u00e0 lloc a <strong>Vielha (Passeig de la Llibertat) els dies 16, 17 i 18 d&#8217;agost de 10h30 a 14h30 i de 16h30 a 21h00<\/strong>. Es tracta d&#8217;una fira que enguany arriba a la seva VII ena edici\u00f3 i que t\u00e9 com objectiu promoure als artesans i els productes de la Val d\u2019Aran.<\/p>\n<p>&nbsp;<\/p>\n<p><img loading=\"lazy\" decoding=\"async\" class=\"aligncenter size-large wp-image-13453\" src=\"http:\/\/www.conselharan.org\/wp-content\/uploads\/2016\/08\/DSC_0540-1024x685.jpg\" alt=\"DSC_0540\" width=\"1024\" height=\"685\" srcset=\"https:\/\/www.conselharan.org\/wp-content\/uploads\/2016\/08\/DSC_0540-1024x685.jpg 1024w, https:\/\/www.conselharan.org\/wp-content\/uploads\/2016\/08\/DSC_0540-300x201.jpg 300w, https:\/\/www.conselharan.org\/wp-content\/uploads\/2016\/08\/DSC_0540-768x514.jpg 768w\" sizes=\"(max-width: 1024px) 100vw, 1024px\" \/><\/p>\n<p>&nbsp;<\/p>\n<p>Aquesta fira s\u2019organitza amb la col\u2022laboraci\u00f3 de la Diputaci\u00f3 de Lleida, Ajuntament de Vielha i Mijaran, Associaci\u00f3 d\u2019Artesans i Artistes de la Val d\u2019Aran, productors de la marca de garantia \u201cProductes de la Val d\u2019Aran\u201d i de l&#8217;Associaci\u00f3 de Cases de Pag\u00e8s a la Val d\u2019Aran.<\/p>\n<p>&nbsp;<\/p>\n<p><img loading=\"lazy\" decoding=\"async\" class=\"aligncenter size-large wp-image-13454\" src=\"http:\/\/www.conselharan.org\/wp-content\/uploads\/2016\/08\/DSC_0544-1024x685.jpg\" alt=\"DSC_0544\" width=\"1024\" height=\"685\" srcset=\"https:\/\/www.conselharan.org\/wp-content\/uploads\/2016\/08\/DSC_0544-1024x685.jpg 1024w, https:\/\/www.conselharan.org\/wp-content\/uploads\/2016\/08\/DSC_0544-300x201.jpg 300w, https:\/\/www.conselharan.org\/wp-content\/uploads\/2016\/08\/DSC_0544-768x514.jpg 768w\" sizes=\"(max-width: 1024px) 100vw, 1024px\" \/><\/p>\n<p>&nbsp;<\/p>\n<p>Enguany la fira compta amb un total de 25 artesans i productors agroalimentaris de diferents sectors: cistelles, vidre, cer\u00e0mica, bijuteria, sabons, t\u00e8xtil, rebosteria i begudes entre d\u2019altres. Una gran representaci\u00f3 de la producci\u00f3 artesanal que s&#8217;elabora a la Val d\u2019Aran.<\/p>\n<p>&nbsp;<\/p>\n<p><img loading=\"lazy\" decoding=\"async\" class=\"aligncenter size-large wp-image-13455\" src=\"http:\/\/www.conselharan.org\/wp-content\/uploads\/2016\/08\/DSC_0546-1024x685.jpg\" alt=\"DSC_0546\" width=\"1024\" height=\"685\" srcset=\"https:\/\/www.conselharan.org\/wp-content\/uploads\/2016\/08\/DSC_0546-1024x685.jpg 1024w, https:\/\/www.conselharan.org\/wp-content\/uploads\/2016\/08\/DSC_0546-300x201.jpg 300w, https:\/\/www.conselharan.org\/wp-content\/uploads\/2016\/08\/DSC_0546-768x514.jpg 768w\" sizes=\"(max-width: 1024px) 100vw, 1024px\" \/><\/p>\n<p>&nbsp;<\/p>\n<p><strong>\u201cAmb aquesta fira volem donar a con\u00e8ixer, tant als aranesos com a la gent que ens visita durant l&#8217;estiu, els diferents sectors artesanals de la m\u00e0 dels seus productors que representen una activitat important dins del comer\u00e7 local\u201d<\/strong> ha manifestat la conselh\u00e8ra de Turisme i Desenvolupament Econ\u00f2mic d\u2019Aran, <strong>Anna D\u00edaz.<\/strong><\/p>\n<p>&nbsp;<\/p>\n<p><img loading=\"lazy\" decoding=\"async\" class=\"aligncenter size-large wp-image-13456\" src=\"http:\/\/www.conselharan.org\/wp-content\/uploads\/2016\/08\/DSC_0549-1024x685.jpg\" alt=\"DSC_0549\" width=\"1024\" height=\"685\" srcset=\"https:\/\/www.conselharan.org\/wp-content\/uploads\/2016\/08\/DSC_0549-1024x685.jpg 1024w, https:\/\/www.conselharan.org\/wp-content\/uploads\/2016\/08\/DSC_0549-300x201.jpg 300w, https:\/\/www.conselharan.org\/wp-content\/uploads\/2016\/08\/DSC_0549-768x514.jpg 768w\" sizes=\"(max-width: 1024px) 100vw, 1024px\" \/><\/p>\n<p>&nbsp;<\/p>\n<p>Durant els 3 dies, els visitants a la fira podran apropar-se als estands per comprar els productes. A m\u00e9s, per les tardes, podran gaudir de diferents tallers i demostracions a c\u00e0rrec dels mateixos artesans.<\/p>\n<p>&nbsp;<\/p>\n<p><img loading=\"lazy\" decoding=\"async\" class=\"aligncenter size-large wp-image-13457\" src=\"http:\/\/www.conselharan.org\/wp-content\/uploads\/2016\/08\/DSC_0551-1024x685.jpg\" alt=\"DSC_0551\" width=\"1024\" height=\"685\" srcset=\"https:\/\/www.conselharan.org\/wp-content\/uploads\/2016\/08\/DSC_0551-1024x685.jpg 1024w, https:\/\/www.conselharan.org\/wp-content\/uploads\/2016\/08\/DSC_0551-300x201.jpg 300w, https:\/\/www.conselharan.org\/wp-content\/uploads\/2016\/08\/DSC_0551-768x514.jpg 768w\" sizes=\"(max-width: 1024px) 100vw, 1024px\" \/><\/p>\n<p>&nbsp;<\/p>\n<p>Al final de la fira, <strong>el diumenge 18 d\u2019agost, a les 20h00, es realitzar\u00e0 la rifa d&#8217;una cistella completa amb productes de tots els artesans que participen<\/strong> i que inclou tamb\u00e9 un cap de setmana en una de les cases de pag\u00e8s de la Val d\u2019Aran.<\/p>\n<p>&nbsp;<\/p>\n<p><img loading=\"lazy\" decoding=\"async\" class=\"aligncenter size-large wp-image-13459\" src=\"http:\/\/www.conselharan.org\/wp-content\/uploads\/2016\/08\/DSC_0556-1024x685.jpg\" alt=\"DSC_0556\" width=\"1024\" height=\"685\" srcset=\"https:\/\/www.conselharan.org\/wp-content\/uploads\/2016\/08\/DSC_0556-1024x685.jpg 1024w, https:\/\/www.conselharan.org\/wp-content\/uploads\/2016\/08\/DSC_0556-300x201.jpg 300w, https:\/\/www.conselharan.org\/wp-content\/uploads\/2016\/08\/DSC_0556-768x514.jpg 768w\" sizes=\"(max-width: 1024px) 100vw, 1024px\" \/><\/p>\n<p><img loading=\"lazy\" decoding=\"async\" class=\"aligncenter size-large wp-image-13460\" src=\"http:\/\/www.conselharan.org\/wp-content\/uploads\/2016\/08\/DSC_0561-1024x685.jpg\" alt=\"DSC_0561\" width=\"1024\" height=\"685\" srcset=\"https:\/\/www.conselharan.org\/wp-content\/uploads\/2016\/08\/DSC_0561-1024x685.jpg 1024w, https:\/\/www.conselharan.org\/wp-content\/uploads\/2016\/08\/DSC_0561-300x201.jpg 300w, https:\/\/www.conselharan.org\/wp-content\/uploads\/2016\/08\/DSC_0561-768x514.jpg 768w\" sizes=\"(max-width: 1024px) 100vw, 1024px\" \/><\/p>\n<p><img loading=\"lazy\" decoding=\"async\" class=\"aligncenter size-large wp-image-13461\" src=\"http:\/\/www.conselharan.org\/wp-content\/uploads\/2016\/08\/DSC_0562-1024x685.jpg\" alt=\"DSC_0562\" width=\"1024\" height=\"685\" srcset=\"https:\/\/www.conselharan.org\/wp-content\/uploads\/2016\/08\/DSC_0562-1024x685.jpg 1024w, https:\/\/www.conselharan.org\/wp-content\/uploads\/2016\/08\/DSC_0562-300x201.jpg 300w, https:\/\/www.conselharan.org\/wp-content\/uploads\/2016\/08\/DSC_0562-768x514.jpg 768w\" sizes=\"(max-width: 1024px) 100vw, 1024px\" \/><\/p>\n<p><img loading=\"lazy\" decoding=\"async\" class=\"aligncenter size-large wp-image-13462\" src=\"http:\/\/www.conselharan.org\/wp-content\/uploads\/2016\/08\/DSC_0566-1024x685.jpg\" alt=\"DSC_0566\" width=\"1024\" height=\"685\" srcset=\"https:\/\/www.conselharan.org\/wp-content\/uploads\/2016\/08\/DSC_0566-1024x685.jpg 1024w, https:\/\/www.conselharan.org\/wp-content\/uploads\/2016\/08\/DSC_0566-300x201.jpg 300w, https:\/\/www.conselharan.org\/wp-content\/uploads\/2016\/08\/DSC_0566-768x514.jpg 768w\" sizes=\"(max-width: 1024px) 100vw, 1024px\" \/><\/p>\n<p><img loading=\"lazy\" decoding=\"async\" class=\"aligncenter size-large wp-image-13463\" src=\"http:\/\/www.conselharan.org\/wp-content\/uploads\/2016\/08\/DSC_0570-1024x685.jpg\" alt=\"DSC_0570\" width=\"1024\" height=\"685\" srcset=\"https:\/\/www.conselharan.org\/wp-content\/uploads\/2016\/08\/DSC_0570-1024x685.jpg 1024w, https:\/\/www.conselharan.org\/wp-content\/uploads\/2016\/08\/DSC_0570-300x201.jpg 300w, https:\/\/www.conselharan.org\/wp-content\/uploads\/2016\/08\/DSC_0570-768x514.jpg 768w\" sizes=\"(max-width: 1024px) 100vw, 1024px\" \/><\/p>\n<p><img loading=\"lazy\" decoding=\"async\" class=\"aligncenter size-large wp-image-13464\" src=\"http:\/\/www.conselharan.org\/wp-content\/uploads\/2016\/08\/DSC_0576-1024x685.jpg\" alt=\"DSC_0576\" width=\"1024\" height=\"685\" srcset=\"https:\/\/www.conselharan.org\/wp-content\/uploads\/2016\/08\/DSC_0576-1024x685.jpg 1024w, https:\/\/www.conselharan.org\/wp-content\/uploads\/2016\/08\/DSC_0576-300x201.jpg 300w, https:\/\/www.conselharan.org\/wp-content\/uploads\/2016\/08\/DSC_0576-768x514.jpg 768w\" sizes=\"(max-width: 1024px) 100vw, 1024px\" \/><\/p>\n<p><img loading=\"lazy\" decoding=\"async\" class=\"aligncenter size-large wp-image-13465\" src=\"http:\/\/www.conselharan.org\/wp-content\/uploads\/2016\/08\/DSC_0580-1024x685.jpg\" alt=\"DSC_0580\" width=\"1024\" height=\"685\" srcset=\"https:\/\/www.conselharan.org\/wp-content\/uploads\/2016\/08\/DSC_0580-1024x685.jpg 1024w, https:\/\/www.conselharan.org\/wp-content\/uploads\/2016\/08\/DSC_0580-300x201.jpg 300w, https:\/\/www.conselharan.org\/wp-content\/uploads\/2016\/08\/DSC_0580-768x514.jpg 768w\" sizes=\"(max-width: 1024px) 100vw, 1024px\" \/><\/p>\n<p><img loading=\"lazy\" decoding=\"async\" class=\"aligncenter size-large wp-image-13466\" src=\"http:\/\/www.conselharan.org\/wp-content\/uploads\/2016\/08\/DSC_0585-1024x685.jpg\" alt=\"DSC_0585\" width=\"1024\" height=\"685\" srcset=\"https:\/\/www.conselharan.org\/wp-content\/uploads\/2016\/08\/DSC_0585-1024x685.jpg 1024w, https:\/\/www.conselharan.org\/wp-content\/uploads\/2016\/08\/DSC_0585-300x201.jpg 300w, https:\/\/www.conselharan.org\/wp-content\/uploads\/2016\/08\/DSC_0585-768x514.jpg 768w\" sizes=\"(max-width: 1024px) 100vw, 1024px\" \/><\/p>\n<p><img loading=\"lazy\" decoding=\"async\" class=\"aligncenter size-large wp-image-13467\" src=\"http:\/\/www.conselharan.org\/wp-content\/uploads\/2016\/08\/DSC_0592-1024x685.jpg\" alt=\"DSC_0592\" width=\"1024\" height=\"685\" srcset=\"https:\/\/www.conselharan.org\/wp-content\/uploads\/2016\/08\/DSC_0592-1024x685.jpg 1024w, https:\/\/www.conselharan.org\/wp-content\/uploads\/2016\/08\/DSC_0592-300x201.jpg 300w, https:\/\/www.conselharan.org\/wp-content\/uploads\/2016\/08\/DSC_0592-768x514.jpg 768w\" sizes=\"(max-width: 1024px) 100vw, 1024px\" \/><\/p>\n<p>&nbsp;<\/p>\n<p><em><strong>TALLERS DE \u201cFET A M\u00c0, FET AQU\u00cd\u201d<\/strong><\/em><\/p>\n<p><strong>\u2022 De 17h30 a 19h00:<\/strong><\/p>\n<p>&nbsp;<\/p>\n<p><strong>Dimarts, 16 d&#8217;agost:<\/strong><\/p>\n<p>&#8211; Elabora la teva pasta dents, a c\u00e0rrec del Jardin des hades.<\/p>\n<p>&#8211; Demostraci\u00f3 d\u2019elaboraci\u00f3 d\u2019una cabana amb fibres vegetals, a c\u00e0rrec de Pa\u00e8rs Bausen.<\/p>\n<p>&#8211; Fem una targeta sorpresa!, a c\u00e0rrec d\u2019Alicia Mitjans.<\/p>\n<p>&nbsp;<\/p>\n<p><strong>Dimecres, 17 d&#8217;agost:<\/strong><\/p>\n<p>&#8211; Decora i pinta la teva caixeta, a c\u00e0rrec d\u2019Olga Zubatii.<\/p>\n<p>&#8211; Taller de bombes i sals de bany, a c\u00e0rrec de Sabons Care\u00e7a.<\/p>\n<p>&#8211; Taller de papallones, a c\u00e0rrec de Berd e Blu.<\/p>\n<p>&nbsp;<\/p>\n<p><strong>Dijous, 18 d\u2019agost:<\/strong><\/p>\n<p>&#8211; Telar Art\u00edstic, a c\u00e0rrec del Taller t\u00e8xtil de Bausen.<\/p>\n<p>&#8211; Taller de clauers i bra\u00e7alets de macram\u00e9, a c\u00e0rrec de Baobab artesania.<\/p>\n<p>&nbsp;<\/p>\n<p>&nbsp;<\/p>\n<p>&nbsp;<\/p>\n<p>Vielha, 16 d&#8217;agost de 2016<\/p>\n<p>&nbsp;<\/p>\n<p><em>Conselh Generau d&#8217;Aran: N\u00faria Sanjuan<\/em><\/p>\n ","protected":false},"excerpt":{"rendered":"<p>\u2022 25 artesans i productors agroalimentaris de diferents sectors participen en la fira amb la venda de productes de la Val d\u2019Aran. \u2022 Durant les diferents jornades es realitzaran tallers i es celebrar\u00e0 una rifa d\u2019una cistella amb productes artesanals. &nbsp; &nbsp; Avui la conselh\u00e8ra de Turisme i Desenvolupament Econ\u00f2mic d\u2019Aran, Anna D\u00edaz, acompanyada per&#8230;<\/p>\n","protected":false},"author":2,"featured_media":13460,"comment_status":"closed","ping_status":"closed","sticky":false,"template":"","format":"standard","meta":{"footnotes":""},"categories":[53],"tags":[],"_links":{"self":[{"href":"https:\/\/www.conselharan.org\/ca\/wp-json\/wp\/v2\/posts\/13468"}],"collection":[{"href":"https:\/\/www.conselharan.org\/ca\/wp-json\/wp\/v2\/posts"}],"about":[{"href":"https:\/\/www.conselharan.org\/ca\/wp-json\/wp\/v2\/types\/post"}],"author":[{"embeddable":true,"href":"https:\/\/www.conselharan.org\/ca\/wp-json\/wp\/v2\/users\/2"}],"replies":[{"embeddable":true,"href":"https:\/\/www.conselharan.org\/ca\/wp-json\/wp\/v2\/comments?post=13468"}],"version-history":[{"count":2,"href":"https:\/\/www.conselharan.org\/ca\/wp-json\/wp\/v2\/posts\/13468\/revisions"}],"predecessor-version":[{"id":13470,"href":"https:\/\/www.conselharan.org\/ca\/wp-json\/wp\/v2\/posts\/13468\/revisions\/13470"}],"wp:featuredmedia":[{"embeddable":true,"href":"https:\/\/www.conselharan.org\/ca\/wp-json\/wp\/v2\/media\/13460"}],"wp:attachment":[{"href":"https:\/\/www.conselharan.org\/ca\/wp-json\/wp\/v2\/media?parent=13468"}],"wp:term":[{"taxonomy":"category","embeddable":true,"href":"https:\/\/www.conselharan.org\/ca\/wp-json\/wp\/v2\/categories?post=13468"},{"taxonomy":"post_tag","embeddable":true,"href":"https:\/\/www.conselharan.org\/ca\/wp-json\/wp\/v2\/tags?post=13468"}],"curies":[{"name":"wp","href":"https:\/\/api.w.org\/{rel}","templated":true}]}}