{"id":13531,"date":"2016-08-18T13:07:10","date_gmt":"2016-08-18T11:07:10","guid":{"rendered":"http:\/\/www.conselharan.org\/ca\/?p=13531"},"modified":"2016-08-18T14:16:48","modified_gmt":"2016-08-18T12:16:48","slug":"el-conselh-generau-condiciona-la-pista-dacces-a-la-mina-victoria","status":"publish","type":"post","link":"https:\/\/www.conselharan.org\/ca\/el-conselh-generau-condiciona-la-pista-dacces-a-la-mina-victoria\/","title":{"rendered":"El Conselh Generau condiciona la pista d\u2019acc\u00e9s a la Mina Victoria"},"content":{"rendered":"<p><strong>Queda restablert l&#8217;acc\u00e9s a la Mina Victoria a tots els vehicles, tant turismes com a 4&#215;4.<\/strong><\/p>\n<p>&nbsp;<\/p>\n<p><img loading=\"lazy\" decoding=\"async\" class=\"aligncenter size-large wp-image-13551\" src=\"http:\/\/www.conselharan.org\/wp-content\/uploads\/2016\/08\/IMG_8318-1024x768.jpg\" alt=\"IMG_8318\" width=\"1024\" height=\"768\" srcset=\"https:\/\/www.conselharan.org\/wp-content\/uploads\/2016\/08\/IMG_8318-1024x768.jpg 1024w, https:\/\/www.conselharan.org\/wp-content\/uploads\/2016\/08\/IMG_8318-300x225.jpg 300w, https:\/\/www.conselharan.org\/wp-content\/uploads\/2016\/08\/IMG_8318-768x576.jpg 768w\" sizes=\"(max-width: 1024px) 100vw, 1024px\" \/><\/p>\n<p>&nbsp;<\/p>\n<p>El Conselh Generau d\u2019Aran, a trav\u00e9s de l&#8217;empresa Serveis Ambientals de la Val d\u2019Aran S. L. (<strong>S.A.V.A S.L<\/strong>), ha dut a terme el condicionament de la pista d&#8217;acc\u00e9s a la Mina Victoria des del poble d&#8217;Arres fins a la bassa d&#8217;Arres i ara ja poden accedir tant turismes com a 4&#215;4.<\/p>\n<p>El conselh\u00e8r d&#8217;Agricultura, Ramaderia i Medi Natural d&#8217;Aran, <strong>Jose Enrique Arr\u00f3<\/strong>, ha explicat <strong>\u201cla Mina Victoria est\u00e0 integrada a la xarxa muse\u00edstica de la Val d\u2019Aran i amb aquestes obres facilitem i garantim l&#8217;acc\u00e9s a un dels paratges m\u00e9s concorreguts del nostre pa\u00eds en aquestes \u00e8poques de l&#8217;any\u201d.<\/strong><\/p>\n<p>La Val d\u00b4Aran ha estat hist\u00f2ricament una zona d&#8217;extracci\u00f3 de minerals. A principis del segle XX es va iniciar l&#8217;explotaci\u00f3 del mineral de zinc a la zona d&#8217;Arres i de Boss\u00f2st.<\/p>\n<p>L&#8217;any 1912, la Mina Victoria ja estava en plena explotaci\u00f3, i s\u2019extreia al voltant de vuitanta tones de mineral brut per dia, i es va posar en funcionament un safareig de minerals a Boss\u00f2st. En la mina treballaven entre 100 i 150 persones, repartides entre l&#8217;interior i l&#8217;exterior de les galeries.<\/p>\n<p>En esclatar la Guerra Civil (1936-1939), es van suspendre els treballs. En 1949 es va reiniciar l&#8217;explotaci\u00f3, fins l\u2019any 1953, quan la baixada del preu del zinc i la falta de m\u00e0 d&#8217;obra van provocar el tancament definitiu de les mines.<\/p>\n<p>&nbsp;<\/p>\n<p><img loading=\"lazy\" decoding=\"async\" class=\"aligncenter size-full wp-image-13529\" src=\"http:\/\/www.conselharan.org\/wp-content\/uploads\/2016\/08\/Mina_Victoria.jpg\" alt=\"Mina_Victoria\" width=\"640\" height=\"480\" srcset=\"https:\/\/www.conselharan.org\/wp-content\/uploads\/2016\/08\/Mina_Victoria.jpg 640w, https:\/\/www.conselharan.org\/wp-content\/uploads\/2016\/08\/Mina_Victoria-300x225.jpg 300w\" sizes=\"(max-width: 640px) 100vw, 640px\" \/><\/p>\n<p>&nbsp;<\/p>\n<p><strong>Informaci\u00f3 sobre l&#8217;itinerari Mina Victoria:<\/strong><\/p>\n<ul>\n<li>Ruta a peu<\/li>\n<\/ul>\n<p>Dist\u00e0ncia: 3 km<br \/>\nDurada: 2-3 hores<\/p>\n<p>La visita guiada inclou l&#8217;entrada a les galeries.<\/p>\n<ul>\n<li>Serveis:<\/li>\n<\/ul>\n<p>Centre de visitants, visites guiades, zones de p\u00edcnic.<\/p>\n<p><strong>HORARIS:<\/strong><\/p>\n<p>Fins a l&#8217;11 de setembre: Tots els dies de 11h00 a 15h00<\/p>\n<p>Tarifa: 3 \u20ac<\/p>\n<p>&nbsp;<\/p>\n<p><strong>M\u00e9s informaci\u00f3:<\/strong><\/p>\n<p>MUS\u00c8U DERA VAL D\u2019ARAN<br \/>\nTel. 973 641815<br \/>\n<a href=\"mailto:info.museu@aran.org\" target=\"_blank\">info.museu@aran.org<\/a><\/p>\n<p>&nbsp;<\/p>\n<p>&nbsp;<\/p>\n<p>&nbsp;<\/p>\n<p>Vielha, 18 d&#8217;agost de 2016<\/p>\n<p>&nbsp;<\/p>\n<p><em>Conselh Generau d&#8217;Aran: N\u00faria Sanjuan<\/em><\/p>\n ","protected":false},"excerpt":{"rendered":"<p>Queda restablert l&#8217;acc\u00e9s a la Mina Victoria a tots els vehicles, tant turismes com a 4&#215;4. &nbsp; &nbsp; El Conselh Generau d\u2019Aran, a trav\u00e9s de l&#8217;empresa Serveis Ambientals de la Val d\u2019Aran S. L. (S.A.V.A S.L), ha dut a terme el condicionament de la pista d&#8217;acc\u00e9s a la Mina Victoria des del poble d&#8217;Arres fins&#8230;<\/p>\n","protected":false},"author":2,"featured_media":13551,"comment_status":"closed","ping_status":"closed","sticky":false,"template":"","format":"standard","meta":{"footnotes":""},"categories":[53,127],"tags":[],"_links":{"self":[{"href":"https:\/\/www.conselharan.org\/ca\/wp-json\/wp\/v2\/posts\/13531"}],"collection":[{"href":"https:\/\/www.conselharan.org\/ca\/wp-json\/wp\/v2\/posts"}],"about":[{"href":"https:\/\/www.conselharan.org\/ca\/wp-json\/wp\/v2\/types\/post"}],"author":[{"embeddable":true,"href":"https:\/\/www.conselharan.org\/ca\/wp-json\/wp\/v2\/users\/2"}],"replies":[{"embeddable":true,"href":"https:\/\/www.conselharan.org\/ca\/wp-json\/wp\/v2\/comments?post=13531"}],"version-history":[{"count":2,"href":"https:\/\/www.conselharan.org\/ca\/wp-json\/wp\/v2\/posts\/13531\/revisions"}],"predecessor-version":[{"id":13553,"href":"https:\/\/www.conselharan.org\/ca\/wp-json\/wp\/v2\/posts\/13531\/revisions\/13553"}],"wp:featuredmedia":[{"embeddable":true,"href":"https:\/\/www.conselharan.org\/ca\/wp-json\/wp\/v2\/media\/13551"}],"wp:attachment":[{"href":"https:\/\/www.conselharan.org\/ca\/wp-json\/wp\/v2\/media?parent=13531"}],"wp:term":[{"taxonomy":"category","embeddable":true,"href":"https:\/\/www.conselharan.org\/ca\/wp-json\/wp\/v2\/categories?post=13531"},{"taxonomy":"post_tag","embeddable":true,"href":"https:\/\/www.conselharan.org\/ca\/wp-json\/wp\/v2\/tags?post=13531"}],"curies":[{"name":"wp","href":"https:\/\/api.w.org\/{rel}","templated":true}]}}