{"id":13615,"date":"2016-08-19T11:42:36","date_gmt":"2016-08-19T09:42:36","guid":{"rendered":"http:\/\/www.conselharan.org\/ca\/?p=13615"},"modified":"2016-08-19T11:42:36","modified_gmt":"2016-08-19T09:42:36","slug":"el-petit-museu-de-lescola-darros-en-la-xarxa-dels-museus-de-la-val-daran","status":"publish","type":"post","link":"https:\/\/www.conselharan.org\/ca\/el-petit-museu-de-lescola-darros-en-la-xarxa-dels-museus-de-la-val-daran\/","title":{"rendered":"El Petit Museu de l\u2019Escola d\u2019Arr\u00f2s en la xarxa dels Museus de la Val d\u2019Aran"},"content":{"rendered":"<p><strong>El Conselh Generau d\u2019Aran, a trav\u00e9s de Museus de la Val d\u2019Aran i l&#8217;Arxiu General d\u2019Aran, d\u00f3na suport a aquesta iniciativa de l&#8217;Entitat Municipal Descentralitzada d\u2019Arr\u00f2s i Vila<\/strong><\/p>\n<p>&nbsp;<\/p>\n<p><img loading=\"lazy\" decoding=\"async\" class=\"aligncenter size-large wp-image-13613\" src=\"http:\/\/www.conselharan.org\/wp-content\/uploads\/2016\/08\/petit-mus\u00e8u-esc\u00f2la1-1024x683.jpg\" alt=\"petit mus\u00e8u esc\u00f2la1\" width=\"1024\" height=\"683\" srcset=\"https:\/\/www.conselharan.org\/wp-content\/uploads\/2016\/08\/petit-mus\u00e8u-esc\u00f2la1-1024x683.jpg 1024w, https:\/\/www.conselharan.org\/wp-content\/uploads\/2016\/08\/petit-mus\u00e8u-esc\u00f2la1-300x200.jpg 300w, https:\/\/www.conselharan.org\/wp-content\/uploads\/2016\/08\/petit-mus\u00e8u-esc\u00f2la1-768x512.jpg 768w\" sizes=\"(max-width: 1024px) 100vw, 1024px\" \/><\/p>\n<p>&nbsp;<\/p>\n<p>El &#8220;<strong>Petit Museu de l&#8217;Escola<\/strong>&#8221; \u00e9s una iniciativa de l&#8217;EMD d\u2019Arr\u00f2s i Vila que vol donar a con\u00e8ixer com era una escola rural a un poble de la Val d\u2019Aran. El mobiliari, com els vells pupitres, els mapes, la pissarra i el material escolar que es mostren es va recuperar de la vella escola del poble de Vila abans de la seva demolici\u00f3.<\/p>\n<p>&nbsp;<\/p>\n<p><img loading=\"lazy\" decoding=\"async\" class=\"aligncenter size-large wp-image-13612\" src=\"http:\/\/www.conselharan.org\/wp-content\/uploads\/2016\/08\/petit-mus\u00e8u-esc\u00f2la-1024x683.jpg\" alt=\"petit mus\u00e8u esc\u00f2la\" width=\"1024\" height=\"683\" srcset=\"https:\/\/www.conselharan.org\/wp-content\/uploads\/2016\/08\/petit-mus\u00e8u-esc\u00f2la-1024x683.jpg 1024w, https:\/\/www.conselharan.org\/wp-content\/uploads\/2016\/08\/petit-mus\u00e8u-esc\u00f2la-300x200.jpg 300w, https:\/\/www.conselharan.org\/wp-content\/uploads\/2016\/08\/petit-mus\u00e8u-esc\u00f2la-768x512.jpg 768w\" sizes=\"(max-width: 1024px) 100vw, 1024px\" \/><\/p>\n<p>&nbsp;<\/p>\n<p>En el municipi d\u2019Arr\u00f2s i Vila hi havia dues escoles. La primera es trobava situada a la Casa del Senyor d\u2019Arr\u00f2s, actual seu de l&#8217;Arxiu General d\u2019Aran, i la segona a un edifici del poble de Vila. Aquestes van funcionar fins al curs escolar 1974-1975. A partir d\u2019aquest moment els alumnes van anar a estudiar a Vielha.<\/p>\n<p>Els interessats en visitar-lo s\u2019han de dirigir a l&#8217;Arxiu General d\u2019Aran (Arr\u00f2s) on se&#8217;ls informar\u00e0 sobre els dies i hores de visita o en el tel\u00e8fon: 973 64 25 69.<\/p>\n<p>&nbsp;<\/p>\n<p>&nbsp;<\/p>\n<p>&nbsp;<\/p>\n<p>Vielha, 19 d&#8217;agost de 2016<\/p>\n<p>&nbsp;<\/p>\n<p><em>Conselh Generau d&#8217;Aran: N\u00faria Sanjuan<\/em><\/p>\n ","protected":false},"excerpt":{"rendered":"<p>El Conselh Generau d\u2019Aran, a trav\u00e9s de Museus de la Val d\u2019Aran i l&#8217;Arxiu General d\u2019Aran, d\u00f3na suport a aquesta iniciativa de l&#8217;Entitat Municipal Descentralitzada d\u2019Arr\u00f2s i Vila &nbsp; &nbsp; El &#8220;Petit Museu de l&#8217;Escola&#8221; \u00e9s una iniciativa de l&#8217;EMD d\u2019Arr\u00f2s i Vila que vol donar a con\u00e8ixer com era una escola rural a un&#8230;<\/p>\n","protected":false},"author":2,"featured_media":13612,"comment_status":"closed","ping_status":"closed","sticky":false,"template":"","format":"standard","meta":{"footnotes":""},"categories":[33],"tags":[],"_links":{"self":[{"href":"https:\/\/www.conselharan.org\/ca\/wp-json\/wp\/v2\/posts\/13615"}],"collection":[{"href":"https:\/\/www.conselharan.org\/ca\/wp-json\/wp\/v2\/posts"}],"about":[{"href":"https:\/\/www.conselharan.org\/ca\/wp-json\/wp\/v2\/types\/post"}],"author":[{"embeddable":true,"href":"https:\/\/www.conselharan.org\/ca\/wp-json\/wp\/v2\/users\/2"}],"replies":[{"embeddable":true,"href":"https:\/\/www.conselharan.org\/ca\/wp-json\/wp\/v2\/comments?post=13615"}],"version-history":[{"count":1,"href":"https:\/\/www.conselharan.org\/ca\/wp-json\/wp\/v2\/posts\/13615\/revisions"}],"predecessor-version":[{"id":13616,"href":"https:\/\/www.conselharan.org\/ca\/wp-json\/wp\/v2\/posts\/13615\/revisions\/13616"}],"wp:featuredmedia":[{"embeddable":true,"href":"https:\/\/www.conselharan.org\/ca\/wp-json\/wp\/v2\/media\/13612"}],"wp:attachment":[{"href":"https:\/\/www.conselharan.org\/ca\/wp-json\/wp\/v2\/media?parent=13615"}],"wp:term":[{"taxonomy":"category","embeddable":true,"href":"https:\/\/www.conselharan.org\/ca\/wp-json\/wp\/v2\/categories?post=13615"},{"taxonomy":"post_tag","embeddable":true,"href":"https:\/\/www.conselharan.org\/ca\/wp-json\/wp\/v2\/tags?post=13615"}],"curies":[{"name":"wp","href":"https:\/\/api.w.org\/{rel}","templated":true}]}}