{"id":13672,"date":"2016-08-23T15:01:05","date_gmt":"2016-08-23T13:01:05","guid":{"rendered":"http:\/\/www.conselharan.org\/ca\/?p=13672"},"modified":"2016-08-24T13:50:41","modified_gmt":"2016-08-24T11:50:41","slug":"el-conselh-generau-daran-rehabilita-la-coberta-de-laltar-i-de-la-sagristia-de-lesglesia-de-montgarri","status":"publish","type":"post","link":"https:\/\/www.conselharan.org\/ca\/el-conselh-generau-daran-rehabilita-la-coberta-de-laltar-i-de-la-sagristia-de-lesglesia-de-montgarri\/","title":{"rendered":"El Conselh Generau d\u2019Aran rehabilita la coberta de l\u2019altar i de la sagristia de l\u2019esgl\u00e9sia de Montgarri"},"content":{"rendered":"<ul>\n<li><strong>El Santuari de Montgarri, al Naut Aran, est\u00e0 situat tocant el riu Noguera Pallaresa, al vessant sud de les muntanyes d\u2019Es Bandol\u00e8rs.<\/strong><\/li>\n<\/ul>\n<p><img loading=\"lazy\" decoding=\"async\" class=\"aligncenter size-large wp-image-13670\" src=\"http:\/\/www.conselharan.org\/wp-content\/uploads\/2016\/08\/montgarri-1024x768.jpg\" alt=\"montgarri\" width=\"1024\" height=\"768\" srcset=\"https:\/\/www.conselharan.org\/wp-content\/uploads\/2016\/08\/montgarri-1024x768.jpg 1024w, https:\/\/www.conselharan.org\/wp-content\/uploads\/2016\/08\/montgarri-300x225.jpg 300w, https:\/\/www.conselharan.org\/wp-content\/uploads\/2016\/08\/montgarri-768x576.jpg 768w\" sizes=\"(max-width: 1024px) 100vw, 1024px\" \/><\/p>\n<p>&nbsp;<\/p>\n<p>El Conselh Generau d\u2019Aran ha rehabilitat la coberta de l\u2019absis de l\u2019esgl\u00e9sia de Montgarri que es trobava amb varies patologies a:<\/p>\n<p>&#8211; La coberta sobre altar i sagristia<\/p>\n<p>&#8211; La coberta entrega torre campanar<\/p>\n<p>&#8211; Manca de drenatge<\/p>\n<p>&#8211; Esquerdes a la fa\u00e7ana<\/p>\n<p>&#8211; Campanar<\/p>\n<p>&#8211; Paviment interior<\/p>\n<p>&#8211; Altar<\/p>\n<p><strong>Carlos Barrera<\/strong>, sindic d\u2019Aran, ha manifestat \u201c<strong>el problema \u00e9s que hi havia una pala que donava al mur de l\u2019esgl\u00e9sia i acumulava neu que causava humitats a l\u2019estructura de fusta. Amb aquesta obra s\u2019ha modificat la pala i no s\u2019acumular\u00e0 neu.\u201d<\/strong><\/p>\n<p>El Conselh Generau d\u2019Aran ha finan\u00e7at la quantitat de 29.999\u20ac a trav\u00e9s d\u2019una part de la subvenci\u00f3 global que entrega la Diputaci\u00f3 de Lleida per la conservaci\u00f3 del patrimoni cultural i art\u00edstic d\u2019Aran. El Santuari de Montgarri ha finan\u00e7at l&#8217;altra part de l&#8217;obra amb un cost de 24.237,41\u20ac.<\/p>\n<p>La primitiva esgl\u00e9sia de Montgarri va ser constru\u00efda el segle XII. Entre els segles XVI i XVII es va construir una esgl\u00e9sia molt m\u00e9s gran i al costat t\u00e9 diverses edificacions corresponents a l\u2019antic hospital, la rectoria i la casa de l\u2019administrador. La fundaci\u00f3 del santuari es remunta a principis del segle XII.<\/p>\n<p>Amb el temps, vora del santuari es van bastir edificis amb una missi\u00f3 d\u2019hospital de muntanya, que equivalia a refugi de transe\u00fcnts. Entre el segle XVI i XVII el com\u00fa de Gessa amb diners de la venda del terme va bastir l\u2019esgl\u00e9sia, la rectoria adjunta (o casa dels vicaris), la vivenda dels arrendataris, un hospital o edifici d\u2019apartaments per allotjar els viatgers i una basta granja amb els corrals pel bestiar propietat del Santuari.<\/p>\n<p>Tots aquests edificis es disposaven entorn d\u2019una pla\u00e7a quadrangular, de manera que formaven un conjunt compacte, accessible per un portal.<\/p>\n<p>En l\u2019actualitat d\u2019aquelles construccions, a part del Santuari, pr\u00e0cticament nom\u00e9s queda en peu l\u2019alberg, una casa. Dins del Santuari trobem una pica baptismal per immersi\u00f3 esculpida sobre un bloc de pedra de granit i de forma prism\u00e0tica.<\/p>\n<p>El santuari ha estat un dels centres de devoci\u00f3 m\u00e9s importants del territori i rodalies, tant de Catalunya com del costat franc\u00e8s. L\u2019actual edifici va ser bastit al segle XVI encara que hi ha inscripcions vora el portal de 1634, i en el campanar de 1671 i 1695. Punt tradicional de concentraci\u00f3 de les ramades del Pla de Beret.<\/p>\n<p>&nbsp;<\/p>\n<p>&nbsp;<\/p>\n<p>&nbsp;<\/p>\n<p>Vielha, 23 d&#8217;agost de 2016<\/p>\n<p>&nbsp;<\/p>\n<p><em>Conselh Generau d&#8217;Aran: N\u00faria Sanjuan<\/em><\/p>\n ","protected":false},"excerpt":{"rendered":"<p>El Santuari de Montgarri, al Naut Aran, est\u00e0 situat tocant el riu Noguera Pallaresa, al vessant sud de les muntanyes d\u2019Es Bandol\u00e8rs. &nbsp; El Conselh Generau d\u2019Aran ha rehabilitat la coberta de l\u2019absis de l\u2019esgl\u00e9sia de Montgarri que es trobava amb varies patologies a: &#8211; La coberta sobre altar i sagristia &#8211; La coberta entrega&#8230;<\/p>\n","protected":false},"author":2,"featured_media":13670,"comment_status":"closed","ping_status":"closed","sticky":false,"template":"","format":"standard","meta":{"footnotes":""},"categories":[53],"tags":[],"_links":{"self":[{"href":"https:\/\/www.conselharan.org\/ca\/wp-json\/wp\/v2\/posts\/13672"}],"collection":[{"href":"https:\/\/www.conselharan.org\/ca\/wp-json\/wp\/v2\/posts"}],"about":[{"href":"https:\/\/www.conselharan.org\/ca\/wp-json\/wp\/v2\/types\/post"}],"author":[{"embeddable":true,"href":"https:\/\/www.conselharan.org\/ca\/wp-json\/wp\/v2\/users\/2"}],"replies":[{"embeddable":true,"href":"https:\/\/www.conselharan.org\/ca\/wp-json\/wp\/v2\/comments?post=13672"}],"version-history":[{"count":5,"href":"https:\/\/www.conselharan.org\/ca\/wp-json\/wp\/v2\/posts\/13672\/revisions"}],"predecessor-version":[{"id":13684,"href":"https:\/\/www.conselharan.org\/ca\/wp-json\/wp\/v2\/posts\/13672\/revisions\/13684"}],"wp:featuredmedia":[{"embeddable":true,"href":"https:\/\/www.conselharan.org\/ca\/wp-json\/wp\/v2\/media\/13670"}],"wp:attachment":[{"href":"https:\/\/www.conselharan.org\/ca\/wp-json\/wp\/v2\/media?parent=13672"}],"wp:term":[{"taxonomy":"category","embeddable":true,"href":"https:\/\/www.conselharan.org\/ca\/wp-json\/wp\/v2\/categories?post=13672"},{"taxonomy":"post_tag","embeddable":true,"href":"https:\/\/www.conselharan.org\/ca\/wp-json\/wp\/v2\/tags?post=13672"}],"curies":[{"name":"wp","href":"https:\/\/api.w.org\/{rel}","templated":true}]}}