{"id":13784,"date":"2016-09-02T12:17:32","date_gmt":"2016-09-02T10:17:32","guid":{"rendered":"http:\/\/www.conselharan.org\/ca\/?p=13784"},"modified":"2016-09-02T12:17:58","modified_gmt":"2016-09-02T10:17:58","slug":"la-val-daran-augmenta-locupacio-turistica-en-un-5-mes-que-lany-2015","status":"publish","type":"post","link":"https:\/\/www.conselharan.org\/ca\/la-val-daran-augmenta-locupacio-turistica-en-un-5-mes-que-lany-2015\/","title":{"rendered":"La Val d\u2019Aran augmenta l\u2019ocupaci\u00f3 tur\u00edstica en un 5% m\u00e9s que l\u2019any 2015"},"content":{"rendered":"<p><strong>La Val d\u2019Aran segueix creixent tur\u00edsticament a l\u2019estiu.<\/strong><\/p>\n<p>&nbsp;<\/p>\n<p><img loading=\"lazy\" decoding=\"async\" class=\"aligncenter size-large wp-image-13782\" src=\"http:\/\/www.conselharan.org\/wp-content\/uploads\/2016\/09\/DSC_0997-1024x685.jpg\" alt=\"DSC_0997\" width=\"1024\" height=\"685\" srcset=\"https:\/\/www.conselharan.org\/wp-content\/uploads\/2016\/09\/DSC_0997-1024x685.jpg 1024w, https:\/\/www.conselharan.org\/wp-content\/uploads\/2016\/09\/DSC_0997-300x201.jpg 300w, https:\/\/www.conselharan.org\/wp-content\/uploads\/2016\/09\/DSC_0997-768x514.jpg 768w\" sizes=\"(max-width: 1024px) 100vw, 1024px\" \/><\/p>\n<p>La conselh\u00e8ra de Turisme i Desenvolupament econ\u00f2mic d\u2019Aran, <strong>Anna D\u00edaz<\/strong>, ha fet un balan\u00e7 de la temporada d\u2019estiu a la Val d\u2019Aran on a registrat un increment de 5 punts respecte a l\u2019any 2015 i 13 punts m\u00e9s que l\u2019any 2014 en quant a ocupaci\u00f3 hotelera.<\/p>\n<p>Pel que fa a segones resid\u00e8ncies, restaurants i comer\u00e7os estimem que han incrementat la seva activitat en quasi un 10%.<\/p>\n<p>Quant al servei d&#8217;informaci\u00f3 i acollida del visitant, les oficines de turisme han at\u00e8s a m\u00e9s de 45.000 turistes.<\/p>\n<p><strong>Pont de Sant Joan- Festes del Foc Patrimoni de la Humanitat<\/strong><\/p>\n<p>La temporada d\u2019estiu va comen\u00e7ar amb el pont de Sant Joan al mes de juny que aquest any coincidia amb la declaraci\u00f3 per la Unesco de les festes del Foc (Arties i Les) com a patrimoni de la Humanitat. El mes de juny, la Val d\u2019Aran va registrar un augment de 9 punts respecte a l\u2019any 2015.<br \/>\nSortida d\u2019una etapa del Tour de Fran\u00e7a.<\/p>\n<p>El mes de juliol, la Val d\u2019Aran va acollir la sortida d\u2019una de les etapes del Tour de Fran\u00e7a cosa que va permetre incrementar l\u2019ocupaci\u00f3 a la Val d\u2019Aran, on nom\u00e9s aquell cap de setmana, del 8 al 10 de juliol, l\u2019ocupaci\u00f3 va ser d\u2019un 95,4% i l\u2019impacte econ\u00f2mic total en pernoctacions, restaurants, comer\u00e7os,&#8230; va ser d\u20191,2 milions.<\/p>\n<p>&nbsp;<\/p>\n<p><strong>Prova Pilot Trenet de l\u2019Artiga de Lin<\/strong><\/p>\n<p>Aquest any s\u2019ha realitzat una prova pilot a l\u2019Artiga de Lin amb limitaci\u00f3 d\u2019acc\u00e9s motoritzat a un dels paratges m\u00e9s emblem\u00e0tics i concorreguts durant l\u2019estiu a la Val d\u2019Aran on es dona l\u2019opci\u00f3 de pujar a peu o b\u00e9 amb un trenet. El tram delimitat \u00e9s de 2,8Km de 09h30 a 18h30 fins el 12 de setembre.<\/p>\n<p>En aquest acc\u00e9s hi ha un punt d\u2019informaci\u00f3 on del 27 de juliol al 31 d\u2019agost s\u2019han at\u00e8s a m\u00e9s de 20.000 persones.<\/p>\n<p>Amb aquest aprova pilot s\u2019ha evitat que uns 8.500 cotxes passessin per aquest tram de pista.<\/p>\n<p>En paraules de la conselh\u00e8ra de Turisme i Desenvolupament Econ\u00f2mic d\u2019Aran, <strong>Anna D\u00edaz, \u201cla Val d\u2019Aran ha estat reconeguda com una destinaci\u00f3 sostenible i responsable per les Nacions Unides i vam considerar que amb aquesta prova pilot del trenet la gent pot gaudir del paratge sense aflu\u00e8ncies de cotxes i a m\u00e9s, sens dubte s\u2019ha guanyat en qualitat medi ambiental\u201d.<\/strong><\/p>\n<p><strong>Aiguamoix- Banys de Tred\u00f2s: acc\u00e9s a Colomers<\/strong><\/p>\n<p>Pel que fa a l\u2019acc\u00e9s a Colomers, on des de fa anys l\u2019acc\u00e9s motoritzat tamb\u00e9 est\u00e0 restringit, al punt d\u2019informaci\u00f3 s\u2019han at\u00e8s a 13.900 persones i l\u2019any 2015 van atendre: 8.212 persones.<\/p>\n<p>&nbsp;<\/p>\n<p><strong>Aran Park<\/strong> i les activitats de <strong>R\u00e0fting<\/strong> i <strong>Aran Natura<\/strong>, han registrat un entre un 8% i un 15% m\u00e9s d\u2019activitat.<\/p>\n<p>En quant a <strong>Baqueira<\/strong>, amb el telecadira de Blanhiblar obert, a obtingut un 10% m\u00e9s de visites principalment el mes d\u2019agost.<\/p>\n<p>&nbsp;<\/p>\n<p><strong>Cursa 15 pobles<\/strong><\/p>\n<p>La cursa dels 15 pobles, que aquest any ha celebrat la seva XX edici\u00f3, s\u2019ha consolidat com un esdeveniment esportiu familiar.<\/p>\n<p>Enguany ha comptat amb 500 inscrits, i un 65% dels inscrits ha estat gent de fora de la Val d\u2019Aran procedents del Pa\u00eds Basc, Catalunya, Val\u00e8ncia i Fran\u00e7a.<\/p>\n<p>En paraules de la conselh\u00e8ra, <strong>Anna D\u00edaz, \u201ccom a novetat per aquesta tardor s\u2019ha senyalitzat la ruta dels 21km per tal que tothom que vulgui fer aquest recorregut ho pugui fer durant tot l\u2019any, ja sigui per entrenar o per gaudir del senderisme\u201d.<\/strong><\/p>\n<p>&nbsp;<\/p>\n<p><strong>Web de Turisme Val d\u2019Aran i xarxes socials<\/strong><\/p>\n<p>La web de Turisme Val d\u2019Aran ha incrementat les visites respecte a l\u2019any 2015 en un 58%, destacant la proced\u00e8ncia de Barcelona o Par\u00eds.<\/p>\n<p>Pel que fa a xarxes socials, Facebook ha incrementat un 33%, Twitter un 24% i Instagram un 351%.<\/p>\n<p>&nbsp;<\/p>\n<p><strong>Inici temporada de tardor<\/strong><\/p>\n<p>A partir de mitjans de setembre, la Val d\u2019Aran comen\u00e7ar\u00e0 a agafar els colors de la tardor un altre punt d\u2019atracci\u00f3 tur\u00edstica que juntament amb la recollida de bolets poden donar tamb\u00e9 bones xifres tur\u00edstiques.<\/p>\n<p>Tamb\u00e9 s\u2019est\u00e0 treballant en la promoci\u00f3 de la temporada d\u2019hivern 2016-17 amb campanyes tant a nivell nacional com internacionals.<\/p>\n<p>La conselh\u00e8ra<strong> Anna D\u00edaz<\/strong> ha subratllat que \u201c<strong>la Val d\u2019Aran destaca per oferir a l\u2019estiu un ampli ventall d&#8217;activitats dirigides al turisme familiar, senderisme i BTT, i les xifres demostren que cada vegada m\u00e9s s\u2019est\u00e0 desestacionalitzant el turisme\u201d.<\/strong><\/p>\n<p>&nbsp;<\/p>\n<p>&nbsp;<\/p>\n<p>&nbsp;<\/p>\n<p>Vielha, 2 de setembre de 2016<\/p>\n<p>&nbsp;<\/p>\n<p><em>Conselh Generau d&#8217;Aran: N\u00faria Sanjuan\u00a0<\/em><\/p>\n ","protected":false},"excerpt":{"rendered":"<p>La Val d\u2019Aran segueix creixent tur\u00edsticament a l\u2019estiu. &nbsp; La conselh\u00e8ra de Turisme i Desenvolupament econ\u00f2mic d\u2019Aran, Anna D\u00edaz, ha fet un balan\u00e7 de la temporada d\u2019estiu a la Val d\u2019Aran on a registrat un increment de 5 punts respecte a l\u2019any 2015 i 13 punts m\u00e9s que l\u2019any 2014 en quant a ocupaci\u00f3 hotelera&#8230;.<\/p>\n","protected":false},"author":2,"featured_media":13782,"comment_status":"closed","ping_status":"closed","sticky":false,"template":"","format":"standard","meta":{"footnotes":""},"categories":[53],"tags":[],"_links":{"self":[{"href":"https:\/\/www.conselharan.org\/ca\/wp-json\/wp\/v2\/posts\/13784"}],"collection":[{"href":"https:\/\/www.conselharan.org\/ca\/wp-json\/wp\/v2\/posts"}],"about":[{"href":"https:\/\/www.conselharan.org\/ca\/wp-json\/wp\/v2\/types\/post"}],"author":[{"embeddable":true,"href":"https:\/\/www.conselharan.org\/ca\/wp-json\/wp\/v2\/users\/2"}],"replies":[{"embeddable":true,"href":"https:\/\/www.conselharan.org\/ca\/wp-json\/wp\/v2\/comments?post=13784"}],"version-history":[{"count":1,"href":"https:\/\/www.conselharan.org\/ca\/wp-json\/wp\/v2\/posts\/13784\/revisions"}],"predecessor-version":[{"id":13785,"href":"https:\/\/www.conselharan.org\/ca\/wp-json\/wp\/v2\/posts\/13784\/revisions\/13785"}],"wp:featuredmedia":[{"embeddable":true,"href":"https:\/\/www.conselharan.org\/ca\/wp-json\/wp\/v2\/media\/13782"}],"wp:attachment":[{"href":"https:\/\/www.conselharan.org\/ca\/wp-json\/wp\/v2\/media?parent=13784"}],"wp:term":[{"taxonomy":"category","embeddable":true,"href":"https:\/\/www.conselharan.org\/ca\/wp-json\/wp\/v2\/categories?post=13784"},{"taxonomy":"post_tag","embeddable":true,"href":"https:\/\/www.conselharan.org\/ca\/wp-json\/wp\/v2\/tags?post=13784"}],"curies":[{"name":"wp","href":"https:\/\/api.w.org\/{rel}","templated":true}]}}