{"id":13807,"date":"2016-09-05T14:04:04","date_gmt":"2016-09-05T12:04:04","guid":{"rendered":"http:\/\/www.conselharan.org\/ca\/daurissen-4-airaus-de-picnic-dera-val-daran\/"},"modified":"2016-09-06T12:17:01","modified_gmt":"2016-09-06T10:17:01","slug":"daurissen-4-airaus-de-picnic-dera-val-daran","status":"publish","type":"post","link":"https:\/\/www.conselharan.org\/ca\/daurissen-4-airaus-de-picnic-dera-val-daran\/","title":{"rendered":"Obren 4 \u00e0rees de picnic de la Val d\u2019Aran"},"content":{"rendered":"<p><img loading=\"lazy\" decoding=\"async\" class=\"aligncenter size-large wp-image-13804\" src=\"http:\/\/www.conselharan.org\/wp-content\/uploads\/2016\/09\/barbacoa-1024x685.jpg\" alt=\"barbacoa\" width=\"1024\" height=\"685\" srcset=\"https:\/\/www.conselharan.org\/wp-content\/uploads\/2016\/09\/barbacoa-1024x685.jpg 1024w, https:\/\/www.conselharan.org\/wp-content\/uploads\/2016\/09\/barbacoa-300x201.jpg 300w, https:\/\/www.conselharan.org\/wp-content\/uploads\/2016\/09\/barbacoa-768x514.jpg 768w, https:\/\/www.conselharan.org\/wp-content\/uploads\/2016\/09\/barbacoa.jpg 2048w\" sizes=\"(max-width: 1024px) 100vw, 1024px\" \/><\/p>\n<p>&nbsp;<\/p>\n<p>Degut al risc de foc per les altes temperatures, els Agents de Medi Natural d&#8217;Aran van precintar a finals d&#8217;agost totes les \u00e0rees de picnic de la Val d&#8217;Aran per tal que la gent no fes foc.<\/p>\n<p>El conselh\u00e8r d&#8217;Agricultura, Ramaderia i Medi Natural d&#8217;Aran, <strong>Jose Enrique Arr\u00f3<\/strong>, comunica que ja s&#8217;han obert quatre \u00e0rees de picnic i es pot fer foc en les seves corresponents barbacoes:<\/p>\n<p>&#8211; Palanca del Planhot (direcci\u00f3 Artiga de Lin)<br \/>\n&#8211; Pla Batalh\u00e8r<br \/>\n&#8211; Prat de Ponilh (Valarties)<br \/>\n&#8211; Conangles<\/p>\n<p>La resta d&#8217;\u00e0rees de picnics segueixen precintades.<\/p>\n<p>&nbsp;<\/p>\n<p>&nbsp;<\/p>\n<p>&nbsp;<\/p>\n<p>Vielha, 5 de setembre de 2016<\/p>\n<p>&nbsp;<\/p>\n<p><em>Conselh Generau d&#8217;Aran: N\u00faria Sanjuan<\/em><\/p>\n ","protected":false},"excerpt":{"rendered":"<p>&nbsp; Degut al risc de foc per les altes temperatures, els Agents de Medi Natural d&#8217;Aran van precintar a finals d&#8217;agost totes les \u00e0rees de picnic de la Val d&#8217;Aran per tal que la gent no fes foc. El conselh\u00e8r d&#8217;Agricultura, Ramaderia i Medi Natural d&#8217;Aran, Jose Enrique Arr\u00f3, comunica que ja s&#8217;han obert quatre&#8230;<\/p>\n","protected":false},"author":2,"featured_media":13804,"comment_status":"closed","ping_status":"closed","sticky":false,"template":"","format":"standard","meta":{"footnotes":""},"categories":[53,127],"tags":[],"_links":{"self":[{"href":"https:\/\/www.conselharan.org\/ca\/wp-json\/wp\/v2\/posts\/13807"}],"collection":[{"href":"https:\/\/www.conselharan.org\/ca\/wp-json\/wp\/v2\/posts"}],"about":[{"href":"https:\/\/www.conselharan.org\/ca\/wp-json\/wp\/v2\/types\/post"}],"author":[{"embeddable":true,"href":"https:\/\/www.conselharan.org\/ca\/wp-json\/wp\/v2\/users\/2"}],"replies":[{"embeddable":true,"href":"https:\/\/www.conselharan.org\/ca\/wp-json\/wp\/v2\/comments?post=13807"}],"version-history":[{"count":5,"href":"https:\/\/www.conselharan.org\/ca\/wp-json\/wp\/v2\/posts\/13807\/revisions"}],"predecessor-version":[{"id":13823,"href":"https:\/\/www.conselharan.org\/ca\/wp-json\/wp\/v2\/posts\/13807\/revisions\/13823"}],"wp:featuredmedia":[{"embeddable":true,"href":"https:\/\/www.conselharan.org\/ca\/wp-json\/wp\/v2\/media\/13804"}],"wp:attachment":[{"href":"https:\/\/www.conselharan.org\/ca\/wp-json\/wp\/v2\/media?parent=13807"}],"wp:term":[{"taxonomy":"category","embeddable":true,"href":"https:\/\/www.conselharan.org\/ca\/wp-json\/wp\/v2\/categories?post=13807"},{"taxonomy":"post_tag","embeddable":true,"href":"https:\/\/www.conselharan.org\/ca\/wp-json\/wp\/v2\/tags?post=13807"}],"curies":[{"name":"wp","href":"https:\/\/api.w.org\/{rel}","templated":true}]}}