{"id":13818,"date":"2016-09-06T11:39:06","date_gmt":"2016-09-06T09:39:06","guid":{"rendered":"http:\/\/www.conselharan.org\/ca\/?p=13818"},"modified":"2016-09-06T11:45:16","modified_gmt":"2016-09-06T09:45:16","slug":"sortida-per-coneixer-millor-els-ambients-aquatics-de-la-val-daran","status":"publish","type":"post","link":"https:\/\/www.conselharan.org\/ca\/sortida-per-coneixer-millor-els-ambients-aquatics-de-la-val-daran\/","title":{"rendered":"Sortida per con\u00e8ixer millor els ambients aqu\u00e0tics de la Val d\u2019Aran"},"content":{"rendered":"<p><strong>\u2022 La sortida tindr\u00e0 lloc aquest dissabte, dia 10 de setembre, al Pla de Beret.<\/strong><\/p>\n<p><strong>\u2022 Per la inscripci\u00f3, nom\u00e9s cal enviar un mail amb les vostres dades a: <a href=\"mailto:c.madruga@aran.org\" target=\"_blank\">c.madruga@aran.org<\/a> o telefonant al Conselh Generau d\u2019Aran, tel. 973 64 18 01, i demanar per Cristina Madruga.<\/strong><\/p>\n<p>&nbsp;<\/p>\n<p><img loading=\"lazy\" decoding=\"async\" class=\"aligncenter size-large wp-image-13816\" src=\"http:\/\/www.conselharan.org\/wp-content\/uploads\/2016\/09\/panneu_vegetacion_molleres-1024x768.jpg\" alt=\"panneu_vegetacion_molleres\" width=\"1024\" height=\"768\" srcset=\"https:\/\/www.conselharan.org\/wp-content\/uploads\/2016\/09\/panneu_vegetacion_molleres-1024x768.jpg 1024w, https:\/\/www.conselharan.org\/wp-content\/uploads\/2016\/09\/panneu_vegetacion_molleres-300x225.jpg 300w, https:\/\/www.conselharan.org\/wp-content\/uploads\/2016\/09\/panneu_vegetacion_molleres-768x576.jpg 768w\" sizes=\"(max-width: 1024px) 100vw, 1024px\" \/><\/p>\n<p>&nbsp;<\/p>\n<p>El <strong>Departament d\u2019Agricultura, Ramaderia i Medi Natural<\/strong> del Conselh Generau d\u2019Aran, ha organitzat pel proper dissabte, dia 10 de setembre, una sortida per con\u00e8ixer millor la vegetaci\u00f3 dels ambients aqu\u00e0tics de muntanya del nostre territori.<\/p>\n<p>La sortida anir\u00e0 a c\u00e0rrec del grup de Geobot\u00e0nica i Cartografia de la vegetaci\u00f3 de la Universitat de Barcelona i s\u2019emmarca dins del projecte <strong>LIFE + NATURA LIMNOPIRINEUS<\/strong>, del qual el Conselh Generau d\u2019Aran forma part.<\/p>\n<p>Aquesta sortida s\u2019adre\u00e7a a aquelles persones que tinguin inter\u00e8s en ampliar el seu coneixement en el medi natural, i no cal tenir coneixements previs sobre les mat\u00e8ries. Per la inscripci\u00f3, nom\u00e9s cal enviar un mail amb les vostres dades a: <a href=\"mailto:c.madruga@aran.org\" target=\"_blank\">c.madruga@aran.org <\/a>o telefonant al Conselh Generau d\u2019Aran, tel. 973 64 18 01, i demanar per Cristina Madruga.<\/p>\n<p>M\u00e9s informaci\u00f3: <strong><a href=\"http:\/\/www.lifelimnopirineus.eu\" target=\"_blank\">http:\/\/www.lifelimnopirineus.eu<\/a><\/strong><\/p>\n<p>&nbsp;<\/p>\n<p>&nbsp;<\/p>\n<p>&nbsp;<\/p>\n<p>Vielha, 6 de setembre de 2016<\/p>\n<p>&nbsp;<\/p>\n<p><em>Conselh Generau d&#8217;Aran: N\u00faria Sanjuan<\/em><\/p>\n ","protected":false},"excerpt":{"rendered":"<p>\u2022 La sortida tindr\u00e0 lloc aquest dissabte, dia 10 de setembre, al Pla de Beret. \u2022 Per la inscripci\u00f3, nom\u00e9s cal enviar un mail amb les vostres dades a: c.madruga@aran.org o telefonant al Conselh Generau d\u2019Aran, tel. 973 64 18 01, i demanar per Cristina Madruga. &nbsp; &nbsp; El Departament d\u2019Agricultura, Ramaderia i Medi Natural&#8230;<\/p>\n","protected":false},"author":2,"featured_media":13816,"comment_status":"closed","ping_status":"closed","sticky":false,"template":"","format":"standard","meta":{"footnotes":""},"categories":[127,33],"tags":[],"_links":{"self":[{"href":"https:\/\/www.conselharan.org\/ca\/wp-json\/wp\/v2\/posts\/13818"}],"collection":[{"href":"https:\/\/www.conselharan.org\/ca\/wp-json\/wp\/v2\/posts"}],"about":[{"href":"https:\/\/www.conselharan.org\/ca\/wp-json\/wp\/v2\/types\/post"}],"author":[{"embeddable":true,"href":"https:\/\/www.conselharan.org\/ca\/wp-json\/wp\/v2\/users\/2"}],"replies":[{"embeddable":true,"href":"https:\/\/www.conselharan.org\/ca\/wp-json\/wp\/v2\/comments?post=13818"}],"version-history":[{"count":1,"href":"https:\/\/www.conselharan.org\/ca\/wp-json\/wp\/v2\/posts\/13818\/revisions"}],"predecessor-version":[{"id":13819,"href":"https:\/\/www.conselharan.org\/ca\/wp-json\/wp\/v2\/posts\/13818\/revisions\/13819"}],"wp:featuredmedia":[{"embeddable":true,"href":"https:\/\/www.conselharan.org\/ca\/wp-json\/wp\/v2\/media\/13816"}],"wp:attachment":[{"href":"https:\/\/www.conselharan.org\/ca\/wp-json\/wp\/v2\/media?parent=13818"}],"wp:term":[{"taxonomy":"category","embeddable":true,"href":"https:\/\/www.conselharan.org\/ca\/wp-json\/wp\/v2\/categories?post=13818"},{"taxonomy":"post_tag","embeddable":true,"href":"https:\/\/www.conselharan.org\/ca\/wp-json\/wp\/v2\/tags?post=13818"}],"curies":[{"name":"wp","href":"https:\/\/api.w.org\/{rel}","templated":true}]}}