{"id":13841,"date":"2016-09-06T15:03:17","date_gmt":"2016-09-06T13:03:17","guid":{"rendered":"http:\/\/www.conselharan.org\/ca\/?p=13841"},"modified":"2016-09-06T15:03:17","modified_gmt":"2016-09-06T13:03:17","slug":"el-dominion-bilbao-basket-de-la-lliga-acb-en-la-val-daran","status":"publish","type":"post","link":"https:\/\/www.conselharan.org\/ca\/el-dominion-bilbao-basket-de-la-lliga-acb-en-la-val-daran\/","title":{"rendered":"El Dominion Bilbao Basket de la Lliga ACB en la Val d\u2019Aran"},"content":{"rendered":"<ul>\n<li><strong>L&#8217;equip de Bilbao es troba en la Val d\u2019Aran realitzant una concentraci\u00f3 de pretemporada fins al divendres, 9 de setembre.<\/strong><\/li>\n<\/ul>\n<ul>\n<li><strong>La plantilla i el cos t\u00e8cnic han estat rebuts pel conselh\u00e8r de Territori d&#8217;Aran, Jose Antonio Boya.<\/strong><\/li>\n<\/ul>\n<p>&nbsp;<\/p>\n<p><img loading=\"lazy\" decoding=\"async\" class=\"aligncenter size-large wp-image-13838\" src=\"http:\/\/www.conselharan.org\/wp-content\/uploads\/2016\/09\/DSC_0015-1024x796.jpg\" alt=\"DSC_0015\" width=\"1024\" height=\"796\" srcset=\"https:\/\/www.conselharan.org\/wp-content\/uploads\/2016\/09\/DSC_0015-1024x796.jpg 1024w, https:\/\/www.conselharan.org\/wp-content\/uploads\/2016\/09\/DSC_0015-300x233.jpg 300w, https:\/\/www.conselharan.org\/wp-content\/uploads\/2016\/09\/DSC_0015-768x597.jpg 768w, https:\/\/www.conselharan.org\/wp-content\/uploads\/2016\/09\/DSC_0015-423x330.jpg 423w\" sizes=\"(max-width: 1024px) 100vw, 1024px\" \/><\/p>\n<p>&nbsp;<\/p>\n<p>El <strong>Dominion Bilbao Basket<\/strong>, equip de la Lliga ACB de b\u00e0squet, est\u00e0 concentrat en la Val d\u2019Aran realitzant un stage de preparaci\u00f3 per a la propera temporada 2016-17 que comen\u00e7ar\u00e0 el proper mes d&#8217;octubre. Tant la plantilla com el cos t\u00e8cnic han estat rebuts a la seu del Conselh Generau d\u2019Aran pel conselh\u00e8r de Territori d&#8217;Aran, <strong>Jose Antonio Boya<\/strong>.<\/p>\n<p>L&#8217;equip realitza entrenaments en el Palau d&#8217;Esports de Vielha.<\/p>\n<p>&nbsp;<\/p>\n<p><img loading=\"lazy\" decoding=\"async\" class=\"aligncenter size-large wp-image-13837\" src=\"http:\/\/www.conselharan.org\/wp-content\/uploads\/2016\/09\/DSC_0030-1024x869.jpg\" alt=\"DSC_0030\" width=\"1024\" height=\"869\" srcset=\"https:\/\/www.conselharan.org\/wp-content\/uploads\/2016\/09\/DSC_0030-1024x869.jpg 1024w, https:\/\/www.conselharan.org\/wp-content\/uploads\/2016\/09\/DSC_0030-300x255.jpg 300w, https:\/\/www.conselharan.org\/wp-content\/uploads\/2016\/09\/DSC_0030-768x652.jpg 768w\" sizes=\"(max-width: 1024px) 100vw, 1024px\" \/><\/p>\n<p>&nbsp;<\/p>\n<p>Segons ha explicat el t\u00e8cnic del Dominion Bilbao Basket, <strong>Carles Duran, \u201cla setmana de concentraci\u00f3 \u00e9s per estar una mica a\u00efllats, per afermar les nostres rutines de treball establertes. Un altre objectiu \u00e9s una les caracter\u00edstiques del nostre club: calidesa interpersonal. Li donem molta import\u00e0ncia a les relacions humanes, afermarem el grup fent pinya, aspecte que sempre ha tractat de cuidar molt el Bilbao Basket\u201d.<\/strong><\/p>\n<p>Per la seva part, el conselh\u00e8r,<strong> Jose Antonio Boya<\/strong>, els <strong>ha desitjat molta sort per a la temporada que ve i els ha agra\u00eft que hagin vingut a la Val d\u2019Aran a realitzar la concentraci\u00f3 de preparaci\u00f3.<\/strong><\/p>\n<p>El Dominion Bilbao Basket es mesurar\u00e0 a Lleida en partits amistosos del <em>Circuit Movistar by Lliga Endesa<\/em> al Fuenlabrada i a l\u2019Herbalife Gran Can\u00e0ria.<\/p>\n<p>&nbsp;<\/p>\n<p>&nbsp;<\/p>\n<p>Vielha, 6 de setembre de 2016<\/p>\n<p>&nbsp;<\/p>\n<p><em>Conselh Generau d&#8217;Aran: N\u00faria Sanjuan<\/em><\/p>\n ","protected":false},"excerpt":{"rendered":"<p>L&#8217;equip de Bilbao es troba en la Val d\u2019Aran realitzant una concentraci\u00f3 de pretemporada fins al divendres, 9 de setembre. La plantilla i el cos t\u00e8cnic han estat rebuts pel conselh\u00e8r de Territori d&#8217;Aran, Jose Antonio Boya. &nbsp; &nbsp; El Dominion Bilbao Basket, equip de la Lliga ACB de b\u00e0squet, est\u00e0 concentrat en la Val&#8230;<\/p>\n","protected":false},"author":2,"featured_media":13838,"comment_status":"closed","ping_status":"closed","sticky":false,"template":"","format":"standard","meta":{"footnotes":""},"categories":[33],"tags":[],"_links":{"self":[{"href":"https:\/\/www.conselharan.org\/ca\/wp-json\/wp\/v2\/posts\/13841"}],"collection":[{"href":"https:\/\/www.conselharan.org\/ca\/wp-json\/wp\/v2\/posts"}],"about":[{"href":"https:\/\/www.conselharan.org\/ca\/wp-json\/wp\/v2\/types\/post"}],"author":[{"embeddable":true,"href":"https:\/\/www.conselharan.org\/ca\/wp-json\/wp\/v2\/users\/2"}],"replies":[{"embeddable":true,"href":"https:\/\/www.conselharan.org\/ca\/wp-json\/wp\/v2\/comments?post=13841"}],"version-history":[{"count":1,"href":"https:\/\/www.conselharan.org\/ca\/wp-json\/wp\/v2\/posts\/13841\/revisions"}],"predecessor-version":[{"id":13842,"href":"https:\/\/www.conselharan.org\/ca\/wp-json\/wp\/v2\/posts\/13841\/revisions\/13842"}],"wp:featuredmedia":[{"embeddable":true,"href":"https:\/\/www.conselharan.org\/ca\/wp-json\/wp\/v2\/media\/13838"}],"wp:attachment":[{"href":"https:\/\/www.conselharan.org\/ca\/wp-json\/wp\/v2\/media?parent=13841"}],"wp:term":[{"taxonomy":"category","embeddable":true,"href":"https:\/\/www.conselharan.org\/ca\/wp-json\/wp\/v2\/categories?post=13841"},{"taxonomy":"post_tag","embeddable":true,"href":"https:\/\/www.conselharan.org\/ca\/wp-json\/wp\/v2\/tags?post=13841"}],"curies":[{"name":"wp","href":"https:\/\/api.w.org\/{rel}","templated":true}]}}