{"id":13850,"date":"2016-09-07T14:31:45","date_gmt":"2016-09-07T12:31:45","guid":{"rendered":"http:\/\/www.conselharan.org\/ca\/?p=13850"},"modified":"2016-09-07T14:31:57","modified_gmt":"2016-09-07T12:31:57","slug":"el-catgas-energia-de-la-lliga-de-futbol-sala-prepara-la-pretemporada-en-la-val-daran","status":"publish","type":"post","link":"https:\/\/www.conselharan.org\/ca\/el-catgas-energia-de-la-lliga-de-futbol-sala-prepara-la-pretemporada-en-la-val-daran\/","title":{"rendered":"El Catgas Energia de la Lliga de Futbol Sala prepara la pretemporada en la Val d\u2019Aran"},"content":{"rendered":"<ul>\n<li><strong>La plantilla i el cos t\u00e8cnic han estat rebuts pel conselh\u00e8r de Territori d&#8217;Aran, Jose Antonio Boya.<\/strong><\/li>\n<\/ul>\n<p>&nbsp;<\/p>\n<p><img loading=\"lazy\" decoding=\"async\" class=\"aligncenter size-large wp-image-13846\" src=\"http:\/\/www.conselharan.org\/wp-content\/uploads\/2016\/09\/DSC_0067-1024x709.jpg\" alt=\"DSC_0067\" width=\"1024\" height=\"709\" srcset=\"https:\/\/www.conselharan.org\/wp-content\/uploads\/2016\/09\/DSC_0067-1024x709.jpg 1024w, https:\/\/www.conselharan.org\/wp-content\/uploads\/2016\/09\/DSC_0067-300x208.jpg 300w, https:\/\/www.conselharan.org\/wp-content\/uploads\/2016\/09\/DSC_0067-768x532.jpg 768w\" sizes=\"(max-width: 1024px) 100vw, 1024px\" \/><\/p>\n<p>&nbsp;<\/p>\n<p>L&#8217;equip de la Lliga Nacional de Futbol Sala, <strong>Catgas Energia<\/strong>, est\u00e0 concentrat en la Val d\u2019Aran realitzant un stage de preparaci\u00f3 per a la propera temporada 2016-17 que comen\u00e7ar\u00e0 el proper mes d&#8217;octubre. Tant la plantilla com el cos t\u00e8cnic han estat rebuts a la seu del Conselh Generau d\u2019Aran pel conselh\u00e8r de Territori d&#8217;Aran, <strong>Jose Antonio Boya.<\/strong><\/p>\n<p>L&#8217;equip realitza entrenaments el Palau d&#8217;Esports de Vielha (gimn\u00e0s, peses, carrera,&#8230;).<\/p>\n<p>&nbsp;<\/p>\n<p><img loading=\"lazy\" decoding=\"async\" class=\"aligncenter size-large wp-image-13848\" src=\"http:\/\/www.conselharan.org\/wp-content\/uploads\/2016\/09\/DSC_0081-1024x685.jpg\" alt=\"DSC_0081\" width=\"1024\" height=\"685\" srcset=\"https:\/\/www.conselharan.org\/wp-content\/uploads\/2016\/09\/DSC_0081-1024x685.jpg 1024w, https:\/\/www.conselharan.org\/wp-content\/uploads\/2016\/09\/DSC_0081-300x201.jpg 300w, https:\/\/www.conselharan.org\/wp-content\/uploads\/2016\/09\/DSC_0081-768x514.jpg 768w\" sizes=\"(max-width: 1024px) 100vw, 1024px\" \/><\/p>\n<p>&nbsp;<\/p>\n<p><strong>Juan Carlos Le\u00f3n<\/strong>, director general i gerent del Catgas Energia,<strong> ha agra\u00eft l&#8217;acolliment de la Val d\u2019Aran a l&#8217;equip i ha destacat les estructures esportives de primer nivell.<\/strong><\/p>\n<p>&nbsp;<\/p>\n<p><img loading=\"lazy\" decoding=\"async\" class=\"aligncenter size-large wp-image-13847\" src=\"http:\/\/www.conselharan.org\/wp-content\/uploads\/2016\/09\/DSC_0087-1024x582.jpg\" alt=\"DSC_0087\" width=\"1024\" height=\"582\" srcset=\"https:\/\/www.conselharan.org\/wp-content\/uploads\/2016\/09\/DSC_0087-1024x582.jpg 1024w, https:\/\/www.conselharan.org\/wp-content\/uploads\/2016\/09\/DSC_0087-300x171.jpg 300w, https:\/\/www.conselharan.org\/wp-content\/uploads\/2016\/09\/DSC_0087-768x437.jpg 768w\" sizes=\"(max-width: 1024px) 100vw, 1024px\" \/><\/p>\n<p>&nbsp;<\/p>\n<p>Per la seva banda, el conselh\u00e8r, <strong>Jose Antonio Boya, els ha desitjat molta sort per a la temporada que ve i els ha agra\u00eft que hagin triat un any m\u00e9s la Val d\u2019Aran per realitzar la pretemporada.<\/strong><\/p>\n<p>Avui dimecres, <strong>7 de setembre, a les 20h00 al Palau d\u2019Esports de Vielha<\/strong> el Catgas Energia participar\u00e0 en un torneig triangular en el qual s&#8217;enfrontar\u00e0 a una selecci\u00f3 i al guanyador de les 30 hores de Vielha.<\/p>\n<p>&nbsp;<\/p>\n<p>&nbsp;<\/p>\n<p>Vielha, 7 de setembre de 2016<\/p>\n<p>&nbsp;<\/p>\n<p><em>Conselh Generau d&#8217;Aran: N\u00faria Sanjuan<\/em><\/p>\n ","protected":false},"excerpt":{"rendered":"<p>La plantilla i el cos t\u00e8cnic han estat rebuts pel conselh\u00e8r de Territori d&#8217;Aran, Jose Antonio Boya. &nbsp; &nbsp; L&#8217;equip de la Lliga Nacional de Futbol Sala, Catgas Energia, est\u00e0 concentrat en la Val d\u2019Aran realitzant un stage de preparaci\u00f3 per a la propera temporada 2016-17 que comen\u00e7ar\u00e0 el proper mes d&#8217;octubre. Tant la plantilla&#8230;<\/p>\n","protected":false},"author":2,"featured_media":13846,"comment_status":"closed","ping_status":"closed","sticky":false,"template":"","format":"standard","meta":{"footnotes":""},"categories":[33],"tags":[],"_links":{"self":[{"href":"https:\/\/www.conselharan.org\/ca\/wp-json\/wp\/v2\/posts\/13850"}],"collection":[{"href":"https:\/\/www.conselharan.org\/ca\/wp-json\/wp\/v2\/posts"}],"about":[{"href":"https:\/\/www.conselharan.org\/ca\/wp-json\/wp\/v2\/types\/post"}],"author":[{"embeddable":true,"href":"https:\/\/www.conselharan.org\/ca\/wp-json\/wp\/v2\/users\/2"}],"replies":[{"embeddable":true,"href":"https:\/\/www.conselharan.org\/ca\/wp-json\/wp\/v2\/comments?post=13850"}],"version-history":[{"count":1,"href":"https:\/\/www.conselharan.org\/ca\/wp-json\/wp\/v2\/posts\/13850\/revisions"}],"predecessor-version":[{"id":13851,"href":"https:\/\/www.conselharan.org\/ca\/wp-json\/wp\/v2\/posts\/13850\/revisions\/13851"}],"wp:featuredmedia":[{"embeddable":true,"href":"https:\/\/www.conselharan.org\/ca\/wp-json\/wp\/v2\/media\/13846"}],"wp:attachment":[{"href":"https:\/\/www.conselharan.org\/ca\/wp-json\/wp\/v2\/media?parent=13850"}],"wp:term":[{"taxonomy":"category","embeddable":true,"href":"https:\/\/www.conselharan.org\/ca\/wp-json\/wp\/v2\/categories?post=13850"},{"taxonomy":"post_tag","embeddable":true,"href":"https:\/\/www.conselharan.org\/ca\/wp-json\/wp\/v2\/tags?post=13850"}],"curies":[{"name":"wp","href":"https:\/\/api.w.org\/{rel}","templated":true}]}}