{"id":13859,"date":"2016-09-09T13:06:29","date_gmt":"2016-09-09T11:06:29","guid":{"rendered":"http:\/\/www.conselharan.org\/ca\/?p=13859"},"modified":"2016-09-09T13:14:45","modified_gmt":"2016-09-09T11:14:45","slug":"x-jornades-micologiques-de-la-val-daran-del-13-al-18-de-setembre","status":"publish","type":"post","link":"https:\/\/www.conselharan.org\/ca\/x-jornades-micologiques-de-la-val-daran-del-13-al-18-de-setembre\/","title":{"rendered":"X Jornades Micol\u00f2giques de la Val d\u2019Aran del 13 al 18 de setembre"},"content":{"rendered":"<p><img loading=\"lazy\" decoding=\"async\" class=\"size-large wp-image-13857\" src=\"http:\/\/www.conselharan.org\/wp-content\/uploads\/2016\/09\/cartell-Jornades-Micologiques-724x1024.jpg\" alt=\"Boscos de la vall de Bedreda Canejan, Val d'Aran, Lleida\" width=\"724\" height=\"1024\" srcset=\"https:\/\/www.conselharan.org\/wp-content\/uploads\/2016\/09\/cartell-Jornades-Micologiques-724x1024.jpg 724w, https:\/\/www.conselharan.org\/wp-content\/uploads\/2016\/09\/cartell-Jornades-Micologiques-212x300.jpg 212w, https:\/\/www.conselharan.org\/wp-content\/uploads\/2016\/09\/cartell-Jornades-Micologiques-768x1086.jpg 768w\" sizes=\"(max-width: 724px) 100vw, 724px\" \/><\/p>\n<p>La setmana <strong>del 13 al 18 de setembre<\/strong>, el Departament d\u2019Agricultura, Ramaderia i Medi Natural del Conselh Generau d\u2019Aran organitza un any m\u00e9s les<strong> X Jornades Micol\u00f2giques de la Val d\u2019Aran<\/strong> juntament amb la Societat Catalana de Micologia i amb la col\u2022laboraci\u00f3 de l&#8217;Escola d\u2019Hostaleria de Les.<\/p>\n<p>Enguany es realitzaran tres sortides de camp per profunditzar al m\u00f3n de la micologia a c\u00e0rrec de l&#8217;equip docent Societat Catalana de Micologia (els dies 15, 16 i 18 de setembre); tamb\u00e9 hi haur\u00e0 un taller de<strong> gastronomia sobre bolets<\/strong>, el dijous 15 a l&#8217;escola d\u2019Hostaleria de Les amb Marc Nus (chef del restaurant Era Coqu\u00e8la); el dissabte 17, a les 18h00 en el Conselh Generau d\u2019Aran tindr\u00e0 lloc una <strong>jornada sobre les oportunitats en el desenvolupament del micoturisme<\/strong> a c\u00e0rrec de Fernando Mart\u00ednez (Centro d&#8217;Investigaci\u00f3n y Tecnolog\u00eda Agroalimentaria de Arag\u00f3n) i Joaquin Latorre (Programa de Micologia de Castilla y Le\u00f3n, MICOCYL-CESEFOR) a m\u00e9s de la visita a l&#8217;<strong>exposici\u00f3 de bolets<\/strong> i un <strong>espai infantil<\/strong> que estar\u00e0 situat a l&#8217;escola d\u2019Hostaleria de Les el cap de setmana del 17 al 18 de setembre.<\/p>\n<p>&nbsp;<\/p>\n<p>Tamb\u00e9 podreu degustar tamb\u00e9 un<em><strong> pinxo pote<\/strong> <\/em>de bolets en els bars de la Val d\u2019Aran: el dimarts, 13 de setembre a Vielha; el dijous, 15 de setembre a Boss\u00f2st; i el divendres, 16 de setembre a Les.<\/p>\n<p>&nbsp;<\/p>\n<p><img loading=\"lazy\" decoding=\"async\" class=\"aligncenter size-large wp-image-13855\" src=\"http:\/\/www.conselharan.org\/wp-content\/uploads\/2016\/09\/programa_2016-1024x864.jpg\" alt=\"programa_2016\" width=\"1024\" height=\"864\" srcset=\"https:\/\/www.conselharan.org\/wp-content\/uploads\/2016\/09\/programa_2016-1024x864.jpg 1024w, https:\/\/www.conselharan.org\/wp-content\/uploads\/2016\/09\/programa_2016-300x253.jpg 300w, https:\/\/www.conselharan.org\/wp-content\/uploads\/2016\/09\/programa_2016-768x648.jpg 768w, https:\/\/www.conselharan.org\/wp-content\/uploads\/2016\/09\/programa_2016.jpg 1870w\" sizes=\"(max-width: 1024px) 100vw, 1024px\" \/><\/p>\n<p>&nbsp;<\/p>\n<p>M\u00e9s Informaci\u00f3 i inscripcions: <a href=\"mailto:c.madruga@aran.org\" target=\"_blank\">c.madruga@aran.org <\/a>o telefonant al Conselh Generau d\u2019Aran, tel. 973 64 18 01, i demanar per Cristina Madruga.<\/p>\n<p>&nbsp;<\/p>\n<p>&nbsp;<\/p>\n<p>Vielha, 9 de setembre de 2016<\/p>\n<p>&nbsp;<\/p>\n<p><em>Conselh Generau d&#8217;Aran: N\u00faria Sanjuan<\/em><\/p>\n ","protected":false},"excerpt":{"rendered":"<p>La setmana del 13 al 18 de setembre, el Departament d\u2019Agricultura, Ramaderia i Medi Natural del Conselh Generau d\u2019Aran organitza un any m\u00e9s les X Jornades Micol\u00f2giques de la Val d\u2019Aran juntament amb la Societat Catalana de Micologia i amb la col\u2022laboraci\u00f3 de l&#8217;Escola d\u2019Hostaleria de Les. Enguany es realitzaran tres sortides de camp per&#8230;<\/p>\n","protected":false},"author":2,"featured_media":13857,"comment_status":"closed","ping_status":"closed","sticky":false,"template":"","format":"standard","meta":{"footnotes":""},"categories":[127,33],"tags":[],"_links":{"self":[{"href":"https:\/\/www.conselharan.org\/ca\/wp-json\/wp\/v2\/posts\/13859"}],"collection":[{"href":"https:\/\/www.conselharan.org\/ca\/wp-json\/wp\/v2\/posts"}],"about":[{"href":"https:\/\/www.conselharan.org\/ca\/wp-json\/wp\/v2\/types\/post"}],"author":[{"embeddable":true,"href":"https:\/\/www.conselharan.org\/ca\/wp-json\/wp\/v2\/users\/2"}],"replies":[{"embeddable":true,"href":"https:\/\/www.conselharan.org\/ca\/wp-json\/wp\/v2\/comments?post=13859"}],"version-history":[{"count":3,"href":"https:\/\/www.conselharan.org\/ca\/wp-json\/wp\/v2\/posts\/13859\/revisions"}],"predecessor-version":[{"id":13865,"href":"https:\/\/www.conselharan.org\/ca\/wp-json\/wp\/v2\/posts\/13859\/revisions\/13865"}],"wp:featuredmedia":[{"embeddable":true,"href":"https:\/\/www.conselharan.org\/ca\/wp-json\/wp\/v2\/media\/13857"}],"wp:attachment":[{"href":"https:\/\/www.conselharan.org\/ca\/wp-json\/wp\/v2\/media?parent=13859"}],"wp:term":[{"taxonomy":"category","embeddable":true,"href":"https:\/\/www.conselharan.org\/ca\/wp-json\/wp\/v2\/categories?post=13859"},{"taxonomy":"post_tag","embeddable":true,"href":"https:\/\/www.conselharan.org\/ca\/wp-json\/wp\/v2\/tags?post=13859"}],"curies":[{"name":"wp","href":"https:\/\/api.w.org\/{rel}","templated":true}]}}