{"id":13870,"date":"2016-09-09T14:39:54","date_gmt":"2016-09-09T12:39:54","guid":{"rendered":"http:\/\/www.conselharan.org\/ca\/?p=13870"},"modified":"2016-09-09T14:47:28","modified_gmt":"2016-09-09T12:47:28","slug":"obertes-les-inscripcions-pel-curs-de-sanitat-i-higiene-de-carn-silvestre-de-caca","status":"publish","type":"post","link":"https:\/\/www.conselharan.org\/ca\/obertes-les-inscripcions-pel-curs-de-sanitat-i-higiene-de-carn-silvestre-de-caca\/","title":{"rendered":"Obertes les inscripcions pel curs de Sanitat i Higiene de carn silvestre de ca\u00e7a"},"content":{"rendered":"<p><strong>\u2022 El curs es realitzar\u00e0 el dissabte, 24 de setembre, a la sala d\u2019actes del Conselh Generau d\u2019Aran, de 9h00 a 13h00.<\/strong><\/p>\n<p><strong>\u2022 El curs \u00e9s gratu\u00eft per\u00f2 cal reservar trucant al 973 64 18 01 i demanar per Judit Jaquet o al mail:<a href=\"http:\/\/j.jaquet @aran.org\" target=\"_blank\"> j.jaquet @aran.org<\/a>.<\/strong><\/p>\n<p>&nbsp;<\/p>\n<p><img loading=\"lazy\" decoding=\"async\" class=\"aligncenter size-full wp-image-13867\" src=\"http:\/\/www.conselharan.org\/wp-content\/uploads\/2016\/09\/jabal\u00ed.jpg\" alt=\"jabal\u00ed\" width=\"960\" height=\"639\" srcset=\"https:\/\/www.conselharan.org\/wp-content\/uploads\/2016\/09\/jabal\u00ed.jpg 960w, https:\/\/www.conselharan.org\/wp-content\/uploads\/2016\/09\/jabal\u00ed-300x200.jpg 300w, https:\/\/www.conselharan.org\/wp-content\/uploads\/2016\/09\/jabal\u00ed-768x511.jpg 768w\" sizes=\"(max-width: 960px) 100vw, 960px\" \/><\/p>\n<p>&nbsp;<\/p>\n<p>El Departament d\u2019Agricultura, Ramaderia i Medi Natural del Conselh Generau d\u2019Aran ha organitzat un curs de Sanitat i Higiene de carn silvestre de ca\u00e7a. L&#8217;objectiu del curs \u00e9s donar compliment al Reglament EL 853\/2004 del Parlament Europeu, de 29 d\u2019abril, pel qual s\u2019estableixen les normes espec\u00edfiques d\u2019higiene dels aliments d\u2019origen animal.<\/p>\n<p>&nbsp;<\/p>\n<p><img loading=\"lazy\" decoding=\"async\" class=\"aligncenter size-full wp-image-13868\" src=\"http:\/\/www.conselharan.org\/wp-content\/uploads\/2016\/09\/carn-de-ca\u00e7a.jpg\" alt=\"carn de ca\u00e7a\" width=\"480\" height=\"360\" srcset=\"https:\/\/www.conselharan.org\/wp-content\/uploads\/2016\/09\/carn-de-ca\u00e7a.jpg 480w, https:\/\/www.conselharan.org\/wp-content\/uploads\/2016\/09\/carn-de-ca\u00e7a-300x225.jpg 300w\" sizes=\"(max-width: 480px) 100vw, 480px\" \/><\/p>\n<p>&nbsp;<\/p>\n<p>El curs es realitzar\u00e0 el dissabte, 24 de setembre, a la sala d\u2019actes del Conselh Generau d\u2019Aran, de 9h00 a 13h00, a c\u00e0rrec dels professors<strong> Dr. Santiago Lav\u00edn, Dr. Ignasi Marco <\/strong>i<strong> Dra. Roser Velarde<\/strong>, del Servei d\u2019Ecopatologia de la Fauna Salvatge SEFAS de la Facultat de Veterin\u00e0ria de la UAB.<\/p>\n<p>El curs \u00e9s gratu\u00eft per\u00f2 cal reservar trucant al 973 64 18 01 i demanar per <strong>Judit Jaquet<\/strong> o al mail: <a href=\"http:\/\/j.jaquet @aran.org\" target=\"_blank\">j.jaquet @aran.org<\/a>.<\/p>\n<p>Curs est\u00e0 subvencionat pel Conselh Generau d\u2019Aran.<\/p>\n<p>&nbsp;<\/p>\n<p>&nbsp;<\/p>\n<p>Vielha, 9 de setembre de 2016<\/p>\n<p>&nbsp;<\/p>\n<p><em>Conselh Generau d&#8217;Aran: N\u00faria Sanjuan<\/em><\/p>\n ","protected":false},"excerpt":{"rendered":"<p>\u2022 El curs es realitzar\u00e0 el dissabte, 24 de setembre, a la sala d\u2019actes del Conselh Generau d\u2019Aran, de 9h00 a 13h00. \u2022 El curs \u00e9s gratu\u00eft per\u00f2 cal reservar trucant al 973 64 18 01 i demanar per Judit Jaquet o al mail: j.jaquet @aran.org. &nbsp; &nbsp; El Departament d\u2019Agricultura, Ramaderia i Medi Natural&#8230;<\/p>\n","protected":false},"author":2,"featured_media":13867,"comment_status":"closed","ping_status":"closed","sticky":false,"template":"","format":"standard","meta":{"footnotes":""},"categories":[127,33],"tags":[],"_links":{"self":[{"href":"https:\/\/www.conselharan.org\/ca\/wp-json\/wp\/v2\/posts\/13870"}],"collection":[{"href":"https:\/\/www.conselharan.org\/ca\/wp-json\/wp\/v2\/posts"}],"about":[{"href":"https:\/\/www.conselharan.org\/ca\/wp-json\/wp\/v2\/types\/post"}],"author":[{"embeddable":true,"href":"https:\/\/www.conselharan.org\/ca\/wp-json\/wp\/v2\/users\/2"}],"replies":[{"embeddable":true,"href":"https:\/\/www.conselharan.org\/ca\/wp-json\/wp\/v2\/comments?post=13870"}],"version-history":[{"count":1,"href":"https:\/\/www.conselharan.org\/ca\/wp-json\/wp\/v2\/posts\/13870\/revisions"}],"predecessor-version":[{"id":13871,"href":"https:\/\/www.conselharan.org\/ca\/wp-json\/wp\/v2\/posts\/13870\/revisions\/13871"}],"wp:featuredmedia":[{"embeddable":true,"href":"https:\/\/www.conselharan.org\/ca\/wp-json\/wp\/v2\/media\/13867"}],"wp:attachment":[{"href":"https:\/\/www.conselharan.org\/ca\/wp-json\/wp\/v2\/media?parent=13870"}],"wp:term":[{"taxonomy":"category","embeddable":true,"href":"https:\/\/www.conselharan.org\/ca\/wp-json\/wp\/v2\/categories?post=13870"},{"taxonomy":"post_tag","embeddable":true,"href":"https:\/\/www.conselharan.org\/ca\/wp-json\/wp\/v2\/tags?post=13870"}],"curies":[{"name":"wp","href":"https:\/\/api.w.org\/{rel}","templated":true}]}}