{"id":13880,"date":"2016-09-12T16:09:33","date_gmt":"2016-09-12T14:09:33","guid":{"rendered":"http:\/\/www.conselharan.org\/ca\/?p=13880"},"modified":"2016-09-12T16:10:08","modified_gmt":"2016-09-12T14:10:08","slug":"el-ple-del-conselh-generau-daran-aprova-una-modificacio-pressupostaria-de-531-000e","status":"publish","type":"post","link":"https:\/\/www.conselharan.org\/ca\/el-ple-del-conselh-generau-daran-aprova-una-modificacio-pressupostaria-de-531-000e\/","title":{"rendered":"El Ple del Conselh Generau d\u2019Aran aprova una modificaci\u00f3 pressupost\u00e0ria de 531.000\u20ac"},"content":{"rendered":"<p><img loading=\"lazy\" decoding=\"async\" class=\"aligncenter size-large wp-image-13876\" src=\"http:\/\/www.conselharan.org\/wp-content\/uploads\/2016\/09\/DSC_0117-1024x685.jpg\" alt=\"DSC_0117\" width=\"1024\" height=\"685\" srcset=\"https:\/\/www.conselharan.org\/wp-content\/uploads\/2016\/09\/DSC_0117-1024x685.jpg 1024w, https:\/\/www.conselharan.org\/wp-content\/uploads\/2016\/09\/DSC_0117-300x201.jpg 300w, https:\/\/www.conselharan.org\/wp-content\/uploads\/2016\/09\/DSC_0117-768x514.jpg 768w\" sizes=\"(max-width: 1024px) 100vw, 1024px\" \/><\/p>\n<p>&nbsp;<\/p>\n<p>El Ple del Conselh Generau d\u2019Aran, en sessi\u00f3 ordin\u00e0ria celebrada avui dilluns, 12 de setembre, ha aprovat una modificaci\u00f3 pressupost\u00e0ria de 531.000\u20ac, d\u2019aquesta modificaci\u00f3, 61.000\u20ac aniran destinats a la inversi\u00f3 en<strong> millores de les instal\u2022lacions dels Parcs de Pompi\u00e8rs Voluntaris de Vielha i de Les<\/strong>; 260.000\u20ac a la inversi\u00f3 de la c<strong>ompra d\u2019un local annexe a l&#8217;edifici de l&#8217;Hospital de la Val d\u2019Aran<\/strong> per tal d\u2019adaptar-lo als serveis administratius de l&#8217;Hospital. L&#8217;espai que actualment ocupen aquests serveis dins de l&#8217;Hospital ser\u00e0 el que acollir\u00e0 l&#8217;\u00e0rea d\u2019anal\u00edtiques i l&#8217;<strong>ampliaci\u00f3 de l&#8217;\u00e0rea de quir\u00f2fans<\/strong> anir\u00e0 situat en l&#8217;espai actual d\u2019anal\u00edtiques. Tamb\u00e9 s\u2019ha aprovat l&#8217;adquisici\u00f3 d\u2019<strong>una nova ambul\u00e0ncia i d\u2019un furg\u00f3 adaptat.<\/strong><\/p>\n<p>&nbsp;<\/p>\n<p><img loading=\"lazy\" decoding=\"async\" class=\"aligncenter size-large wp-image-13877\" src=\"http:\/\/www.conselharan.org\/wp-content\/uploads\/2016\/09\/DSC_0123-1024x685.jpg\" alt=\"DSC_0123\" width=\"1024\" height=\"685\" srcset=\"https:\/\/www.conselharan.org\/wp-content\/uploads\/2016\/09\/DSC_0123-1024x685.jpg 1024w, https:\/\/www.conselharan.org\/wp-content\/uploads\/2016\/09\/DSC_0123-300x201.jpg 300w, https:\/\/www.conselharan.org\/wp-content\/uploads\/2016\/09\/DSC_0123-768x514.jpg 768w\" sizes=\"(max-width: 1024px) 100vw, 1024px\" \/><\/p>\n<p>&nbsp;<\/p>\n<p>En un altre ordre de coses, el Ple ha acordat la cessi\u00f3 d\u2019\u00fas del Parc infantil existent dins de les terrenys de l&#8217;antiga Resid\u00e8ncia de Lleure i Temps Lliure de Les, actualment titularitat del Conselh Generau d\u2019Aran, a l&#8217;Ajuntament de Les per l&#8217;\u00fas dels nens del poble.<\/p>\n<p>Altre punt que s\u2019ha aprovat a estat l&#8217;<strong>acord d\u2019arrendament de l&#8217;Alberg \u201cEra Garona\u201d de Salard\u00fa<\/strong>. Aquest Alberg, fins ara gestionat pel Conselh Generau d\u2019Aran ha assolit un nivell de funcionament \u00f2ptim per les limitacions legals de l&#8217;Administraci\u00f3 P\u00fablica.<\/p>\n<p>En paraules del sindic d\u2019Aran, <strong>Carlos Barrera, \u201camb aquesta nova modalitat de gesti\u00f3 d\u2019arrendament de negoci es pot optimitzar m\u00e9s la cartera de negocis garantint aix\u00ed els llocs de treball i la prestaci\u00f3 d\u2019aquest tipus de servei amb modalitat d\u2019Alberg necessari a la Val d\u2019Aran\u201d.<\/strong><\/p>\n<p>&nbsp;<\/p>\n<p>&nbsp;<\/p>\n<p>Vielha, 12 de setembre de 2016<\/p>\n<p>&nbsp;<\/p>\n<p><em>Conselh Generau d&#8217;Aran: N\u00faria Sanjuan<\/em><\/p>\n ","protected":false},"excerpt":{"rendered":"<p>&nbsp; El Ple del Conselh Generau d\u2019Aran, en sessi\u00f3 ordin\u00e0ria celebrada avui dilluns, 12 de setembre, ha aprovat una modificaci\u00f3 pressupost\u00e0ria de 531.000\u20ac, d\u2019aquesta modificaci\u00f3, 61.000\u20ac aniran destinats a la inversi\u00f3 en millores de les instal\u2022lacions dels Parcs de Pompi\u00e8rs Voluntaris de Vielha i de Les; 260.000\u20ac a la inversi\u00f3 de la compra d\u2019un local&#8230;<\/p>\n","protected":false},"author":2,"featured_media":13876,"comment_status":"closed","ping_status":"closed","sticky":false,"template":"","format":"standard","meta":{"footnotes":""},"categories":[53],"tags":[],"_links":{"self":[{"href":"https:\/\/www.conselharan.org\/ca\/wp-json\/wp\/v2\/posts\/13880"}],"collection":[{"href":"https:\/\/www.conselharan.org\/ca\/wp-json\/wp\/v2\/posts"}],"about":[{"href":"https:\/\/www.conselharan.org\/ca\/wp-json\/wp\/v2\/types\/post"}],"author":[{"embeddable":true,"href":"https:\/\/www.conselharan.org\/ca\/wp-json\/wp\/v2\/users\/2"}],"replies":[{"embeddable":true,"href":"https:\/\/www.conselharan.org\/ca\/wp-json\/wp\/v2\/comments?post=13880"}],"version-history":[{"count":1,"href":"https:\/\/www.conselharan.org\/ca\/wp-json\/wp\/v2\/posts\/13880\/revisions"}],"predecessor-version":[{"id":13881,"href":"https:\/\/www.conselharan.org\/ca\/wp-json\/wp\/v2\/posts\/13880\/revisions\/13881"}],"wp:featuredmedia":[{"embeddable":true,"href":"https:\/\/www.conselharan.org\/ca\/wp-json\/wp\/v2\/media\/13876"}],"wp:attachment":[{"href":"https:\/\/www.conselharan.org\/ca\/wp-json\/wp\/v2\/media?parent=13880"}],"wp:term":[{"taxonomy":"category","embeddable":true,"href":"https:\/\/www.conselharan.org\/ca\/wp-json\/wp\/v2\/categories?post=13880"},{"taxonomy":"post_tag","embeddable":true,"href":"https:\/\/www.conselharan.org\/ca\/wp-json\/wp\/v2\/tags?post=13880"}],"curies":[{"name":"wp","href":"https:\/\/api.w.org\/{rel}","templated":true}]}}