{"id":13909,"date":"2016-09-16T11:34:58","date_gmt":"2016-09-16T09:34:58","guid":{"rendered":"http:\/\/www.conselharan.org\/ca\/?p=13909"},"modified":"2016-09-16T11:42:42","modified_gmt":"2016-09-16T09:42:42","slug":"laranes-ton-consul-vivar-participara-en-les-proves-isu-junior-grand-prix-a-tallin","status":"publish","type":"post","link":"https:\/\/www.conselharan.org\/ca\/laranes-ton-consul-vivar-participara-en-les-proves-isu-junior-grand-prix-a-tallin\/","title":{"rendered":"L\u2019aran\u00e8s, T\u00f2n C\u00f3nsul Vivar, participar\u00e0 en les proves ISU Junior Grand Prix a Tallin"},"content":{"rendered":"<p><img loading=\"lazy\" decoding=\"async\" class=\"aligncenter size-full wp-image-12726\" src=\"http:\/\/www.conselharan.org\/wp-content\/uploads\/2016\/07\/T\u00d2N-1.jpg\" alt=\"T\u00d2N 1\" width=\"637\" height=\"699\" srcset=\"https:\/\/www.conselharan.org\/wp-content\/uploads\/2016\/07\/T\u00d2N-1.jpg 637w, https:\/\/www.conselharan.org\/wp-content\/uploads\/2016\/07\/T\u00d2N-1-273x300.jpg 273w\" sizes=\"(max-width: 637px) 100vw, 637px\" \/><\/p>\n<p>&nbsp;<\/p>\n<p>Segons ha comunicat la Federaci\u00f3 Catalana d\u2019Esports d\u2019Hivern (<strong>FCEH<\/strong>), el patinador aran\u00e8s de 18 anys, <strong>T\u00f2n C\u00f3nsul Vivar<\/strong>, jove promesa de l&#8217;elit del patinatge art\u00edstic sobre gel, participar\u00e0 <strong>del 28 de setembre a l\u20191 d\u2019octubre en les proves ISU Junior Grand Prix a Tallin<\/strong>.<\/p>\n<p>T\u00f2n C\u00f3nsul va marxar el passat mes de juliol a Canad\u00e0 (Montreal) sota les ordres de l\u2019entrenador <strong>Bruno Marcotte<\/strong>, que actualment t\u00e9 en el seu equip a la parella campiona del m\u00f3n 2016, formada per Meagan Duhamel i Eric Radford.<\/p>\n<p>Bruno Marcotte, \u00e9s considerat com un dels millors entrenadors de parelles del m\u00f3n, la parella del patinador aran\u00e8s \u00e9s la canadenca, Alexane Bouillon, de 13 anys.<\/p>\n<p>T\u00f2n, encara \u00e9s j\u00fanior i ha estat els dos \u00faltims anys subcampi\u00f3 d\u2019Espanya, el seu entrenador, Bruno Marcotte, li ha explicat que al gener de 2017 ser\u00e0 el moment d\u2019aconseguir punts per poder anar al Mundial de la Xina (mar\u00e7 de 2017).<\/p>\n<p>T\u00f2n C\u00f3nsul, segueix la seva formaci\u00f3 acad\u00e8mica i estudia Administraci\u00f3 i Direcci\u00f3 d\u2019Empreses a dist\u00e0ncia en la Universitat de La Rioja.<\/p>\n<p>T\u00f2n C\u00f3nsul Vivar, becat pel <strong>Consell Catal\u00e0 de l\u2019Esport<\/strong>, va residir des del 2013 en la resid\u00e8ncia Blume (Barcelona) on entrenava individual di\u00e0riament amb el FCB al costat del seu entrenador, Patrick Capmartin.<\/p>\n<p>T\u00f2n, va signar un conveni amb el <strong>Conselh Generau d\u2019Aran<\/strong> i<strong> Foment Torisme Val d\u2019Aran<\/strong> per promoure la destinaci\u00f3 tur\u00edstica esportiva Val d\u2019Aran pel m\u00f3n, representada en la imatge i en els valors del jove patinador, i de l&#8217;equip que forma part, mitjan\u00e7ant el patrocini institucional.<\/p>\n<p>&nbsp;<\/p>\n<p>&nbsp;<\/p>\n<p>Vielha, 16 de setembre de 2016<\/p>\n<p>&nbsp;<\/p>\n<p><em>Conselh Generau d&#8217;Aran: N\u00faria Sanjuan<\/em><\/p>\n ","protected":false},"excerpt":{"rendered":"<p>&nbsp; Segons ha comunicat la Federaci\u00f3 Catalana d\u2019Esports d\u2019Hivern (FCEH), el patinador aran\u00e8s de 18 anys, T\u00f2n C\u00f3nsul Vivar, jove promesa de l&#8217;elit del patinatge art\u00edstic sobre gel, participar\u00e0 del 28 de setembre a l\u20191 d\u2019octubre en les proves ISU Junior Grand Prix a Tallin. T\u00f2n C\u00f3nsul va marxar el passat mes de juliol a&#8230;<\/p>\n","protected":false},"author":2,"featured_media":12728,"comment_status":"closed","ping_status":"closed","sticky":false,"template":"","format":"standard","meta":{"footnotes":""},"categories":[33],"tags":[],"_links":{"self":[{"href":"https:\/\/www.conselharan.org\/ca\/wp-json\/wp\/v2\/posts\/13909"}],"collection":[{"href":"https:\/\/www.conselharan.org\/ca\/wp-json\/wp\/v2\/posts"}],"about":[{"href":"https:\/\/www.conselharan.org\/ca\/wp-json\/wp\/v2\/types\/post"}],"author":[{"embeddable":true,"href":"https:\/\/www.conselharan.org\/ca\/wp-json\/wp\/v2\/users\/2"}],"replies":[{"embeddable":true,"href":"https:\/\/www.conselharan.org\/ca\/wp-json\/wp\/v2\/comments?post=13909"}],"version-history":[{"count":2,"href":"https:\/\/www.conselharan.org\/ca\/wp-json\/wp\/v2\/posts\/13909\/revisions"}],"predecessor-version":[{"id":13911,"href":"https:\/\/www.conselharan.org\/ca\/wp-json\/wp\/v2\/posts\/13909\/revisions\/13911"}],"wp:featuredmedia":[{"embeddable":true,"href":"https:\/\/www.conselharan.org\/ca\/wp-json\/wp\/v2\/media\/12728"}],"wp:attachment":[{"href":"https:\/\/www.conselharan.org\/ca\/wp-json\/wp\/v2\/media?parent=13909"}],"wp:term":[{"taxonomy":"category","embeddable":true,"href":"https:\/\/www.conselharan.org\/ca\/wp-json\/wp\/v2\/categories?post=13909"},{"taxonomy":"post_tag","embeddable":true,"href":"https:\/\/www.conselharan.org\/ca\/wp-json\/wp\/v2\/tags?post=13909"}],"curies":[{"name":"wp","href":"https:\/\/api.w.org\/{rel}","templated":true}]}}