{"id":13921,"date":"2016-09-16T13:55:16","date_gmt":"2016-09-16T11:55:16","guid":{"rendered":"http:\/\/www.conselharan.org\/ca\/?p=13921"},"modified":"2016-09-16T13:56:00","modified_gmt":"2016-09-16T11:56:00","slug":"el-govern-daran-vol-recuperar-un-cami-historic-de-lartiga-de-lin","status":"publish","type":"post","link":"https:\/\/www.conselharan.org\/ca\/el-govern-daran-vol-recuperar-un-cami-historic-de-lartiga-de-lin\/","title":{"rendered":"El Gov\u00e8rn d\u2019Aran vol recuperar un cam\u00ed hist\u00f2ric de l\u2019Artiga de Lin"},"content":{"rendered":"<p>\u2022<strong> Connecta el Pont de Soberado amb la font del Gressilhon, Ulls del Jueu, pla esquerre de l&#8217;Artiga.<\/strong><\/p>\n<p>&nbsp;<\/p>\n<p><img loading=\"lazy\" decoding=\"async\" class=\"aligncenter size-large wp-image-13918\" src=\"http:\/\/www.conselharan.org\/wp-content\/uploads\/2016\/09\/DSC06799-1024x576.jpg\" alt=\"DSC06799\" width=\"1024\" height=\"576\" srcset=\"https:\/\/www.conselharan.org\/wp-content\/uploads\/2016\/09\/DSC06799-1024x576.jpg 1024w, https:\/\/www.conselharan.org\/wp-content\/uploads\/2016\/09\/DSC06799-300x169.jpg 300w, https:\/\/www.conselharan.org\/wp-content\/uploads\/2016\/09\/DSC06799-768x432.jpg 768w\" sizes=\"(max-width: 1024px) 100vw, 1024px\" \/><\/p>\n<p>&nbsp;<\/p>\n<p>El Gov\u00e8rn d\u2019Aran ha convocat als alcaldes de Vielha i Mijaran, Es B\u00f2rdes, Aub\u00e8rt i Vilac a una reuni\u00f3 l\u201911 d\u2019octubre per analitzar de forma conjunta els resultats de l&#8217;assaig de la regulaci\u00f3 d\u2019acc\u00e9s a l&#8217;Artiga de Lin (Ermita- Pla de l&#8217;Artiga) pendent els mesos de juliol, agost i primera setmana de setembre.<\/p>\n<p>En aquesta reuni\u00f3 tamb\u00e9 es plantejar\u00e0 la recuperaci\u00f3 d\u2019un cam\u00ed hist\u00f2ric que connecta el Pont de Soberado amb la Font del Gressilhon, Ulls del Jueu, pla esquerre de l&#8217;Artiga.<\/p>\n<p>En l&#8217;inici d\u2019aquest cam\u00ed s\u2019habilitar\u00e0 una zona d&#8217;aparcament natural. Aquesta alternativa facilitar\u00e0 l&#8217;acc\u00e9s a trav\u00e9s d\u2019aquest cam\u00ed amb un temps de recorregut de quasi una hora.<\/p>\n<p>El petit recorregut del cam\u00ed de l&#8217;aigua quedar\u00e0 incorporat en aquest nou itinerari.<\/p>\n<p>&nbsp;<\/p>\n<p><img loading=\"lazy\" decoding=\"async\" class=\"aligncenter size-large wp-image-13919\" src=\"http:\/\/www.conselharan.org\/wp-content\/uploads\/2016\/09\/DSC06806-1024x576.jpg\" alt=\"DSC06806\" width=\"1024\" height=\"576\" srcset=\"https:\/\/www.conselharan.org\/wp-content\/uploads\/2016\/09\/DSC06806-1024x576.jpg 1024w, https:\/\/www.conselharan.org\/wp-content\/uploads\/2016\/09\/DSC06806-300x169.jpg 300w, https:\/\/www.conselharan.org\/wp-content\/uploads\/2016\/09\/DSC06806-768x432.jpg 768w\" sizes=\"(max-width: 1024px) 100vw, 1024px\" \/><\/p>\n<p>&nbsp;<\/p>\n<p>En paraules del s\u00edndic d\u2019Aran, <strong>Carlos Barrera, \u201cla reuni\u00f3 amb els alcaldes t\u00e9 com objectiu compartir propostes per potenciar l&#8217;Artiga de Lin com un entorn natural de m\u00e0xima excel\u2022l\u00e8ncia tant en els petits recorreguts com en l&#8217;inici de la ruta aranesa a l&#8217;Aneto<\/strong>\u201d.<\/p>\n<p>&nbsp;<\/p>\n<p>&nbsp;<\/p>\n<p>&nbsp;<\/p>\n<p>Vielha, 16 de setembre de 2016<\/p>\n<p>&nbsp;<\/p>\n<p><em>Conselh Generau d&#8217;Aran: N\u00faria Sanjuan<\/em><\/p>\n ","protected":false},"excerpt":{"rendered":"<p>\u2022 Connecta el Pont de Soberado amb la font del Gressilhon, Ulls del Jueu, pla esquerre de l&#8217;Artiga. &nbsp; &nbsp; El Gov\u00e8rn d\u2019Aran ha convocat als alcaldes de Vielha i Mijaran, Es B\u00f2rdes, Aub\u00e8rt i Vilac a una reuni\u00f3 l\u201911 d\u2019octubre per analitzar de forma conjunta els resultats de l&#8217;assaig de la regulaci\u00f3 d\u2019acc\u00e9s a&#8230;<\/p>\n","protected":false},"author":2,"featured_media":13918,"comment_status":"closed","ping_status":"closed","sticky":false,"template":"","format":"standard","meta":{"footnotes":""},"categories":[53],"tags":[],"_links":{"self":[{"href":"https:\/\/www.conselharan.org\/ca\/wp-json\/wp\/v2\/posts\/13921"}],"collection":[{"href":"https:\/\/www.conselharan.org\/ca\/wp-json\/wp\/v2\/posts"}],"about":[{"href":"https:\/\/www.conselharan.org\/ca\/wp-json\/wp\/v2\/types\/post"}],"author":[{"embeddable":true,"href":"https:\/\/www.conselharan.org\/ca\/wp-json\/wp\/v2\/users\/2"}],"replies":[{"embeddable":true,"href":"https:\/\/www.conselharan.org\/ca\/wp-json\/wp\/v2\/comments?post=13921"}],"version-history":[{"count":1,"href":"https:\/\/www.conselharan.org\/ca\/wp-json\/wp\/v2\/posts\/13921\/revisions"}],"predecessor-version":[{"id":13922,"href":"https:\/\/www.conselharan.org\/ca\/wp-json\/wp\/v2\/posts\/13921\/revisions\/13922"}],"wp:featuredmedia":[{"embeddable":true,"href":"https:\/\/www.conselharan.org\/ca\/wp-json\/wp\/v2\/media\/13918"}],"wp:attachment":[{"href":"https:\/\/www.conselharan.org\/ca\/wp-json\/wp\/v2\/media?parent=13921"}],"wp:term":[{"taxonomy":"category","embeddable":true,"href":"https:\/\/www.conselharan.org\/ca\/wp-json\/wp\/v2\/categories?post=13921"},{"taxonomy":"post_tag","embeddable":true,"href":"https:\/\/www.conselharan.org\/ca\/wp-json\/wp\/v2\/tags?post=13921"}],"curies":[{"name":"wp","href":"https:\/\/api.w.org\/{rel}","templated":true}]}}