{"id":13939,"date":"2016-09-19T14:17:17","date_gmt":"2016-09-19T12:17:17","guid":{"rendered":"http:\/\/www.conselharan.org\/ca\/?p=13939"},"modified":"2016-09-19T14:17:24","modified_gmt":"2016-09-19T12:17:24","slug":"cap-de-setmana-daigues-obertes-pel-cava-swim-team","status":"publish","type":"post","link":"https:\/\/www.conselharan.org\/ca\/cap-de-setmana-daigues-obertes-pel-cava-swim-team\/","title":{"rendered":"Cap de setmana d\u2019aig\u00fces obertes pel CAVA SWIM TEAM"},"content":{"rendered":"<p><img loading=\"lazy\" decoding=\"async\" class=\"aligncenter size-full wp-image-13931\" src=\"http:\/\/www.conselharan.org\/wp-content\/uploads\/2016\/09\/cava-cadaqu\u00e9s0.jpg\" alt=\"cava-cadaqu\u00e9s0\" width=\"1000\" height=\"1000\" srcset=\"https:\/\/www.conselharan.org\/wp-content\/uploads\/2016\/09\/cava-cadaqu\u00e9s0.jpg 1000w, https:\/\/www.conselharan.org\/wp-content\/uploads\/2016\/09\/cava-cadaqu\u00e9s0-150x150.jpg 150w, https:\/\/www.conselharan.org\/wp-content\/uploads\/2016\/09\/cava-cadaqu\u00e9s0-300x300.jpg 300w, https:\/\/www.conselharan.org\/wp-content\/uploads\/2016\/09\/cava-cadaqu\u00e9s0-768x768.jpg 768w, https:\/\/www.conselharan.org\/wp-content\/uploads\/2016\/09\/cava-cadaqu\u00e9s0-270x270.jpg 270w, https:\/\/www.conselharan.org\/wp-content\/uploads\/2016\/09\/cava-cadaqu\u00e9s0-207x207.jpg 207w, https:\/\/www.conselharan.org\/wp-content\/uploads\/2016\/09\/cava-cadaqu\u00e9s0-75x75.jpg 75w\" sizes=\"(max-width: 1000px) 100vw, 1000px\" \/><\/p>\n<p>El passat cap de setmana, 17 i 18 de setembre, el<strong> CAVA<\/strong> (Club Atl\u00e8tic Val d\u2019Aran) <strong>SWIM TEAM<\/strong> va clausurar la temporada 2015\/2016 amb una sortida de dos dies per practicar la nataci\u00f3 en aig\u00fces obertes.<\/p>\n<p>&nbsp;<\/p>\n<p><img loading=\"lazy\" decoding=\"async\" class=\"aligncenter size-large wp-image-13930\" src=\"http:\/\/www.conselharan.org\/wp-content\/uploads\/2016\/09\/cava-cadaqu\u00e9s-1024x631.jpg\" alt=\"Processed with Snapseed.\" width=\"1024\" height=\"631\" srcset=\"https:\/\/www.conselharan.org\/wp-content\/uploads\/2016\/09\/cava-cadaqu\u00e9s-1024x631.jpg 1024w, https:\/\/www.conselharan.org\/wp-content\/uploads\/2016\/09\/cava-cadaqu\u00e9s-300x185.jpg 300w, https:\/\/www.conselharan.org\/wp-content\/uploads\/2016\/09\/cava-cadaqu\u00e9s-768x473.jpg 768w, https:\/\/www.conselharan.org\/wp-content\/uploads\/2016\/09\/cava-cadaqu\u00e9s.jpg 1357w\" sizes=\"(max-width: 1024px) 100vw, 1024px\" \/><\/p>\n<p><img loading=\"lazy\" decoding=\"async\" class=\"aligncenter size-large wp-image-13932\" src=\"http:\/\/www.conselharan.org\/wp-content\/uploads\/2016\/09\/cava-cadaqu\u00e9s2-1024x649.jpg\" alt=\"Processed with Snapseed.\" width=\"1024\" height=\"649\" srcset=\"https:\/\/www.conselharan.org\/wp-content\/uploads\/2016\/09\/cava-cadaqu\u00e9s2-1024x649.jpg 1024w, https:\/\/www.conselharan.org\/wp-content\/uploads\/2016\/09\/cava-cadaqu\u00e9s2-300x190.jpg 300w, https:\/\/www.conselharan.org\/wp-content\/uploads\/2016\/09\/cava-cadaqu\u00e9s2-768x487.jpg 768w, https:\/\/www.conselharan.org\/wp-content\/uploads\/2016\/09\/cava-cadaqu\u00e9s2.jpg 1171w\" sizes=\"(max-width: 1024px) 100vw, 1024px\" \/><\/p>\n<p>&nbsp;<\/p>\n<p>El dissabte, els 9 nedadors de l\u2019equip van participar en la darrera prova de la <strong>Copa Marnaton a Cadaqu\u00e9s<\/strong>, una jornada dura degut a la tramuntana i les baixes temperatures.<\/p>\n<p>&nbsp;<\/p>\n<p><img loading=\"lazy\" decoding=\"async\" class=\"aligncenter size-full wp-image-13933\" src=\"http:\/\/www.conselharan.org\/wp-content\/uploads\/2016\/09\/cava-cadaqu\u00e9s3.jpg\" alt=\"Processed with Snapseed.\" width=\"998\" height=\"749\" srcset=\"https:\/\/www.conselharan.org\/wp-content\/uploads\/2016\/09\/cava-cadaqu\u00e9s3.jpg 998w, https:\/\/www.conselharan.org\/wp-content\/uploads\/2016\/09\/cava-cadaqu\u00e9s3-300x225.jpg 300w, https:\/\/www.conselharan.org\/wp-content\/uploads\/2016\/09\/cava-cadaqu\u00e9s3-768x576.jpg 768w\" sizes=\"(max-width: 998px) 100vw, 998px\" \/><\/p>\n<p><img loading=\"lazy\" decoding=\"async\" class=\"aligncenter size-full wp-image-13936\" src=\"http:\/\/www.conselharan.org\/wp-content\/uploads\/2016\/09\/cava-cadaqu\u00e9s6.jpg\" alt=\"Processed with Snapseed.\" width=\"853\" height=\"663\" srcset=\"https:\/\/www.conselharan.org\/wp-content\/uploads\/2016\/09\/cava-cadaqu\u00e9s6.jpg 853w, https:\/\/www.conselharan.org\/wp-content\/uploads\/2016\/09\/cava-cadaqu\u00e9s6-300x233.jpg 300w, https:\/\/www.conselharan.org\/wp-content\/uploads\/2016\/09\/cava-cadaqu\u00e9s6-768x597.jpg 768w, https:\/\/www.conselharan.org\/wp-content\/uploads\/2016\/09\/cava-cadaqu\u00e9s6-423x330.jpg 423w\" sizes=\"(max-width: 853px) 100vw, 853px\" \/><\/p>\n<p>&nbsp;<\/p>\n<p><img loading=\"lazy\" decoding=\"async\" class=\"aligncenter size-large wp-image-13935\" src=\"http:\/\/www.conselharan.org\/wp-content\/uploads\/2016\/09\/cava-cadaqu\u00e9s5-822x1024.jpg\" alt=\"Processed with Snapseed.\" width=\"822\" height=\"1024\" srcset=\"https:\/\/www.conselharan.org\/wp-content\/uploads\/2016\/09\/cava-cadaqu\u00e9s5-822x1024.jpg 822w, https:\/\/www.conselharan.org\/wp-content\/uploads\/2016\/09\/cava-cadaqu\u00e9s5-241x300.jpg 241w, https:\/\/www.conselharan.org\/wp-content\/uploads\/2016\/09\/cava-cadaqu\u00e9s5-768x956.jpg 768w, https:\/\/www.conselharan.org\/wp-content\/uploads\/2016\/09\/cava-cadaqu\u00e9s5.jpg 951w\" sizes=\"(max-width: 822px) 100vw, 822px\" \/><\/p>\n<p><img loading=\"lazy\" decoding=\"async\" class=\"aligncenter size-large wp-image-13934\" src=\"http:\/\/www.conselharan.org\/wp-content\/uploads\/2016\/09\/cava-cadaqu\u00e9s4-771x1024.jpg\" alt=\"Processed with Snapseed.\" width=\"771\" height=\"1024\" srcset=\"https:\/\/www.conselharan.org\/wp-content\/uploads\/2016\/09\/cava-cadaqu\u00e9s4-771x1024.jpg 771w, https:\/\/www.conselharan.org\/wp-content\/uploads\/2016\/09\/cava-cadaqu\u00e9s4-226x300.jpg 226w, https:\/\/www.conselharan.org\/wp-content\/uploads\/2016\/09\/cava-cadaqu\u00e9s4-768x1021.jpg 768w, https:\/\/www.conselharan.org\/wp-content\/uploads\/2016\/09\/cava-cadaqu\u00e9s4.jpg 891w\" sizes=\"(max-width: 771px) 100vw, 771px\" \/><\/p>\n<p><img loading=\"lazy\" decoding=\"async\" class=\"aligncenter size-large wp-image-13937\" src=\"http:\/\/www.conselharan.org\/wp-content\/uploads\/2016\/09\/cava-cadaqu\u00e9s7-685x1024.jpg\" alt=\"Processed with Snapseed.\" width=\"685\" height=\"1024\" srcset=\"https:\/\/www.conselharan.org\/wp-content\/uploads\/2016\/09\/cava-cadaqu\u00e9s7-685x1024.jpg 685w, https:\/\/www.conselharan.org\/wp-content\/uploads\/2016\/09\/cava-cadaqu\u00e9s7-201x300.jpg 201w, https:\/\/www.conselharan.org\/wp-content\/uploads\/2016\/09\/cava-cadaqu\u00e9s7-768x1148.jpg 768w, https:\/\/www.conselharan.org\/wp-content\/uploads\/2016\/09\/cava-cadaqu\u00e9s7.jpg 813w\" sizes=\"(max-width: 685px) 100vw, 685px\" \/><\/p>\n<p>El j\u00fanior <strong>Har\u00f2ld Pi<\/strong> i els infantils <strong>Aleix Filloy<\/strong> i <strong>Jana Ros<\/strong> van competir en la dist\u00e0ncia de 2.500m, l\u2019alev\u00ed <strong>Dhana P\u00e9rez<\/strong> en 400m, els benjamins <strong>Aone Landa<\/strong> i <strong>Pablo Moreno<\/strong> en 200m, els prebenjamins <strong>Alba Barbeitos<\/strong> i <strong>Bertrand Sirat<\/strong> en 100m i el mini prebenjam\u00ed <strong>Eric Barbeitos<\/strong> en 50m. <strong>Andrea Ros<\/strong> no va poder participar a causa d\u2019una lesi\u00f3.<\/p>\n<p>&nbsp;<\/p>\n<p><img loading=\"lazy\" decoding=\"async\" class=\"aligncenter size-full wp-image-13929\" src=\"http:\/\/www.conselharan.org\/wp-content\/uploads\/2016\/09\/cava-banyoles3.jpg\" alt=\"Processed with Snapseed.\" width=\"826\" height=\"636\" srcset=\"https:\/\/www.conselharan.org\/wp-content\/uploads\/2016\/09\/cava-banyoles3.jpg 826w, https:\/\/www.conselharan.org\/wp-content\/uploads\/2016\/09\/cava-banyoles3-300x231.jpg 300w, https:\/\/www.conselharan.org\/wp-content\/uploads\/2016\/09\/cava-banyoles3-768x591.jpg 768w\" sizes=\"(max-width: 826px) 100vw, 826px\" \/><\/p>\n<p>&nbsp;<\/p>\n<p>Pel que fa al diumenge, 7 nedadors es van despla\u00e7ar a Banyoles per participar en la <strong>73a Travessa a l\u2019Estany<\/strong>, una de les Travesses m\u00e9s emblem\u00e0tiques del calendari de la FCN, amb la participaci\u00f3 aproximada de 2.000 nedadors.<\/p>\n<p>&nbsp;<\/p>\n<p><img loading=\"lazy\" decoding=\"async\" class=\"aligncenter size-large wp-image-13926\" src=\"http:\/\/www.conselharan.org\/wp-content\/uploads\/2016\/09\/cava-banyoles-1024x768.jpg\" alt=\"Processed with Snapseed.\" width=\"1024\" height=\"768\" srcset=\"https:\/\/www.conselharan.org\/wp-content\/uploads\/2016\/09\/cava-banyoles-1024x768.jpg 1024w, https:\/\/www.conselharan.org\/wp-content\/uploads\/2016\/09\/cava-banyoles-300x225.jpg 300w, https:\/\/www.conselharan.org\/wp-content\/uploads\/2016\/09\/cava-banyoles-768x576.jpg 768w, https:\/\/www.conselharan.org\/wp-content\/uploads\/2016\/09\/cava-banyoles.jpg 1600w\" sizes=\"(max-width: 1024px) 100vw, 1024px\" \/><\/p>\n<p><img loading=\"lazy\" decoding=\"async\" class=\"aligncenter size-large wp-image-13928\" src=\"http:\/\/www.conselharan.org\/wp-content\/uploads\/2016\/09\/cava-banyoles2-762x1024.jpg\" alt=\"Processed with Snapseed.\" width=\"762\" height=\"1024\" srcset=\"https:\/\/www.conselharan.org\/wp-content\/uploads\/2016\/09\/cava-banyoles2-762x1024.jpg 762w, https:\/\/www.conselharan.org\/wp-content\/uploads\/2016\/09\/cava-banyoles2-223x300.jpg 223w, https:\/\/www.conselharan.org\/wp-content\/uploads\/2016\/09\/cava-banyoles2-768x1032.jpg 768w, https:\/\/www.conselharan.org\/wp-content\/uploads\/2016\/09\/cava-banyoles2.jpg 851w\" sizes=\"(max-width: 762px) 100vw, 762px\" \/><\/p>\n<p><img loading=\"lazy\" decoding=\"async\" class=\"aligncenter size-large wp-image-13927\" src=\"http:\/\/www.conselharan.org\/wp-content\/uploads\/2016\/09\/cava-banyoles1-1024x1024.jpg\" alt=\"Processed with Snapseed.\" width=\"1024\" height=\"1024\" srcset=\"https:\/\/www.conselharan.org\/wp-content\/uploads\/2016\/09\/cava-banyoles1-1024x1024.jpg 1024w, https:\/\/www.conselharan.org\/wp-content\/uploads\/2016\/09\/cava-banyoles1-150x150.jpg 150w, https:\/\/www.conselharan.org\/wp-content\/uploads\/2016\/09\/cava-banyoles1-300x300.jpg 300w, https:\/\/www.conselharan.org\/wp-content\/uploads\/2016\/09\/cava-banyoles1-768x769.jpg 768w, https:\/\/www.conselharan.org\/wp-content\/uploads\/2016\/09\/cava-banyoles1-270x270.jpg 270w, https:\/\/www.conselharan.org\/wp-content\/uploads\/2016\/09\/cava-banyoles1-207x207.jpg 207w, https:\/\/www.conselharan.org\/wp-content\/uploads\/2016\/09\/cava-banyoles1-75x75.jpg 75w, https:\/\/www.conselharan.org\/wp-content\/uploads\/2016\/09\/cava-banyoles1.jpg 1598w\" sizes=\"(max-width: 1024px) 100vw, 1024px\" \/><\/p>\n<p>&nbsp;<\/p>\n<p>El benjam\u00ed <strong>Pablo Moreno<\/strong> va competir en la <em>Travessia dels Petits<\/em> completant una dist\u00e0ncia de 400m, la benjamina <strong>Aone Landa<\/strong> va participar en la <em>Travessia de Menors<\/em> amb una dist\u00e0ncia de 1.000m, i en la <em>Travessia General<\/em>, de 2115m van participar els infantils <strong>Aleix Filloy<\/strong> i <strong>Jana Ros,<\/strong> el j\u00fanior<strong> Har\u00f2ld Pi<\/strong>, i les m\u00e0ters <strong>Nuria Nicol\u00e1s<\/strong> i <strong>Montse Cuixart<\/strong>.<\/p>\n<p>&nbsp;<\/p>\n<p>&nbsp;<\/p>\n<p>&nbsp;<\/p>\n<p>Vielha, 19 de setembre de 2016<\/p>\n<p>&nbsp;<\/p>\n<p><em>Conselh Generau d&#8217;Aran: N\u00faria Sanjuan<\/em><\/p>\n<p><em>Font:<\/em> <em>Club Atl\u00e8tic Val d\u00b4Aran (C.A.V.A)<\/em><br \/>\n<em>\u00a0 \u00a0 \u00a0 \u00a0 \u00a0 \u00a0Montse Cuixart Tornos &#8211; Delegada secci\u00f3\u00a0nataci\u00f3<\/em><br \/>\n<em>\u00a0 \u00a0 \u00a0 \u00a0 \u00a0 \u00a0Mireia Suesta Vila &#8211; Delegada secci\u00f3 nataci\u00f3<\/em><\/p>\n ","protected":false},"excerpt":{"rendered":"<p>El passat cap de setmana, 17 i 18 de setembre, el CAVA (Club Atl\u00e8tic Val d\u2019Aran) SWIM TEAM va clausurar la temporada 2015\/2016 amb una sortida de dos dies per practicar la nataci\u00f3 en aig\u00fces obertes. &nbsp; &nbsp; El dissabte, els 9 nedadors de l\u2019equip van participar en la darrera prova de la Copa Marnaton&#8230;<\/p>\n","protected":false},"author":2,"featured_media":13931,"comment_status":"closed","ping_status":"closed","sticky":false,"template":"","format":"standard","meta":{"footnotes":""},"categories":[33],"tags":[],"_links":{"self":[{"href":"https:\/\/www.conselharan.org\/ca\/wp-json\/wp\/v2\/posts\/13939"}],"collection":[{"href":"https:\/\/www.conselharan.org\/ca\/wp-json\/wp\/v2\/posts"}],"about":[{"href":"https:\/\/www.conselharan.org\/ca\/wp-json\/wp\/v2\/types\/post"}],"author":[{"embeddable":true,"href":"https:\/\/www.conselharan.org\/ca\/wp-json\/wp\/v2\/users\/2"}],"replies":[{"embeddable":true,"href":"https:\/\/www.conselharan.org\/ca\/wp-json\/wp\/v2\/comments?post=13939"}],"version-history":[{"count":1,"href":"https:\/\/www.conselharan.org\/ca\/wp-json\/wp\/v2\/posts\/13939\/revisions"}],"predecessor-version":[{"id":13940,"href":"https:\/\/www.conselharan.org\/ca\/wp-json\/wp\/v2\/posts\/13939\/revisions\/13940"}],"wp:featuredmedia":[{"embeddable":true,"href":"https:\/\/www.conselharan.org\/ca\/wp-json\/wp\/v2\/media\/13931"}],"wp:attachment":[{"href":"https:\/\/www.conselharan.org\/ca\/wp-json\/wp\/v2\/media?parent=13939"}],"wp:term":[{"taxonomy":"category","embeddable":true,"href":"https:\/\/www.conselharan.org\/ca\/wp-json\/wp\/v2\/categories?post=13939"},{"taxonomy":"post_tag","embeddable":true,"href":"https:\/\/www.conselharan.org\/ca\/wp-json\/wp\/v2\/tags?post=13939"}],"curies":[{"name":"wp","href":"https:\/\/api.w.org\/{rel}","templated":true}]}}