{"id":13951,"date":"2016-09-20T08:52:40","date_gmt":"2016-09-20T06:52:40","guid":{"rendered":"http:\/\/www.conselharan.org\/ca\/?p=13951"},"modified":"2016-09-20T09:35:53","modified_gmt":"2016-09-20T07:35:53","slug":"el-poble-de-bagergue-aconsegueix-la-maxima-distincio-de-viles-florides-2016","status":"publish","type":"post","link":"https:\/\/www.conselharan.org\/ca\/el-poble-de-bagergue-aconsegueix-la-maxima-distincio-de-viles-florides-2016\/","title":{"rendered":"El poble de Bagergue aconsegueix la m\u00e0xima distinci\u00f3 de Viles Florides 2016"},"content":{"rendered":"<p>\u2022<strong> Bagergue rep 4 Flors d&#8217;Honor d\u2019un m\u00e0xim de 5.<\/strong><\/p>\n<p><strong>\u2022 Al moviment Viles Florides 2016 van participar 86 municipis de tot Catalunya.<\/strong><\/p>\n<p>&nbsp;<\/p>\n<p><img loading=\"lazy\" decoding=\"async\" class=\"aligncenter size-full wp-image-13948\" src=\"http:\/\/www.conselharan.org\/wp-content\/uploads\/2016\/09\/marc-tarrau-vila-florida.jpg\" alt=\"marc tarrau-vila florida\" width=\"960\" height=\"718\" srcset=\"https:\/\/www.conselharan.org\/wp-content\/uploads\/2016\/09\/marc-tarrau-vila-florida.jpg 960w, https:\/\/www.conselharan.org\/wp-content\/uploads\/2016\/09\/marc-tarrau-vila-florida-300x224.jpg 300w, https:\/\/www.conselharan.org\/wp-content\/uploads\/2016\/09\/marc-tarrau-vila-florida-768x574.jpg 768w\" sizes=\"(max-width: 960px) 100vw, 960px\" \/><\/p>\n<p><em>Foto: Marc Tarrau (President EMD Bagergue)<\/em><\/p>\n<p>&nbsp;<\/p>\n<p>La gala Flors d\u2019Honor 2016 va lliurar el passat divendres, 16 de setembre, a Olot els reconeixements anuals del moviment Viles Florides, en un acte presidit per la consellera d\u2019Agricultura, Ramaderia, Pesca i Alimentaci\u00f3 de la Generalitat de Catalunya, Meritxell Serret, i que va reunit m\u00e9s de 250 persones.<\/p>\n<p><strong>Bagergue (Naut Aran)<\/strong> encap\u00e7ala el r\u00e0nquing del projecte Viles Florides que promou la Confederaci\u00f3 d\u2019Horticultura Ornamental de Catalunya (CHOC) seguida per Figueres (Alt Empord\u00e0), Mollet del Vall\u00e8s (Vall\u00e8s Oriental), Olot (Garrotxa) i Vila-seca (Tarragon\u00e8s).<\/p>\n<p>Aquests cinc municipis van estar reconeguts amb quatre Flors d\u2019Honor, per\u00f2 hi havia tamb\u00e9 31 municipis amb tres Flors d\u2019Honor, 44 municipis amb dues Flors d\u2019Honor i 6 municipis amb una Flor d\u2019Honor. En total en aquesta edici\u00f3 es van valorar 86 municipis que treballen per fer cr\u00e9ixer el verd a Catalunya i que suposen un important increment de municipis participants respecte els 66 del 2015.<\/p>\n<p>El president de l\u2019EMD de Bagergue, <strong>Marc Tarrau<\/strong>, va recollir les 4 Flors d\u2019Honor, i va agrair a <strong>\u201ctots els ve\u00efns la seva col\u2022laboraci\u00f3 i dedicaci\u00f3 perqu\u00e8 Bagergue reb\u00e9s aquest premi\u201d<\/strong> i va destacar que <strong>\u201caquesta distinci\u00f3 li dona un segell de qualitat tur\u00edstica al poble i un reclam m\u00e9s per la gent que visita la Val d\u2019Aran\u201d.<\/strong><\/p>\n<p>A banda del reconeixement institucional als municipis,Viles Florides tamb\u00e9 va premiar aquells projectes d\u2019enjardinament, ornamentaci\u00f3 floral i cultura del verd urb\u00e0 que, tant en l\u2019\u00e0mbit p\u00fablic com privat, s\u00f3n tamb\u00e9 un exemple a seguir. En aquest sentit, es van lliurar els reconeixements Iniciatives Florides a la Fundaci\u00f3 de l\u2019Antic Hospital de Sant Jaume d\u2019Olot (Col\u2022lectiu Florit); el Centre Bot\u00e0nic de Reus (Rac\u00f3 Florit); la Rambla Pompeu Fabra de Mollet del Vall\u00e8s (Espai P\u00fablic Florit); el Jard\u00ed Bot\u00e0nic Marimutra de Blanes (Espai P\u00fablic Florit), i La Siesta Salou C\u00e0mping Resort (C\u00e0mping Florit).<\/p>\n<p>&nbsp;<\/p>\n<p>&nbsp;<\/p>\n<p>&nbsp;<\/p>\n<p>Vielha, 20 de setembre de 2016<\/p>\n<p>&nbsp;<\/p>\n<p><em>Conselh Generau d&#8217;Aran: N\u00faria Sanjuan<\/em><\/p>\n<p><em>Fotos: Marc Tarrau (President EMD de Bagergue)<\/em><\/p>\n ","protected":false},"excerpt":{"rendered":"<p>\u2022 Bagergue rep 4 Flors d&#8217;Honor d\u2019un m\u00e0xim de 5. \u2022 Al moviment Viles Florides 2016 van participar 86 municipis de tot Catalunya. &nbsp; Foto: Marc Tarrau (President EMD Bagergue) &nbsp; La gala Flors d\u2019Honor 2016 va lliurar el passat divendres, 16 de setembre, a Olot els reconeixements anuals del moviment Viles Florides, en un&#8230;<\/p>\n","protected":false},"author":2,"featured_media":13948,"comment_status":"closed","ping_status":"closed","sticky":false,"template":"","format":"standard","meta":{"footnotes":""},"categories":[33],"tags":[],"_links":{"self":[{"href":"https:\/\/www.conselharan.org\/ca\/wp-json\/wp\/v2\/posts\/13951"}],"collection":[{"href":"https:\/\/www.conselharan.org\/ca\/wp-json\/wp\/v2\/posts"}],"about":[{"href":"https:\/\/www.conselharan.org\/ca\/wp-json\/wp\/v2\/types\/post"}],"author":[{"embeddable":true,"href":"https:\/\/www.conselharan.org\/ca\/wp-json\/wp\/v2\/users\/2"}],"replies":[{"embeddable":true,"href":"https:\/\/www.conselharan.org\/ca\/wp-json\/wp\/v2\/comments?post=13951"}],"version-history":[{"count":2,"href":"https:\/\/www.conselharan.org\/ca\/wp-json\/wp\/v2\/posts\/13951\/revisions"}],"predecessor-version":[{"id":13958,"href":"https:\/\/www.conselharan.org\/ca\/wp-json\/wp\/v2\/posts\/13951\/revisions\/13958"}],"wp:featuredmedia":[{"embeddable":true,"href":"https:\/\/www.conselharan.org\/ca\/wp-json\/wp\/v2\/media\/13948"}],"wp:attachment":[{"href":"https:\/\/www.conselharan.org\/ca\/wp-json\/wp\/v2\/media?parent=13951"}],"wp:term":[{"taxonomy":"category","embeddable":true,"href":"https:\/\/www.conselharan.org\/ca\/wp-json\/wp\/v2\/categories?post=13951"},{"taxonomy":"post_tag","embeddable":true,"href":"https:\/\/www.conselharan.org\/ca\/wp-json\/wp\/v2\/tags?post=13951"}],"curies":[{"name":"wp","href":"https:\/\/api.w.org\/{rel}","templated":true}]}}