{"id":13981,"date":"2016-09-21T16:30:27","date_gmt":"2016-09-21T14:30:27","guid":{"rendered":"http:\/\/www.conselharan.org\/ca\/?p=13981"},"modified":"2016-09-21T13:30:47","modified_gmt":"2016-09-21T11:30:47","slug":"la-val-daran-compta-amb-556-especies-de-bolets-identificades-de-les-3-000-catalogades-a-catalunya","status":"publish","type":"post","link":"https:\/\/www.conselharan.org\/ca\/la-val-daran-compta-amb-556-especies-de-bolets-identificades-de-les-3-000-catalogades-a-catalunya\/","title":{"rendered":"La Val d\u2019Aran compta amb 556 esp\u00e8cies de bolets identificades de les 3.000 catalogades a Catalunya"},"content":{"rendered":"<p><img loading=\"lazy\" decoding=\"async\" class=\"aligncenter size-full wp-image-13973\" src=\"http:\/\/www.conselharan.org\/wp-content\/uploads\/2016\/09\/jornades-micologiques.jpg\" alt=\"jornades micologiques\" width=\"960\" height=\"540\" srcset=\"https:\/\/www.conselharan.org\/wp-content\/uploads\/2016\/09\/jornades-micologiques.jpg 960w, https:\/\/www.conselharan.org\/wp-content\/uploads\/2016\/09\/jornades-micologiques-300x169.jpg 300w, https:\/\/www.conselharan.org\/wp-content\/uploads\/2016\/09\/jornades-micologiques-768x432.jpg 768w\" sizes=\"(max-width: 960px) 100vw, 960px\" \/><\/p>\n<p>&nbsp;<\/p>\n<p>La setmana passada, el Departament d\u2019Agricultura, Ramaderia i Medi Natural del Conselh Generau d\u2019Aran va organitzar les <strong>X Jornades Micol\u00f2giques de la Val d\u2019Aran<\/strong> juntament amb la Societat Catalana de Micologia i amb la col\u2022laboraci\u00f3 de l&#8217;Escola d\u2019Hostaleria de Les.<\/p>\n<p>&nbsp;<\/p>\n<p><img loading=\"lazy\" decoding=\"async\" class=\"aligncenter size-full wp-image-13975\" src=\"http:\/\/www.conselharan.org\/wp-content\/uploads\/2016\/09\/jornades-micologiques2.jpg\" alt=\"jornades micologiques2\" width=\"960\" height=\"720\" srcset=\"https:\/\/www.conselharan.org\/wp-content\/uploads\/2016\/09\/jornades-micologiques2.jpg 960w, https:\/\/www.conselharan.org\/wp-content\/uploads\/2016\/09\/jornades-micologiques2-300x225.jpg 300w, https:\/\/www.conselharan.org\/wp-content\/uploads\/2016\/09\/jornades-micologiques2-768x576.jpg 768w\" sizes=\"(max-width: 960px) 100vw, 960px\" \/><\/p>\n<p><em>Foto: Societat Catalana de Micologia\u00a0<\/em><\/p>\n<p>&nbsp;<\/p>\n<p>Es van realitzar tres sortides de camp per profunditzar al m\u00f3n de la micologia a c\u00e0rrec de l&#8217;equip docent <strong>Societat Catalana de Micologia<\/strong> i malgrat la sequera de l&#8217;agost i primers dies de setembre es van trobar 140 esp\u00e8cies de bolets identificades i 15 esp\u00e8cies que encara no estaven catalogades a la Val d\u2019Aran.<\/p>\n<p>&nbsp;<\/p>\n<p><img loading=\"lazy\" decoding=\"async\" class=\"aligncenter size-full wp-image-13976\" src=\"http:\/\/www.conselharan.org\/wp-content\/uploads\/2016\/09\/jornades-micologiques3.jpg\" alt=\"jornades micologiques3\" width=\"960\" height=\"720\" srcset=\"https:\/\/www.conselharan.org\/wp-content\/uploads\/2016\/09\/jornades-micologiques3.jpg 960w, https:\/\/www.conselharan.org\/wp-content\/uploads\/2016\/09\/jornades-micologiques3-300x225.jpg 300w, https:\/\/www.conselharan.org\/wp-content\/uploads\/2016\/09\/jornades-micologiques3-768x576.jpg 768w\" sizes=\"(max-width: 960px) 100vw, 960px\" \/><\/p>\n<p><em>Foto: Societat Catalana de Micologia\u00a0<\/em><\/p>\n<p>&nbsp;<\/p>\n<p><img loading=\"lazy\" decoding=\"async\" class=\"aligncenter size-full wp-image-13974\" src=\"http:\/\/www.conselharan.org\/wp-content\/uploads\/2016\/09\/jornades-micologiques1.jpg\" alt=\"jornades micologiques1\" width=\"540\" height=\"960\" srcset=\"https:\/\/www.conselharan.org\/wp-content\/uploads\/2016\/09\/jornades-micologiques1.jpg 540w, https:\/\/www.conselharan.org\/wp-content\/uploads\/2016\/09\/jornades-micologiques1-169x300.jpg 169w\" sizes=\"(max-width: 540px) 100vw, 540px\" \/><\/p>\n<p><em>Foto: Societat Catalana de Micologia\u00a0<\/em><\/p>\n<p>&nbsp;<\/p>\n<p>Enguany, les Jornades van comptar amb un taller de gastronomia sobre bolets amb<strong> Marc Nus<\/strong> (chef del restaurant Era Coqu\u00e8la); una jornada sobre les oportunitats en el desenvolupament del micoturisme (turisme entorn als bolets) a c\u00e0rrec de <strong>Fernando Mart\u00ednez<\/strong> (Centro d&#8217;Investigaci\u00f3n y Tecnolog\u00eda Agroalimentaria de Arag\u00f3n) i <strong>Joaquin Latorre<\/strong> (Programa de Micologia de Castilla y Le\u00f3n, MICOCYL-CESEFOR) a m\u00e9s de l&#8217;exposici\u00f3 de bolets a Les amb 140 esp\u00e8cies de fongs.<\/p>\n<p>&nbsp;<\/p>\n<p>&nbsp;<\/p>\n<p>&nbsp;<\/p>\n<p>Vielha, 21 de setembre de 2016<\/p>\n<p>&nbsp;<\/p>\n<p><em>Conselh Generau d&#8217;Aran: N\u00faria Sanjuan<\/em><\/p>\n ","protected":false},"excerpt":{"rendered":"<p>&nbsp; La setmana passada, el Departament d\u2019Agricultura, Ramaderia i Medi Natural del Conselh Generau d\u2019Aran va organitzar les X Jornades Micol\u00f2giques de la Val d\u2019Aran juntament amb la Societat Catalana de Micologia i amb la col\u2022laboraci\u00f3 de l&#8217;Escola d\u2019Hostaleria de Les. &nbsp; Foto: Societat Catalana de Micologia\u00a0 &nbsp; Es van realitzar tres sortides de camp&#8230;<\/p>\n","protected":false},"author":2,"featured_media":13977,"comment_status":"closed","ping_status":"closed","sticky":false,"template":"","format":"standard","meta":{"footnotes":""},"categories":[127,33],"tags":[],"_links":{"self":[{"href":"https:\/\/www.conselharan.org\/ca\/wp-json\/wp\/v2\/posts\/13981"}],"collection":[{"href":"https:\/\/www.conselharan.org\/ca\/wp-json\/wp\/v2\/posts"}],"about":[{"href":"https:\/\/www.conselharan.org\/ca\/wp-json\/wp\/v2\/types\/post"}],"author":[{"embeddable":true,"href":"https:\/\/www.conselharan.org\/ca\/wp-json\/wp\/v2\/users\/2"}],"replies":[{"embeddable":true,"href":"https:\/\/www.conselharan.org\/ca\/wp-json\/wp\/v2\/comments?post=13981"}],"version-history":[{"count":1,"href":"https:\/\/www.conselharan.org\/ca\/wp-json\/wp\/v2\/posts\/13981\/revisions"}],"predecessor-version":[{"id":13982,"href":"https:\/\/www.conselharan.org\/ca\/wp-json\/wp\/v2\/posts\/13981\/revisions\/13982"}],"wp:featuredmedia":[{"embeddable":true,"href":"https:\/\/www.conselharan.org\/ca\/wp-json\/wp\/v2\/media\/13977"}],"wp:attachment":[{"href":"https:\/\/www.conselharan.org\/ca\/wp-json\/wp\/v2\/media?parent=13981"}],"wp:term":[{"taxonomy":"category","embeddable":true,"href":"https:\/\/www.conselharan.org\/ca\/wp-json\/wp\/v2\/categories?post=13981"},{"taxonomy":"post_tag","embeddable":true,"href":"https:\/\/www.conselharan.org\/ca\/wp-json\/wp\/v2\/tags?post=13981"}],"curies":[{"name":"wp","href":"https:\/\/api.w.org\/{rel}","templated":true}]}}