{"id":13999,"date":"2016-09-23T16:30:20","date_gmt":"2016-09-23T14:30:20","guid":{"rendered":"http:\/\/www.conselharan.org\/ca\/?p=13999"},"modified":"2016-09-23T13:22:28","modified_gmt":"2016-09-23T11:22:28","slug":"el-govern-daran-construeix-una-passarel%e2%80%a2la-a-litinerari-de-carlac","status":"publish","type":"post","link":"https:\/\/www.conselharan.org\/ca\/el-govern-daran-construeix-una-passarel%e2%80%a2la-a-litinerari-de-carlac\/","title":{"rendered":"El Gov\u00e8rn d\u2019Aran construeix una passarel\u2022la a l\u2019itinerari de Carlac"},"content":{"rendered":"<p><img loading=\"lazy\" decoding=\"async\" class=\"aligncenter size-large wp-image-13997\" src=\"http:\/\/www.conselharan.org\/wp-content\/uploads\/2016\/09\/passarella-carlac1-768x1024.jpg\" alt=\"passarella carlac1\" width=\"768\" height=\"1024\" srcset=\"https:\/\/www.conselharan.org\/wp-content\/uploads\/2016\/09\/passarella-carlac1-768x1024.jpg 768w, https:\/\/www.conselharan.org\/wp-content\/uploads\/2016\/09\/passarella-carlac1-225x300.jpg 225w, https:\/\/www.conselharan.org\/wp-content\/uploads\/2016\/09\/passarella-carlac1.jpg 1200w\" sizes=\"(max-width: 768px) 100vw, 768px\" \/><\/p>\n<p>&nbsp;<\/p>\n<p>El Conselh Generau d\u2019Aran, a trav\u00e9s de la empresa Serveis Ambientals de la Val d\u2019Aran (<strong>SAVA, S.L<\/strong>.) ha constru\u00eft una passarel\u2022la al cam\u00ed de Burs, pel qual passa l\u2019itinerari de Carlac a Bausen.<\/p>\n<p>En aquest cam\u00ed hi havia un toll permanent amb les arrels dels arbres que dificultava el pas dels usuaris.<\/p>\n<p>La passarel\u2022la t\u00e9 2 bigues de fusta de secci\u00f3 rectangular d\u20191 m d\u2019amplada i 5 cm de gruix. Amb pedres de la mateixa zona, lligades amb morter, s\u2019han preparat les bases de les dos puntes i una al punt mig de la passarel\u2022la.<\/p>\n<p>El conselh\u00e8r d\u2019Agricultura, Ramaderia i Medi Natural d\u2019Aran, <strong>Jose Enrique Arr\u00f3<\/strong>, ha explicat \u201c<strong>amb aquesta passarel\u2022la es millora la ruta del bosc de Carlac que comen\u00e7a al poble de Bausen i transcorre per un dels paratges m\u00e9s emblem\u00e0tics de la Val d\u2019Aran amb un bosc de fajos mil\u2022lenaris\u201d<\/strong>.<\/p>\n<p>&nbsp;<\/p>\n<p>Vielha, 23 de setembre de 2016<\/p>\n<p>&nbsp;<\/p>\n<p><em>Conselh Generau d&#8217;Aran: N\u00faria Sanjuan<\/em><\/p>\n ","protected":false},"excerpt":{"rendered":"<p>&nbsp; El Conselh Generau d\u2019Aran, a trav\u00e9s de la empresa Serveis Ambientals de la Val d\u2019Aran (SAVA, S.L.) ha constru\u00eft una passarel\u2022la al cam\u00ed de Burs, pel qual passa l\u2019itinerari de Carlac a Bausen. En aquest cam\u00ed hi havia un toll permanent amb les arrels dels arbres que dificultava el pas dels usuaris. La passarel\u2022la&#8230;<\/p>\n","protected":false},"author":2,"featured_media":13997,"comment_status":"closed","ping_status":"closed","sticky":false,"template":"","format":"standard","meta":{"footnotes":""},"categories":[53,127],"tags":[],"_links":{"self":[{"href":"https:\/\/www.conselharan.org\/ca\/wp-json\/wp\/v2\/posts\/13999"}],"collection":[{"href":"https:\/\/www.conselharan.org\/ca\/wp-json\/wp\/v2\/posts"}],"about":[{"href":"https:\/\/www.conselharan.org\/ca\/wp-json\/wp\/v2\/types\/post"}],"author":[{"embeddable":true,"href":"https:\/\/www.conselharan.org\/ca\/wp-json\/wp\/v2\/users\/2"}],"replies":[{"embeddable":true,"href":"https:\/\/www.conselharan.org\/ca\/wp-json\/wp\/v2\/comments?post=13999"}],"version-history":[{"count":2,"href":"https:\/\/www.conselharan.org\/ca\/wp-json\/wp\/v2\/posts\/13999\/revisions"}],"predecessor-version":[{"id":14001,"href":"https:\/\/www.conselharan.org\/ca\/wp-json\/wp\/v2\/posts\/13999\/revisions\/14001"}],"wp:featuredmedia":[{"embeddable":true,"href":"https:\/\/www.conselharan.org\/ca\/wp-json\/wp\/v2\/media\/13997"}],"wp:attachment":[{"href":"https:\/\/www.conselharan.org\/ca\/wp-json\/wp\/v2\/media?parent=13999"}],"wp:term":[{"taxonomy":"category","embeddable":true,"href":"https:\/\/www.conselharan.org\/ca\/wp-json\/wp\/v2\/categories?post=13999"},{"taxonomy":"post_tag","embeddable":true,"href":"https:\/\/www.conselharan.org\/ca\/wp-json\/wp\/v2\/tags?post=13999"}],"curies":[{"name":"wp","href":"https:\/\/api.w.org\/{rel}","templated":true}]}}