{"id":14008,"date":"2016-09-24T16:30:54","date_gmt":"2016-09-24T14:30:54","guid":{"rendered":"http:\/\/www.conselharan.org\/ca\/?p=14008"},"modified":"2016-09-23T15:32:58","modified_gmt":"2016-09-23T13:32:58","slug":"el-conselh-generau-daran-recolza-a-oscar-cadiach-per-anar-al-broad-peak-i-completar-lultim-14e-vuit-mil","status":"publish","type":"post","link":"https:\/\/www.conselharan.org\/ca\/el-conselh-generau-daran-recolza-a-oscar-cadiach-per-anar-al-broad-peak-i-completar-lultim-14e-vuit-mil\/","title":{"rendered":"El Conselh Generau d\u2019Aran recolza a \u00d2scar Cadiach per anar al Broad Peak i completar l\u2019\u00faltim 14\u00e8 vuit mil"},"content":{"rendered":"<p><strong>\u2022 \u00d2scar Cadiach aspira a assolir el vuit mil que li queda per completar els catorze vuit mil.<\/strong><\/p>\n<p><strong>\u2022 Portar\u00e0 la bandera de la Val d\u2019Aran al cim.<\/strong><\/p>\n<p>&nbsp;<\/p>\n<p><img loading=\"lazy\" decoding=\"async\" class=\"aligncenter size-large wp-image-14005\" src=\"http:\/\/www.conselharan.org\/wp-content\/uploads\/2016\/09\/DSC_0213-875x1024.jpg\" alt=\"DSC_0213\" width=\"875\" height=\"1024\" srcset=\"https:\/\/www.conselharan.org\/wp-content\/uploads\/2016\/09\/DSC_0213-875x1024.jpg 875w, https:\/\/www.conselharan.org\/wp-content\/uploads\/2016\/09\/DSC_0213-256x300.jpg 256w, https:\/\/www.conselharan.org\/wp-content\/uploads\/2016\/09\/DSC_0213-768x899.jpg 768w\" sizes=\"(max-width: 875px) 100vw, 875px\" \/><\/p>\n<p><em>\u00d2scar Cadiach amb el vicesindic d\u2019Aran, Luis Carlos Medina, i amb la conselh\u00e8ra de Turisme i Desenvolupament Econ\u00f2mic d\u2019Aran, Anna D\u00edaz.<\/em><\/p>\n<p>&nbsp;<\/p>\n<p>&nbsp;<\/p>\n<p>El 28 d&#8217;agost de 1985 l\u2019alpinista, <strong>\u00d2scar Cadiach<\/strong> (Barcelona, 1952), va ser juntament amb Antoni Sors i Carles Vall\u00e8s, el primer alpinista catal\u00e0 en assolir el cim de l&#8217;Everest. \u00c9s el catal\u00e0 que ha fet m\u00e9s cims que sobrepassen els vuit mil metres: Everest (2 vegades), Lhotse, Makalu, Cho Oyu (2 vegades), Nanga Parbat, Gasherbrum II,Manaslu, Annapurna i Dhaulagiri.<\/p>\n<p>El 1984 amb Jordi Magriny\u00e0 va assolir el seu primer vuit mil, el Nanga Parbat (8.125m). L&#8217;any seg\u00fcent va formar part amb Antoni Sors i Carles Vall\u00e8s, de la primera cordada catalana en assolir l&#8217;Everest (8.848 m), cim que va coronar de nou el 1993 pel vessant nepal\u00e8s. A principis de la d\u00e8cada de 1990 va iniciar l&#8217;exploraci\u00f3 del vessant xin\u00e8s del Karakorum pujant el Broad Peak pel vessant nord l&#8217;any 1990 en solitari i obrint la ruta <em>Fem Tarragona<\/em> al Broad Peak central el 1992, totes dues sense fer cim. El 1996 va obrir amb l&#8217;alpinista austr\u00edac Sebastian Ruckesteiner la via <em>Free Tibet<\/em> al Cho Oyu.<\/p>\n<p>Ha participat en nombroses expedicions a diferents continents: a l&#8217;\u00c0frica, a Kenya el 1974, i l&#8217;Ahaggar d&#8217;Alg\u00e8ria els anys 1979 i 1980; a Am\u00e8rica del Sud, als Andes el 1978 i la Patag\u00f2nia en 1986; i a l&#8217;\u00c0sia, al Karakorum en 1981, 1988 i 1994, i a l&#8217;Himal\u00e0ia en 1982, 1987, 1989 i 1993. A m\u00e9s, com a guia d&#8217;alta muntanya, ha dirigit grups d&#8217;alpinistes a l&#8217;Aconcagua en 1989, al Kilimanjaro en 1995 i a cims de l&#8217;Him\u00e0laia en 1997 i 1998, i al Karakorum en 1999. \u00c9s el primer occidental en pujar a l&#8217;Everest sense oxigen i pel vessant nord. A part d&#8217;alpinista, tamb\u00e9 \u00e9s fot\u00f2graf i c\u00e0mera d&#8217;al\u00e7ada. Ha realitzat diverses pel\u2022l\u00edcules de les seves expedicions i ha guanyat premis arreu del m\u00f3n, i l&#8217;any 2000 va participar en una expedici\u00f3 com a protagonista d&#8217;un documental sobre l&#8217;ascensi\u00f3 de George Mallory i Andrew Irvine del 1924 a l&#8217;Everest per al programa de Televisi\u00f3 Espanyola <em>Al filo de lo imposible.<\/em><\/p>\n<p>L\u2019alpinista tarragon\u00ed amb casa a Vilam\u00f2s (Val d\u2019Aran), \u00d2scar Cadiach, tornar\u00e0 a intentar el Broad Peak el proper mes d\u2019octubre i portar\u00e0 la bandera de la Val d\u2019Aran al cim del seu 14\u00e8 vuit mil.<\/p>\n<p>El vicesindic d\u2019Aran, <strong>Luis Carlos Medina<\/strong>, juntament amb la conselh\u00e8ra de Turisme i Desenvolupament Econ\u00f2mic d\u2019Aran, <strong>Anna D\u00edaz<\/strong>, han rebut a \u00d2scar Cadiach de cara a la propera expedici\u00f3 del tarragon\u00ed a aquest cim de 8.047 m on el Gov\u00e8rn d\u2019Aran esponsoritzar\u00e0 a l\u2019alpinista .<\/p>\n<p>Recordem que la Val d\u2019Aran acollir\u00e0 una prova de la Copa del M\u00f3n d\u2019Esqu\u00ed de Muntanya els dies 8 i 9 d\u2019abril de 2017.<\/p>\n<p>En paraules del vicesindic d\u2019Aran, <strong>Luis Carlos Medina \u201cla inclusi\u00f3 de la Val d\u2019Aran al calendari de la ISMF World Cup 2017, suposa un pas m\u00e9s en la consolidaci\u00f3 de la Val d\u2019Aran com a destinaci\u00f3 esportiva de proves d\u2019alt nivell internacional, a m\u00e9s de la consolidaci\u00f3 com a seu de refer\u00e8ncia per a proves d\u2019esqu\u00ed de muntanya\u201d<\/strong>. Medina ha afegit \u201c<strong>la ruta a l\u2019Aneto per la vessant aranesa t\u00e9 cada vegada m\u00e9s aflu\u00e8ncia i amb el suport a \u00d2scar Cadiach volem que es vinculi la Val d\u2019Aran amb l\u2019alta muntanya.\u201d<\/strong><\/p>\n<p>L\u2019alpinista portar\u00e0 els emblemes del Conselh Generau d\u2019Aran fins al cim d\u2019aquest vuit mil del Karakorum i tota la imatge corporativa de Foment Turisme Val d\u2019Aran en la indument\u00e0ria de l\u2019expedici\u00f3, que es pot allargar uns cinquanta dies des de la seva partida.<\/p>\n<p>Cadiach tornar\u00e0 a aquesta muntanya del Pakistan el proper mes d\u2019octubre, quan espera trobar millors condicions que les que el juliol i agost passat el van fer desistir en el seu intent.<\/p>\n<p>&nbsp;<\/p>\n<p>&nbsp;<\/p>\n<p>Vielha, 23 de setembre de 2016<\/p>\n<p>&nbsp;<\/p>\n<p><em>Conselh Generau d&#8217;Aran: N\u00faria Sanjuan<\/em><\/p>\n ","protected":false},"excerpt":{"rendered":"<p>\u2022 \u00d2scar Cadiach aspira a assolir el vuit mil que li queda per completar els catorze vuit mil. \u2022 Portar\u00e0 la bandera de la Val d\u2019Aran al cim. &nbsp; \u00d2scar Cadiach amb el vicesindic d\u2019Aran, Luis Carlos Medina, i amb la conselh\u00e8ra de Turisme i Desenvolupament Econ\u00f2mic d\u2019Aran, Anna D\u00edaz. &nbsp; &nbsp; El 28 d&#8217;agost&#8230;<\/p>\n","protected":false},"author":2,"featured_media":14006,"comment_status":"closed","ping_status":"closed","sticky":false,"template":"","format":"standard","meta":{"footnotes":""},"categories":[33],"tags":[],"_links":{"self":[{"href":"https:\/\/www.conselharan.org\/ca\/wp-json\/wp\/v2\/posts\/14008"}],"collection":[{"href":"https:\/\/www.conselharan.org\/ca\/wp-json\/wp\/v2\/posts"}],"about":[{"href":"https:\/\/www.conselharan.org\/ca\/wp-json\/wp\/v2\/types\/post"}],"author":[{"embeddable":true,"href":"https:\/\/www.conselharan.org\/ca\/wp-json\/wp\/v2\/users\/2"}],"replies":[{"embeddable":true,"href":"https:\/\/www.conselharan.org\/ca\/wp-json\/wp\/v2\/comments?post=14008"}],"version-history":[{"count":3,"href":"https:\/\/www.conselharan.org\/ca\/wp-json\/wp\/v2\/posts\/14008\/revisions"}],"predecessor-version":[{"id":14013,"href":"https:\/\/www.conselharan.org\/ca\/wp-json\/wp\/v2\/posts\/14008\/revisions\/14013"}],"wp:featuredmedia":[{"embeddable":true,"href":"https:\/\/www.conselharan.org\/ca\/wp-json\/wp\/v2\/media\/14006"}],"wp:attachment":[{"href":"https:\/\/www.conselharan.org\/ca\/wp-json\/wp\/v2\/media?parent=14008"}],"wp:term":[{"taxonomy":"category","embeddable":true,"href":"https:\/\/www.conselharan.org\/ca\/wp-json\/wp\/v2\/categories?post=14008"},{"taxonomy":"post_tag","embeddable":true,"href":"https:\/\/www.conselharan.org\/ca\/wp-json\/wp\/v2\/tags?post=14008"}],"curies":[{"name":"wp","href":"https:\/\/api.w.org\/{rel}","templated":true}]}}