{"id":14019,"date":"2016-09-25T16:30:04","date_gmt":"2016-09-25T14:30:04","guid":{"rendered":"http:\/\/www.conselharan.org\/ca\/?p=14019"},"modified":"2016-09-23T15:55:46","modified_gmt":"2016-09-23T13:55:46","slug":"alumnes-de-lescola-superior-darquitectura-de-la-universitat-rovira-i-virgili-trien-les-esglesies-daran-pels-seus-treballs-de-final-de-carrera-2","status":"publish","type":"post","link":"https:\/\/www.conselharan.org\/ca\/alumnes-de-lescola-superior-darquitectura-de-la-universitat-rovira-i-virgili-trien-les-esglesies-daran-pels-seus-treballs-de-final-de-carrera-2\/","title":{"rendered":"Alumnes de l&#8217;Escola Superior d\u2019Arquitectura de la Universitat Rovira i Virgili trien les esgl\u00e9sies d\u2019Aran pels seus treballs de final de carrera"},"content":{"rendered":"<p><img loading=\"lazy\" decoding=\"async\" class=\"aligncenter size-large wp-image-14016\" src=\"http:\/\/www.conselharan.org\/wp-content\/uploads\/2016\/09\/DSC_0229-1024x685.jpg\" alt=\"DSC_0229\" width=\"1024\" height=\"685\" srcset=\"https:\/\/www.conselharan.org\/wp-content\/uploads\/2016\/09\/DSC_0229-1024x685.jpg 1024w, https:\/\/www.conselharan.org\/wp-content\/uploads\/2016\/09\/DSC_0229-300x201.jpg 300w, https:\/\/www.conselharan.org\/wp-content\/uploads\/2016\/09\/DSC_0229-768x514.jpg 768w\" sizes=\"(max-width: 1024px) 100vw, 1024px\" \/><\/p>\n<p>&nbsp;<\/p>\n<p>El s\u00edndic d\u2019Aran, <strong>Carlos Barrera,<\/strong> ha rebut a una cinquantena d\u2019alumnes de l&#8217;Escola Superior d\u2019Arquitectura de la Universitat Rovira i Virgili de Tarragona.<\/p>\n<p>&nbsp;<\/p>\n<p><img loading=\"lazy\" decoding=\"async\" class=\"aligncenter size-large wp-image-14017\" src=\"http:\/\/www.conselharan.org\/wp-content\/uploads\/2016\/09\/DSC_0231-1024x685.jpg\" alt=\"DSC_0231\" width=\"1024\" height=\"685\" srcset=\"https:\/\/www.conselharan.org\/wp-content\/uploads\/2016\/09\/DSC_0231-1024x685.jpg 1024w, https:\/\/www.conselharan.org\/wp-content\/uploads\/2016\/09\/DSC_0231-300x201.jpg 300w, https:\/\/www.conselharan.org\/wp-content\/uploads\/2016\/09\/DSC_0231-768x514.jpg 768w\" sizes=\"(max-width: 1024px) 100vw, 1024px\" \/><\/p>\n<p>&nbsp;<\/p>\n<p>En paraules del s\u00edndic d\u2019Aran, <strong>Carlos Barrera, \u201caquests treballs s\u00f3n una immesurable base de documentaci\u00f3 de dades per, amb temps, anar treballant en l&#8217;aquella idea de buscar la m\u00e0xima catalogaci\u00f3 de la Val d\u2019Aran com Patrimoni de la Humanitat\u201d.<\/strong><\/p>\n<p>La t\u00e8cnic de Patrimoni del Conselh Generau, <strong>Elisa Ros<\/strong>, ha fet una explicaci\u00f3 de l&#8217;esgl\u00e9sia de Sant Miqu\u00e8u de Vielha, i ha acompanyat a cada grup d\u2019alumnes a les diferents esgl\u00e9sies i capelles sobre les que treballaran.<\/p>\n<p>Aquestes visites a les esgl\u00e9sies i disposar les mateixes \u00e9s gracies a la disposici\u00f3 per part dels Mossens de la Val d\u2019Aran i del seu Arxiprest, <strong>Moss\u00e8n Pere Balagu\u00e9<\/strong>, en particular.<\/p>\n<p>&nbsp;<\/p>\n<p>&nbsp;<\/p>\n<p>Vielha, 23 de setembre de 2016<\/p>\n<p>&nbsp;<\/p>\n<p><em>Conselh Generau d&#8217;Aran: N\u00faria Sanjuan<\/em><\/p>\n ","protected":false},"excerpt":{"rendered":"<p>&nbsp; El s\u00edndic d\u2019Aran, Carlos Barrera, ha rebut a una cinquantena d\u2019alumnes de l&#8217;Escola Superior d\u2019Arquitectura de la Universitat Rovira i Virgili de Tarragona. &nbsp; &nbsp; En paraules del s\u00edndic d\u2019Aran, Carlos Barrera, \u201caquests treballs s\u00f3n una immesurable base de documentaci\u00f3 de dades per, amb temps, anar treballant en l&#8217;aquella idea de buscar la m\u00e0xima&#8230;<\/p>\n","protected":false},"author":2,"featured_media":14016,"comment_status":"closed","ping_status":"closed","sticky":false,"template":"","format":"standard","meta":{"footnotes":""},"categories":[33],"tags":[],"_links":{"self":[{"href":"https:\/\/www.conselharan.org\/ca\/wp-json\/wp\/v2\/posts\/14019"}],"collection":[{"href":"https:\/\/www.conselharan.org\/ca\/wp-json\/wp\/v2\/posts"}],"about":[{"href":"https:\/\/www.conselharan.org\/ca\/wp-json\/wp\/v2\/types\/post"}],"author":[{"embeddable":true,"href":"https:\/\/www.conselharan.org\/ca\/wp-json\/wp\/v2\/users\/2"}],"replies":[{"embeddable":true,"href":"https:\/\/www.conselharan.org\/ca\/wp-json\/wp\/v2\/comments?post=14019"}],"version-history":[{"count":1,"href":"https:\/\/www.conselharan.org\/ca\/wp-json\/wp\/v2\/posts\/14019\/revisions"}],"predecessor-version":[{"id":14020,"href":"https:\/\/www.conselharan.org\/ca\/wp-json\/wp\/v2\/posts\/14019\/revisions\/14020"}],"wp:featuredmedia":[{"embeddable":true,"href":"https:\/\/www.conselharan.org\/ca\/wp-json\/wp\/v2\/media\/14016"}],"wp:attachment":[{"href":"https:\/\/www.conselharan.org\/ca\/wp-json\/wp\/v2\/media?parent=14019"}],"wp:term":[{"taxonomy":"category","embeddable":true,"href":"https:\/\/www.conselharan.org\/ca\/wp-json\/wp\/v2\/categories?post=14019"},{"taxonomy":"post_tag","embeddable":true,"href":"https:\/\/www.conselharan.org\/ca\/wp-json\/wp\/v2\/tags?post=14019"}],"curies":[{"name":"wp","href":"https:\/\/api.w.org\/{rel}","templated":true}]}}