{"id":14099,"date":"2016-10-01T08:00:32","date_gmt":"2016-10-01T06:00:32","guid":{"rendered":"http:\/\/www.conselharan.org\/ca\/?p=14099"},"modified":"2016-10-01T11:18:00","modified_gmt":"2016-10-01T09:18:00","slug":"era-val-daran-acuelh-deth-6-ath-8-doctobre-es-heires-ramaderes","status":"publish","type":"post","link":"https:\/\/www.conselharan.org\/ca\/era-val-daran-acuelh-deth-6-ath-8-doctobre-es-heires-ramaderes\/","title":{"rendered":"Era Val d\u2019Aran acuelh deth 6 ath 8 d\u2019octobre es h\u00e8ires ramad\u00e8res"},"content":{"rendered":"<p><strong>Ath del\u00e0, eth 8 d\u2019octobre aur\u00e0 l\u00f2c en Vielha, eth XIIIau Concors Morfologic \u201cCavall Pirenenc Catalan\u201d.<\/strong><\/p>\n<p><strong>Era h\u00e8ira de Boss\u00f2st aur\u00e0 l\u00f2c eth dissabte, 29 d\u2019octobre.<\/strong><\/p>\n<p>&nbsp;<\/p>\n<p><img loading=\"lazy\" decoding=\"async\" class=\"aligncenter size-full wp-image-14092\" src=\"http:\/\/www.conselharan.org\/wp-content\/uploads\/2016\/09\/FIGAN-2015_HEMBRA-DE-RAZA-ARANESA.-FOTO-ROSA-AVELLANET.jpg\" alt=\"FIGAN 2015_HEMBRA DE RAZA ARANESA. FOTO ROSA AVELLANET\" width=\"999\" height=\"666\" srcset=\"https:\/\/www.conselharan.org\/wp-content\/uploads\/2016\/09\/FIGAN-2015_HEMBRA-DE-RAZA-ARANESA.-FOTO-ROSA-AVELLANET.jpg 999w, https:\/\/www.conselharan.org\/wp-content\/uploads\/2016\/09\/FIGAN-2015_HEMBRA-DE-RAZA-ARANESA.-FOTO-ROSA-AVELLANET-300x200.jpg 300w, https:\/\/www.conselharan.org\/wp-content\/uploads\/2016\/09\/FIGAN-2015_HEMBRA-DE-RAZA-ARANESA.-FOTO-ROSA-AVELLANET-768x512.jpg 768w\" sizes=\"(max-width: 999px) 100vw, 999px\" \/><\/p>\n<p>&nbsp;<\/p>\n<p>En tot co\u00efncidir damb era arribada dera tardor, ena Val d\u2019Aran se cel\u00e8bre ua naua edicion des h\u00e8ires d\u2019animaus e com\u00e8r\u00e7 deth 6 ath 8 d\u2019octobre. Ua s\u00e8ria de jornades enes quaus se p\u00f2t con\u00e9isher ua des activitats tradicionaus dera Val d\u2019Aran com ei era ramaderia, sector principau enquia h\u00e8 diu\u00e8rsi dec\u00e8nnis.<\/p>\n<p><em><strong>Programes:<\/strong><\/em><\/p>\n<p><img loading=\"lazy\" decoding=\"async\" class=\"aligncenter size-large wp-image-14093\" src=\"http:\/\/www.conselharan.org\/wp-content\/uploads\/2016\/09\/HEIRA-LES-2016-661x1024.jpg\" alt=\"HEIRA LES 2016\" width=\"661\" height=\"1024\" srcset=\"https:\/\/www.conselharan.org\/wp-content\/uploads\/2016\/09\/HEIRA-LES-2016-661x1024.jpg 661w, https:\/\/www.conselharan.org\/wp-content\/uploads\/2016\/09\/HEIRA-LES-2016-194x300.jpg 194w, https:\/\/www.conselharan.org\/wp-content\/uploads\/2016\/09\/HEIRA-LES-2016.jpg 715w\" sizes=\"(max-width: 661px) 100vw, 661px\" \/><\/p>\n<p>&nbsp;<\/p>\n<p><strong>Dijaus, 6 d\u2019octobre:<\/strong><\/p>\n<ul>\n<li><strong>H\u00e8ira de Les:<\/strong><\/li>\n<\/ul>\n<p>08:00 ores. Arribada deth bestiar.<br \/>\n09:00 ores. Dubertura deth recinte dera h\u00e8ira.<br \/>\n10:00 ores. Esdejoar popular damb era collaboracion dera Esc\u00f2la d\u2019Ostalaria de Les.<\/p>\n<p>&nbsp;<\/p>\n<p><img loading=\"lazy\" decoding=\"async\" class=\"aligncenter size-large wp-image-14094\" src=\"http:\/\/www.conselharan.org\/wp-content\/uploads\/2016\/09\/H\u00e8ira-Salard\u00fa-2016-727x1024.jpg\" alt=\"H\u00e8ira Salard\u00fa 2016\" width=\"727\" height=\"1024\" srcset=\"https:\/\/www.conselharan.org\/wp-content\/uploads\/2016\/09\/H\u00e8ira-Salard\u00fa-2016-727x1024.jpg 727w, https:\/\/www.conselharan.org\/wp-content\/uploads\/2016\/09\/H\u00e8ira-Salard\u00fa-2016-213x300.jpg 213w, https:\/\/www.conselharan.org\/wp-content\/uploads\/2016\/09\/H\u00e8ira-Salard\u00fa-2016-768x1082.jpg 768w\" sizes=\"(max-width: 727px) 100vw, 727px\" \/><\/p>\n<p>&nbsp;<\/p>\n<p><strong>Diuendres, 7 d\u2019octobre:<\/strong><\/p>\n<ul>\n<li><strong>H\u00e8ira de Salard\u00fa:<\/strong><\/li>\n<\/ul>\n<p>10:00 ores. Arribada deth bestiar.<br \/>\n10:30 ores. Esdejoar popular aufrit per Ajuntament deth Naut Aran.<br \/>\n11:00 ores. M\u00f2stra de bestiar: oelhes, vaques e shivaus.<\/p>\n<p>&nbsp;<\/p>\n<p><img loading=\"lazy\" decoding=\"async\" class=\"aligncenter size-large wp-image-14095\" src=\"http:\/\/www.conselharan.org\/wp-content\/uploads\/2016\/09\/FERIA-DE-VIELHA-2016-luz-724x1024.jpg\" alt=\"FERIA DE VIELHA 2016\" width=\"724\" height=\"1024\" srcset=\"https:\/\/www.conselharan.org\/wp-content\/uploads\/2016\/09\/FERIA-DE-VIELHA-2016-luz-724x1024.jpg 724w, https:\/\/www.conselharan.org\/wp-content\/uploads\/2016\/09\/FERIA-DE-VIELHA-2016-luz-212x300.jpg 212w, https:\/\/www.conselharan.org\/wp-content\/uploads\/2016\/09\/FERIA-DE-VIELHA-2016-luz-768x1086.jpg 768w, https:\/\/www.conselharan.org\/wp-content\/uploads\/2016\/09\/FERIA-DE-VIELHA-2016-luz.jpg 1240w\" sizes=\"(max-width: 724px) 100vw, 724px\" \/><\/p>\n<p>&nbsp;<\/p>\n<p><strong>Dissabte, 8 d\u2019octobre:<\/strong><\/p>\n<ul>\n<li><strong>H\u00e8ira de Vielha:<\/strong><\/li>\n<\/ul>\n<p>10.00 ores. Esdejoar popular en recinte dera h\u00e8ira (pla\u00e7at ena Av. Baile Calbet\u00f3 ath cant der antic camp de fotb\u00f2l)<\/p>\n<p>10 :00 \u2013 11:00 ores. Inscripcions deth bestiar participant en XXXau. Concors de Bestiar dera H\u00e8ira de Vielha<br \/>\nAra seguida, avaloracion des exemplars per part deth jurat.<\/p>\n<p>10 :00-14:00 ores. Celebracion deth XIIIau. Concors Morfologic Comarcau deth \u00ab Cavall Pirinenc-Catal\u00e0 \u00bb<\/p>\n<p>14 :00 ores. Entr\u00e8ga der incentiu d\u2019assist\u00e9ncia as pagesi participants e repartiment de pr\u00e8mis<\/p>\n<p>Pendent tot eth maitin:<\/p>\n<p>Activitats e j\u00f2cs entara mainad\u00e8ra<br \/>\nPassejades en carres de shivaus per Vielha<\/p>\n<p>&nbsp;<\/p>\n<p><img loading=\"lazy\" decoding=\"async\" class=\"aligncenter size-full wp-image-14096\" src=\"http:\/\/www.conselharan.org\/wp-content\/uploads\/2016\/09\/cavall-pirinenc-catala.jpg\" alt=\"cavall pirinenc catala\" width=\"960\" height=\"720\" srcset=\"https:\/\/www.conselharan.org\/wp-content\/uploads\/2016\/09\/cavall-pirinenc-catala.jpg 960w, https:\/\/www.conselharan.org\/wp-content\/uploads\/2016\/09\/cavall-pirinenc-catala-300x225.jpg 300w, https:\/\/www.conselharan.org\/wp-content\/uploads\/2016\/09\/cavall-pirinenc-catala-768x576.jpg 768w\" sizes=\"(max-width: 960px) 100vw, 960px\" \/><\/p>\n<p>&nbsp;<\/p>\n<p>En paraules deth conselh\u00e8r d\u2019Agricultura, Ramaderia e Miei Naturau d\u2019Aran, <strong>Jose E. Arr\u00f3, \u201cdamb aguestes h\u00e8ires se pot\u00e9ncie era ramaderia ena Val d\u2019Aran, un des sectors presents en n\u00f2ste territ\u00f2ri, atau coma h\u00e8m con\u00e9isher es races autoct\u00f2nes araneses\u201d.<\/strong><\/p>\n<p>&nbsp;<\/p>\n<p>&nbsp;<\/p>\n<p>&nbsp;<\/p>\n<p>Vielha, 30 de seteme de 2016<\/p>\n<p>&nbsp;<\/p>\n<p><em>Conselh Generau d&#8217;Aran: N\u00faria Sanjuan<\/em><\/p>\n ","protected":false},"excerpt":{"rendered":"<p>Ath del\u00e0, eth 8 d\u2019octobre aur\u00e0 l\u00f2c en Vielha, eth XIIIau Concors Morfologic \u201cCavall Pirenenc Catalan\u201d. Era h\u00e8ira de Boss\u00f2st aur\u00e0 l\u00f2c eth dissabte, 29 d\u2019octobre. &nbsp; &nbsp; En tot co\u00efncidir damb era arribada dera tardor, ena Val d\u2019Aran se cel\u00e8bre ua naua edicion des h\u00e8ires d\u2019animaus e com\u00e8r\u00e7 deth 6 ath 8 d\u2019octobre. Ua&#8230;<\/p>\n","protected":false},"author":2,"featured_media":14092,"comment_status":"closed","ping_status":"closed","sticky":false,"template":"","format":"standard","meta":{"footnotes":""},"categories":[127,36],"tags":[],"_links":{"self":[{"href":"https:\/\/www.conselharan.org\/ca\/wp-json\/wp\/v2\/posts\/14099"}],"collection":[{"href":"https:\/\/www.conselharan.org\/ca\/wp-json\/wp\/v2\/posts"}],"about":[{"href":"https:\/\/www.conselharan.org\/ca\/wp-json\/wp\/v2\/types\/post"}],"author":[{"embeddable":true,"href":"https:\/\/www.conselharan.org\/ca\/wp-json\/wp\/v2\/users\/2"}],"replies":[{"embeddable":true,"href":"https:\/\/www.conselharan.org\/ca\/wp-json\/wp\/v2\/comments?post=14099"}],"version-history":[{"count":1,"href":"https:\/\/www.conselharan.org\/ca\/wp-json\/wp\/v2\/posts\/14099\/revisions"}],"predecessor-version":[{"id":14100,"href":"https:\/\/www.conselharan.org\/ca\/wp-json\/wp\/v2\/posts\/14099\/revisions\/14100"}],"wp:featuredmedia":[{"embeddable":true,"href":"https:\/\/www.conselharan.org\/ca\/wp-json\/wp\/v2\/media\/14092"}],"wp:attachment":[{"href":"https:\/\/www.conselharan.org\/ca\/wp-json\/wp\/v2\/media?parent=14099"}],"wp:term":[{"taxonomy":"category","embeddable":true,"href":"https:\/\/www.conselharan.org\/ca\/wp-json\/wp\/v2\/categories?post=14099"},{"taxonomy":"post_tag","embeddable":true,"href":"https:\/\/www.conselharan.org\/ca\/wp-json\/wp\/v2\/tags?post=14099"}],"curies":[{"name":"wp","href":"https:\/\/api.w.org\/{rel}","templated":true}]}}