{"id":14113,"date":"2016-10-05T08:00:43","date_gmt":"2016-10-05T06:00:43","guid":{"rendered":"http:\/\/www.conselharan.org\/ca\/?p=14113"},"modified":"2016-10-05T11:05:06","modified_gmt":"2016-10-05T09:05:06","slug":"el-conselh-generau-acull-una-xerrada-informativa-sobre-el-reciclatge-i-laprofitament-de-plastics","status":"publish","type":"post","link":"https:\/\/www.conselharan.org\/ca\/el-conselh-generau-acull-una-xerrada-informativa-sobre-el-reciclatge-i-laprofitament-de-plastics\/","title":{"rendered":"El Conselh Generau acull una xerrada informativa sobre el reciclatge i l\u2019aprofitament de pl\u00e0stics"},"content":{"rendered":"<p><img loading=\"lazy\" decoding=\"async\" class=\"aligncenter size-full wp-image-14127\" src=\"http:\/\/www.conselharan.org\/wp-content\/uploads\/2016\/10\/IMG-20161004-WA0006.jpg\" alt=\"IMG-20161004-WA0006\" width=\"1600\" height=\"960\" srcset=\"https:\/\/www.conselharan.org\/wp-content\/uploads\/2016\/10\/IMG-20161004-WA0006.jpg 1600w, https:\/\/www.conselharan.org\/wp-content\/uploads\/2016\/10\/IMG-20161004-WA0006-300x180.jpg 300w, https:\/\/www.conselharan.org\/wp-content\/uploads\/2016\/10\/IMG-20161004-WA0006-768x461.jpg 768w, https:\/\/www.conselharan.org\/wp-content\/uploads\/2016\/10\/IMG-20161004-WA0006-1024x614.jpg 1024w\" sizes=\"(max-width: 1600px) 100vw, 1600px\" \/><\/p>\n<p>&nbsp;<\/p>\n<p>En el marc de les actuacions de sensibilitzaci\u00f3 sobre el reciclatge que el Conselh Generau d\u2019Aran desenvolupa en el territori, per a aquest curs escolar 2016\/2017 s\u2019han previst, juntament amb l&#8217;IES d&#8217;Aran un seguit de tallers pr\u00e0ctics adre\u00e7ats a la millora en la selecci\u00f3 i la reutilitzaci\u00f3 dels envasos de pl\u00e0stic.<\/p>\n<p>Entre aquestes actuacions s\u2019ha realitzat en la seu del Conselh Generau d\u2019Aran una xerrada informativa sobre el reciclatge i l&#8217;aprofitament dels pl\u00e0stics a Catalunya a c\u00e0rrec del director gerent de l&#8217;entitat Ecoembes a Catalunya, <strong>Enric Ib\u00e1\u00f1ez<\/strong>.<\/p>\n<p>L&#8217;acte ha comptat amb la pres\u00e8ncia del conselh\u00e8r de Territori d\u2019Aran, <strong>Jose Antonio Boya<\/strong>, a m\u00e9s dels representants dels centres educatius de la Val d\u2019Aran i de p\u00fablic interessat en la problem\u00e0tica de la conservaci\u00f3 de l&#8217;entorn natural on vivim.<\/p>\n<p>&nbsp;<\/p>\n<p>&nbsp;<\/p>\n<p>Vielha, 5 d\u2019octubre de 2016<\/p>\n<p>&nbsp;<\/p>\n<p><em>Conselh Generau d&#8217;Aran: N\u00faria Sanjuan<\/em><\/p>\n ","protected":false},"excerpt":{"rendered":"<p>&nbsp; En el marc de les actuacions de sensibilitzaci\u00f3 sobre el reciclatge que el Conselh Generau d\u2019Aran desenvolupa en el territori, per a aquest curs escolar 2016\/2017 s\u2019han previst, juntament amb l&#8217;IES d&#8217;Aran un seguit de tallers pr\u00e0ctics adre\u00e7ats a la millora en la selecci\u00f3 i la reutilitzaci\u00f3 dels envasos de pl\u00e0stic. Entre aquestes actuacions&#8230;<\/p>\n","protected":false},"author":2,"featured_media":14127,"comment_status":"closed","ping_status":"closed","sticky":false,"template":"","format":"standard","meta":{"footnotes":""},"categories":[33],"tags":[],"_links":{"self":[{"href":"https:\/\/www.conselharan.org\/ca\/wp-json\/wp\/v2\/posts\/14113"}],"collection":[{"href":"https:\/\/www.conselharan.org\/ca\/wp-json\/wp\/v2\/posts"}],"about":[{"href":"https:\/\/www.conselharan.org\/ca\/wp-json\/wp\/v2\/types\/post"}],"author":[{"embeddable":true,"href":"https:\/\/www.conselharan.org\/ca\/wp-json\/wp\/v2\/users\/2"}],"replies":[{"embeddable":true,"href":"https:\/\/www.conselharan.org\/ca\/wp-json\/wp\/v2\/comments?post=14113"}],"version-history":[{"count":2,"href":"https:\/\/www.conselharan.org\/ca\/wp-json\/wp\/v2\/posts\/14113\/revisions"}],"predecessor-version":[{"id":14128,"href":"https:\/\/www.conselharan.org\/ca\/wp-json\/wp\/v2\/posts\/14113\/revisions\/14128"}],"wp:featuredmedia":[{"embeddable":true,"href":"https:\/\/www.conselharan.org\/ca\/wp-json\/wp\/v2\/media\/14127"}],"wp:attachment":[{"href":"https:\/\/www.conselharan.org\/ca\/wp-json\/wp\/v2\/media?parent=14113"}],"wp:term":[{"taxonomy":"category","embeddable":true,"href":"https:\/\/www.conselharan.org\/ca\/wp-json\/wp\/v2\/categories?post=14113"},{"taxonomy":"post_tag","embeddable":true,"href":"https:\/\/www.conselharan.org\/ca\/wp-json\/wp\/v2\/tags?post=14113"}],"curies":[{"name":"wp","href":"https:\/\/api.w.org\/{rel}","templated":true}]}}