{"id":14143,"date":"2016-10-05T22:51:27","date_gmt":"2016-10-05T20:51:27","guid":{"rendered":"http:\/\/www.conselharan.org\/ca\/se-reestablis-eth-servici-de-telefonia-per-votz-en-vielha-e-mijaran\/"},"modified":"2016-10-05T23:06:49","modified_gmt":"2016-10-05T21:06:49","slug":"se-reestablis-eth-servici-de-telefonia-per-votz-en-vielha-e-mijaran","status":"publish","type":"post","link":"https:\/\/www.conselharan.org\/ca\/se-reestablis-eth-servici-de-telefonia-per-votz-en-vielha-e-mijaran\/","title":{"rendered":"Es restableix el servei de telefonia per veu a Vielha e Mijaran"},"content":{"rendered":"<p dir=\"ltr\">A les 21:00 s&#8217;ha restablert el servei de veu de la linea telef\u00f2nica fixa, deguda a una avaria motivada per una sobrealimentaci\u00f3 de les xarxes del subministrament el\u00e8ctric, durant 14 hores i 28 minuts. El Govern d&#8217;Aran ha fet el seguiment constant de la situaci\u00f3, realitzant les gestions necessaries pel restabliment del servei.<\/p>\n<p dir=\"ltr\">\u00c9s una prioritat pel Govern d&#8217; Aran, mantenir les xarxes a ple rendiment, ja que \u00e9s un servei essencial.<\/p>\n<p>&nbsp;<\/p>\n<p><em>Conselh Generau d\u2019Aran: N\u00faria Sanjuan<\/em><\/p>\n ","protected":false},"excerpt":{"rendered":"<p>A les 21:00 s&#8217;ha restablert el servei de veu de la linea telef\u00f2nica fixa, deguda a una avaria motivada per una sobrealimentaci\u00f3 de les xarxes del subministrament el\u00e8ctric, durant 14 hores i 28 minuts. El Govern d&#8217;Aran ha fet el seguiment constant de la situaci\u00f3, realitzant les gestions necessaries pel restabliment del servei. \u00c9s una&#8230;<\/p>\n","protected":false},"author":1,"featured_media":14133,"comment_status":"closed","ping_status":"closed","sticky":false,"template":"","format":"standard","meta":{"footnotes":""},"categories":[53],"tags":[],"_links":{"self":[{"href":"https:\/\/www.conselharan.org\/ca\/wp-json\/wp\/v2\/posts\/14143"}],"collection":[{"href":"https:\/\/www.conselharan.org\/ca\/wp-json\/wp\/v2\/posts"}],"about":[{"href":"https:\/\/www.conselharan.org\/ca\/wp-json\/wp\/v2\/types\/post"}],"author":[{"embeddable":true,"href":"https:\/\/www.conselharan.org\/ca\/wp-json\/wp\/v2\/users\/1"}],"replies":[{"embeddable":true,"href":"https:\/\/www.conselharan.org\/ca\/wp-json\/wp\/v2\/comments?post=14143"}],"version-history":[{"count":3,"href":"https:\/\/www.conselharan.org\/ca\/wp-json\/wp\/v2\/posts\/14143\/revisions"}],"predecessor-version":[{"id":14149,"href":"https:\/\/www.conselharan.org\/ca\/wp-json\/wp\/v2\/posts\/14143\/revisions\/14149"}],"wp:featuredmedia":[{"embeddable":true,"href":"https:\/\/www.conselharan.org\/ca\/wp-json\/wp\/v2\/media\/14133"}],"wp:attachment":[{"href":"https:\/\/www.conselharan.org\/ca\/wp-json\/wp\/v2\/media?parent=14143"}],"wp:term":[{"taxonomy":"category","embeddable":true,"href":"https:\/\/www.conselharan.org\/ca\/wp-json\/wp\/v2\/categories?post=14143"},{"taxonomy":"post_tag","embeddable":true,"href":"https:\/\/www.conselharan.org\/ca\/wp-json\/wp\/v2\/tags?post=14143"}],"curies":[{"name":"wp","href":"https:\/\/api.w.org\/{rel}","templated":true}]}}