{"id":14162,"date":"2016-10-06T18:27:27","date_gmt":"2016-10-06T16:27:27","guid":{"rendered":"http:\/\/www.conselharan.org\/ca\/?p=14162"},"modified":"2016-10-06T18:27:27","modified_gmt":"2016-10-06T16:27:27","slug":"val-daran-premiada-com-a-desti-innovador-en-turisme-familiar","status":"publish","type":"post","link":"https:\/\/www.conselharan.org\/ca\/val-daran-premiada-com-a-desti-innovador-en-turisme-familiar\/","title":{"rendered":"Val d\u2019Aran premiada com a dest\u00ed innovador en turisme familiar"},"content":{"rendered":"<h4>El premi s\u2019ha lliurat en el marc de la II Jornada del Club de Turisme Familiar celebrada al Caixaforum de Mardid. Durant la jornada s\u2019han presentat els resultats del IV estudi de turisme familiar a Espanya.<\/h4>\n<h4>El jurat ha valorat la informaci\u00f3 adequada a les fam\u00edlies les accions de promoci\u00f3 molt especialitzades per a captar el turisme familiar, i l\u2019adequaci\u00f3 de l\u2019oferta de la destinaci\u00f3 en tots els \u00e0mbits, allotjament, restauraci\u00f3 i activitats.<\/h4>\n<p><a href=\"http:\/\/www.conselharan.org\/wp-content\/uploads\/2016\/10\/14470505_10154184418364081_7825117349650489_n-e1475771125395.jpg\"><img loading=\"lazy\" decoding=\"async\" class=\"aligncenter size-full wp-image-14159\" src=\"http:\/\/www.conselharan.org\/wp-content\/uploads\/2016\/10\/14470505_10154184418364081_7825117349650489_n-e1475771125395.jpg\" alt=\"14470505_10154184418364081_7825117349650489_n\" width=\"950\" height=\"532\" srcset=\"https:\/\/www.conselharan.org\/wp-content\/uploads\/2016\/10\/14470505_10154184418364081_7825117349650489_n-e1475771125395.jpg 950w, https:\/\/www.conselharan.org\/wp-content\/uploads\/2016\/10\/14470505_10154184418364081_7825117349650489_n-e1475771125395-300x168.jpg 300w, https:\/\/www.conselharan.org\/wp-content\/uploads\/2016\/10\/14470505_10154184418364081_7825117349650489_n-e1475771125395-768x430.jpg 768w\" sizes=\"(max-width: 950px) 100vw, 950px\" \/><\/a><\/p>\n<p><strong>Vielha, 6 d\u2019octubre de 2016. La Val d\u2019Aran ha rebut el premi a la destinaci\u00f3 familiar m\u00e9s innovador <\/strong>en un acte celebrat al Caixaforum de Madrid, segons els representants del jurat es premia l\u2019esfor\u00e7 de la Vall per posicionar-se com a dest\u00ed per a les fam\u00edlies, i aix\u00f2 obeeix a diverses accions tant en especialitzaci\u00f3 de l\u2019oferta, de tot tipus existent a la Vall, com en l\u2019especialitzaci\u00f3 de les accions per a comunicar amb la demanda<\/p>\n<p>Els Premis Turisme Familiar celebren la seva primera edici\u00f3 aquest any amb l\u2019objectiu de recon\u00e8ixer a aquelle4s entitats o empreses distingides amb el Segell de Turisme Familiar que millor s\u2019han adaptat als requisits d\u2019excel\u00b7l\u00e8ncia d\u2019aquest aval, redundant en un benefici per a les fam\u00edlies. Els altres guardons atorgats han estat Viatges EROSKI a la categoria de \u201cMillor estrat\u00e8gia de comunicaci\u00f3 i m\u00e0rqueting enfocada a fam\u00edlies\u201d; Planeta40 en la categoria de \u201cMillor iniciativa de creativitat i especialitzaci\u00f3 en fam\u00edlies\u201d; Vilars Rurals en la categoria de \u201cMillor allotjament adaptat a fam\u00edlies amb nens\u201d. Aix\u00ed mateix, hi ha hagut un premi especial per a la localitat de Pe\u00f1\u00edscola com a dest\u00ed millor posicionat entre les fam\u00edlies per la seva aposta pel turisme familiar.<\/p>\n<p>La Val d\u2019Aran pertany ara al \u201cClub de Producte de Turisme Familiar\u201d des de l\u2019any 2013, any en que va aconseguir entrar com a projecte pilot juntament amb altres 4 destins i empreses. Des de llavors\u00a0 el segell de turisme familiar s\u2019ha transformat en un Club de Producte Tur\u00edstic amb el suport de la Secretaria de l\u2019Estat de Turisme, i que en l\u2019actualitat compta amb 115 destins i empreses avalades, tot i que la Vall segueix sent l\u2019\u00fanica dest6inaci\u00f3 de muntanya que pertany al club de producte.<\/p>\n<p>La Federaci\u00f3 Espanyola de Fam\u00edlies Nombroses (FEFN) juntament amb DNA Expertus, empresa en la qual recau la direcci\u00f3 t\u00e8cnica del segell, han presentat a la jornada algunes dades de IV Estudi de Turisme Familiar a Espanya, contingut el qual \u00e9s de acc\u00e9s exclusiu per a destinacions i empreses pertanyents al club, tot i aix\u00f2 han presentat aquells resultats m\u00e9s generals d\u2019inter\u00e8s per a tothom.<\/p>\n<p><a href=\"http:\/\/www.conselharan.org\/wp-content\/uploads\/2016\/10\/14517373_10154184412529081_5366133062389309784_n.jpg\"><img loading=\"lazy\" decoding=\"async\" class=\"aligncenter size-full wp-image-14160\" src=\"http:\/\/www.conselharan.org\/wp-content\/uploads\/2016\/10\/14517373_10154184412529081_5366133062389309784_n.jpg\" alt=\"14517373_10154184412529081_5366133062389309784_n\" width=\"960\" height=\"720\" srcset=\"https:\/\/www.conselharan.org\/wp-content\/uploads\/2016\/10\/14517373_10154184412529081_5366133062389309784_n.jpg 960w, https:\/\/www.conselharan.org\/wp-content\/uploads\/2016\/10\/14517373_10154184412529081_5366133062389309784_n-300x225.jpg 300w, https:\/\/www.conselharan.org\/wp-content\/uploads\/2016\/10\/14517373_10154184412529081_5366133062389309784_n-768x576.jpg 768w\" sizes=\"(max-width: 960px) 100vw, 960px\" \/><\/a><\/p>\n ","protected":false},"excerpt":{"rendered":"<p>El premi s\u2019ha lliurat en el marc de la II Jornada del Club de Turisme Familiar celebrada al Caixaforum de Mardid. Durant la jornada s\u2019han presentat els resultats del IV estudi de turisme familiar a Espanya. El jurat ha valorat la informaci\u00f3 adequada a les fam\u00edlies les accions de promoci\u00f3 molt especialitzades per a captar&#8230;<\/p>\n","protected":false},"author":2,"featured_media":14159,"comment_status":"closed","ping_status":"closed","sticky":false,"template":"","format":"standard","meta":{"footnotes":""},"categories":[33],"tags":[],"_links":{"self":[{"href":"https:\/\/www.conselharan.org\/ca\/wp-json\/wp\/v2\/posts\/14162"}],"collection":[{"href":"https:\/\/www.conselharan.org\/ca\/wp-json\/wp\/v2\/posts"}],"about":[{"href":"https:\/\/www.conselharan.org\/ca\/wp-json\/wp\/v2\/types\/post"}],"author":[{"embeddable":true,"href":"https:\/\/www.conselharan.org\/ca\/wp-json\/wp\/v2\/users\/2"}],"replies":[{"embeddable":true,"href":"https:\/\/www.conselharan.org\/ca\/wp-json\/wp\/v2\/comments?post=14162"}],"version-history":[{"count":1,"href":"https:\/\/www.conselharan.org\/ca\/wp-json\/wp\/v2\/posts\/14162\/revisions"}],"predecessor-version":[{"id":14163,"href":"https:\/\/www.conselharan.org\/ca\/wp-json\/wp\/v2\/posts\/14162\/revisions\/14163"}],"wp:featuredmedia":[{"embeddable":true,"href":"https:\/\/www.conselharan.org\/ca\/wp-json\/wp\/v2\/media\/14159"}],"wp:attachment":[{"href":"https:\/\/www.conselharan.org\/ca\/wp-json\/wp\/v2\/media?parent=14162"}],"wp:term":[{"taxonomy":"category","embeddable":true,"href":"https:\/\/www.conselharan.org\/ca\/wp-json\/wp\/v2\/categories?post=14162"},{"taxonomy":"post_tag","embeddable":true,"href":"https:\/\/www.conselharan.org\/ca\/wp-json\/wp\/v2\/tags?post=14162"}],"curies":[{"name":"wp","href":"https:\/\/api.w.org\/{rel}","templated":true}]}}