{"id":14171,"date":"2016-10-10T10:06:22","date_gmt":"2016-10-10T08:06:22","guid":{"rendered":"http:\/\/www.conselharan.org\/ca\/?p=14171"},"modified":"2016-10-10T10:23:36","modified_gmt":"2016-10-10T08:23:36","slug":"laranesa-maria-iglesias-bares-campiona-del-grand-prix-sportful","status":"publish","type":"post","link":"https:\/\/www.conselharan.org\/ca\/laranesa-maria-iglesias-bares-campiona-del-grand-prix-sportful\/","title":{"rendered":"L\u2019aranesa, Maria Iglesias Bar\u00e9s, campiona cadet del Grand Prix Sportful"},"content":{"rendered":"<p>\u2022<strong> La seva germana i companya de club, Lydia Iglesias Bar\u00e9s, integrant de l\u2019equip RFEDI, va aconseguir la 6a posici\u00f3 en categoria j\u00fanior, baixant dos minuts la seva marca respecte a la de l\u2019any passat.<\/strong><\/p>\n<p>&nbsp;<\/p>\n<p><img loading=\"lazy\" decoding=\"async\" class=\"aligncenter size-full wp-image-14168\" src=\"http:\/\/www.conselharan.org\/wp-content\/uploads\/2016\/10\/FCEH_79_maria_iglesias_guanya_GRAN_PRIX_SPORTFUL.jpg\" alt=\"FCEH_79_maria_iglesias_guanya_GRAN_PRIX_SPORTFUL\" width=\"720\" height=\"720\" srcset=\"https:\/\/www.conselharan.org\/wp-content\/uploads\/2016\/10\/FCEH_79_maria_iglesias_guanya_GRAN_PRIX_SPORTFUL.jpg 720w, https:\/\/www.conselharan.org\/wp-content\/uploads\/2016\/10\/FCEH_79_maria_iglesias_guanya_GRAN_PRIX_SPORTFUL-150x150.jpg 150w, https:\/\/www.conselharan.org\/wp-content\/uploads\/2016\/10\/FCEH_79_maria_iglesias_guanya_GRAN_PRIX_SPORTFUL-300x300.jpg 300w, https:\/\/www.conselharan.org\/wp-content\/uploads\/2016\/10\/FCEH_79_maria_iglesias_guanya_GRAN_PRIX_SPORTFUL-270x270.jpg 270w, https:\/\/www.conselharan.org\/wp-content\/uploads\/2016\/10\/FCEH_79_maria_iglesias_guanya_GRAN_PRIX_SPORTFUL-207x207.jpg 207w, https:\/\/www.conselharan.org\/wp-content\/uploads\/2016\/10\/FCEH_79_maria_iglesias_guanya_GRAN_PRIX_SPORTFUL-75x75.jpg 75w\" sizes=\"(max-width: 720px) 100vw, 720px\" \/><\/p>\n<p><em>\u00a0Foto: FCEH<\/em><\/p>\n<p>&nbsp;<\/p>\n<p>El passat 2 d\u2019octubre, la jove fondista aranesa <strong>Maria Iglesias<\/strong> (ANEC) membre del programa de tecnificaci\u00f3 d\u2019esqu\u00ed de fons de la Federaci\u00f3 Catalana d\u2019Esports d\u2019Hivern (<strong>FCEH<\/strong>) es va proclamar campiona en la categoria cadet en la 38a edici\u00f3 de la cursa rollers Grand Prix Sportful (It\u00e0lia), una ascensi\u00f3 d\u2019un port de 9,5 Km.<\/p>\n<p>Per la seva part, la seva germana i companya de club, <strong>Lydia Iglesias<\/strong>, integrant de l\u2019equip <strong>RFEDI<\/strong>, va aconseguir la 6a posici\u00f3 en categoria j\u00fanior, baixant dos minuts la seva marca respecte a la de l\u2019any passat.<\/p>\n<p>&nbsp;<\/p>\n<p><img loading=\"lazy\" decoding=\"async\" class=\"aligncenter size-full wp-image-14169\" src=\"http:\/\/www.conselharan.org\/wp-content\/uploads\/2016\/10\/lydia-e-maria.jpg\" alt=\"lydia e maria\" width=\"640\" height=\"488\" srcset=\"https:\/\/www.conselharan.org\/wp-content\/uploads\/2016\/10\/lydia-e-maria.jpg 640w, https:\/\/www.conselharan.org\/wp-content\/uploads\/2016\/10\/lydia-e-maria-300x229.jpg 300w\" sizes=\"(max-width: 640px) 100vw, 640px\" \/><\/p>\n<p><em>Les germanes fondistes araneses, Lydia Iglesias Bar\u00e9s i Maria Iglesias Bar\u00e9s. Foto: ANEC\u00a0<\/em><\/p>\n<p>&nbsp;<\/p>\n<p>La prova es va disputar a rollerski en t\u00e8cnica skating, amb un alt nivell, ja que prenien part corredors d\u2019esqu\u00ed de fons de tot Europa i habituals en Copa del M\u00f3n i Copa d\u2019Europa.<\/p>\n<p>Lydia Iglesias, despr\u00e9s de la cursa va marxar cap a l\u2019estaci\u00f3 d\u2019esqu\u00ed de Ramsau (\u00c0ustria) per entrenar en neu els pr\u00f2xims dies, seguint el calendari de concentracions de pretemporada.<\/p>\n<p>&nbsp;<\/p>\n<p>&nbsp;<\/p>\n<p>&nbsp;<\/p>\n<p>Vielha, 10 d\u2019octubre de 2016<\/p>\n<p>&nbsp;<\/p>\n<p><em>Conselh Generau d&#8217;Aran: N\u00faria Sanjuan<\/em><\/p>\n<p><em>Font: FCEH<\/em><\/p>\n ","protected":false},"excerpt":{"rendered":"<p>\u2022 La seva germana i companya de club, Lydia Iglesias Bar\u00e9s, integrant de l\u2019equip RFEDI, va aconseguir la 6a posici\u00f3 en categoria j\u00fanior, baixant dos minuts la seva marca respecte a la de l\u2019any passat. &nbsp; \u00a0Foto: FCEH &nbsp; El passat 2 d\u2019octubre, la jove fondista aranesa Maria Iglesias (ANEC) membre del programa de tecnificaci\u00f3&#8230;<\/p>\n","protected":false},"author":2,"featured_media":14168,"comment_status":"closed","ping_status":"closed","sticky":false,"template":"","format":"standard","meta":{"footnotes":""},"categories":[33],"tags":[],"_links":{"self":[{"href":"https:\/\/www.conselharan.org\/ca\/wp-json\/wp\/v2\/posts\/14171"}],"collection":[{"href":"https:\/\/www.conselharan.org\/ca\/wp-json\/wp\/v2\/posts"}],"about":[{"href":"https:\/\/www.conselharan.org\/ca\/wp-json\/wp\/v2\/types\/post"}],"author":[{"embeddable":true,"href":"https:\/\/www.conselharan.org\/ca\/wp-json\/wp\/v2\/users\/2"}],"replies":[{"embeddable":true,"href":"https:\/\/www.conselharan.org\/ca\/wp-json\/wp\/v2\/comments?post=14171"}],"version-history":[{"count":2,"href":"https:\/\/www.conselharan.org\/ca\/wp-json\/wp\/v2\/posts\/14171\/revisions"}],"predecessor-version":[{"id":14173,"href":"https:\/\/www.conselharan.org\/ca\/wp-json\/wp\/v2\/posts\/14171\/revisions\/14173"}],"wp:featuredmedia":[{"embeddable":true,"href":"https:\/\/www.conselharan.org\/ca\/wp-json\/wp\/v2\/media\/14168"}],"wp:attachment":[{"href":"https:\/\/www.conselharan.org\/ca\/wp-json\/wp\/v2\/media?parent=14171"}],"wp:term":[{"taxonomy":"category","embeddable":true,"href":"https:\/\/www.conselharan.org\/ca\/wp-json\/wp\/v2\/categories?post=14171"},{"taxonomy":"post_tag","embeddable":true,"href":"https:\/\/www.conselharan.org\/ca\/wp-json\/wp\/v2\/tags?post=14171"}],"curies":[{"name":"wp","href":"https:\/\/api.w.org\/{rel}","templated":true}]}}