{"id":14191,"date":"2016-10-11T08:00:48","date_gmt":"2016-10-11T06:00:48","guid":{"rendered":"http:\/\/www.conselharan.org\/ca\/?p=14191"},"modified":"2016-10-10T12:41:37","modified_gmt":"2016-10-10T10:41:37","slug":"14191","status":"publish","type":"post","link":"https:\/\/www.conselharan.org\/ca\/14191\/","title":{"rendered":"Caminada contra el c\u00e0ncer de pit"},"content":{"rendered":"<ul>\n<li><strong>Amb motiu del Dia Mundial contra el c\u00e0ncer de pit, la Junta Local AECC Val d&#8217;Aran ha organitzat per a aquest diumenge, dia 16 d&#8217;octubre, a les 12h00 a la pla\u00e7a de l&#8217;esgl\u00e9sia de Vielha la caminada contra el c\u00e0ncer de pit.<\/strong><\/li>\n<\/ul>\n<p><img loading=\"lazy\" decoding=\"async\" class=\"aligncenter size-full wp-image-14188\" src=\"http:\/\/www.conselharan.org\/wp-content\/uploads\/2016\/10\/caminada-contra-eth-cancer.jpg\" alt=\"caminada contra eth cancer\" width=\"678\" height=\"960\" srcset=\"https:\/\/www.conselharan.org\/wp-content\/uploads\/2016\/10\/caminada-contra-eth-cancer.jpg 678w, https:\/\/www.conselharan.org\/wp-content\/uploads\/2016\/10\/caminada-contra-eth-cancer-212x300.jpg 212w\" sizes=\"(max-width: 678px) 100vw, 678px\" \/><\/p>\n<p>&nbsp;<\/p>\n<p>Us esperem!!<\/p>\n<p>&nbsp;<\/p>\n<p>&nbsp;<\/p>\n<p>&nbsp;<\/p>\n<p>Vielha, 11 d&#8217;octubre de 2016<\/p>\n<p>&nbsp;<\/p>\n<p><em>Conselh Generau d&#8217;Aran: N\u00faria Sanjuan<\/em><\/p>\n ","protected":false},"excerpt":{"rendered":"<p>Amb motiu del Dia Mundial contra el c\u00e0ncer de pit, la Junta Local AECC Val d&#8217;Aran ha organitzat per a aquest diumenge, dia 16 d&#8217;octubre, a les 12h00 a la pla\u00e7a de l&#8217;esgl\u00e9sia de Vielha la caminada contra el c\u00e0ncer de pit. &nbsp; Us esperem!! &nbsp; &nbsp; &nbsp; Vielha, 11 d&#8217;octubre de 2016 &nbsp; Conselh&#8230;<\/p>\n","protected":false},"author":2,"featured_media":14189,"comment_status":"closed","ping_status":"closed","sticky":false,"template":"","format":"standard","meta":{"footnotes":""},"categories":[33],"tags":[],"_links":{"self":[{"href":"https:\/\/www.conselharan.org\/ca\/wp-json\/wp\/v2\/posts\/14191"}],"collection":[{"href":"https:\/\/www.conselharan.org\/ca\/wp-json\/wp\/v2\/posts"}],"about":[{"href":"https:\/\/www.conselharan.org\/ca\/wp-json\/wp\/v2\/types\/post"}],"author":[{"embeddable":true,"href":"https:\/\/www.conselharan.org\/ca\/wp-json\/wp\/v2\/users\/2"}],"replies":[{"embeddable":true,"href":"https:\/\/www.conselharan.org\/ca\/wp-json\/wp\/v2\/comments?post=14191"}],"version-history":[{"count":2,"href":"https:\/\/www.conselharan.org\/ca\/wp-json\/wp\/v2\/posts\/14191\/revisions"}],"predecessor-version":[{"id":14193,"href":"https:\/\/www.conselharan.org\/ca\/wp-json\/wp\/v2\/posts\/14191\/revisions\/14193"}],"wp:featuredmedia":[{"embeddable":true,"href":"https:\/\/www.conselharan.org\/ca\/wp-json\/wp\/v2\/media\/14189"}],"wp:attachment":[{"href":"https:\/\/www.conselharan.org\/ca\/wp-json\/wp\/v2\/media?parent=14191"}],"wp:term":[{"taxonomy":"category","embeddable":true,"href":"https:\/\/www.conselharan.org\/ca\/wp-json\/wp\/v2\/categories?post=14191"},{"taxonomy":"post_tag","embeddable":true,"href":"https:\/\/www.conselharan.org\/ca\/wp-json\/wp\/v2\/tags?post=14191"}],"curies":[{"name":"wp","href":"https:\/\/api.w.org\/{rel}","templated":true}]}}