{"id":14213,"date":"2016-10-14T16:00:46","date_gmt":"2016-10-14T14:00:46","guid":{"rendered":"http:\/\/www.conselharan.org\/ca\/?p=14213"},"modified":"2016-10-14T14:43:16","modified_gmt":"2016-10-14T12:43:16","slug":"el-conselh-generau-daran-construeix-una-marquesina-a-lermita-de-lartiga-de-lin","status":"publish","type":"post","link":"https:\/\/www.conselharan.org\/ca\/el-conselh-generau-daran-construeix-una-marquesina-a-lermita-de-lartiga-de-lin\/","title":{"rendered":"El Conselh Generau d\u2019Aran construeix una marquesina a l\u2019ermita de l\u2019Artiga de Lin"},"content":{"rendered":"<p><img loading=\"lazy\" decoding=\"async\" class=\"aligncenter size-large wp-image-14210\" src=\"http:\/\/www.conselharan.org\/wp-content\/uploads\/2016\/10\/marquesina-artiga-de-lin-981x1024.jpg\" alt=\"marquesina artiga de lin\" width=\"981\" height=\"1024\" srcset=\"https:\/\/www.conselharan.org\/wp-content\/uploads\/2016\/10\/marquesina-artiga-de-lin-981x1024.jpg 981w, https:\/\/www.conselharan.org\/wp-content\/uploads\/2016\/10\/marquesina-artiga-de-lin-287x300.jpg 287w, https:\/\/www.conselharan.org\/wp-content\/uploads\/2016\/10\/marquesina-artiga-de-lin-768x802.jpg 768w, https:\/\/www.conselharan.org\/wp-content\/uploads\/2016\/10\/marquesina-artiga-de-lin.jpg 1146w\" sizes=\"(max-width: 981px) 100vw, 981px\" \/><\/p>\n<p>&nbsp;<\/p>\n<p>El Conselh Generau d\u2019Aran a trav\u00e9s de l\u2019empresa Serveis Ambientals de la Val d\u2019Aran (SAVA, S.L.) i amb la col\u2022laboraci\u00f3 de la Diputaci\u00f3 de Lleida ha comen\u00e7at aquesta setmana les obres de la marquesina de l\u2019ermita de la Mare de D\u00e9u de l\u2019Artiga de Lin per tal de resguardar als participants de la romeria de les inclem\u00e8ncies climatol\u00f2giques.<\/p>\n<p>&nbsp;<\/p>\n<p>&nbsp;<\/p>\n<p>&nbsp;<\/p>\n<p>Vielha, 14 d\u2019octubre de 2016<\/p>\n<p>&nbsp;<\/p>\n<p><em>Conselh Generau d&#8217;Aran: N\u00faria Sanjuan<\/em><\/p>\n ","protected":false},"excerpt":{"rendered":"<p>&nbsp; El Conselh Generau d\u2019Aran a trav\u00e9s de l\u2019empresa Serveis Ambientals de la Val d\u2019Aran (SAVA, S.L.) i amb la col\u2022laboraci\u00f3 de la Diputaci\u00f3 de Lleida ha comen\u00e7at aquesta setmana les obres de la marquesina de l\u2019ermita de la Mare de D\u00e9u de l\u2019Artiga de Lin per tal de resguardar als participants de la romeria&#8230;<\/p>\n","protected":false},"author":2,"featured_media":14210,"comment_status":"closed","ping_status":"closed","sticky":false,"template":"","format":"standard","meta":{"footnotes":""},"categories":[33],"tags":[],"_links":{"self":[{"href":"https:\/\/www.conselharan.org\/ca\/wp-json\/wp\/v2\/posts\/14213"}],"collection":[{"href":"https:\/\/www.conselharan.org\/ca\/wp-json\/wp\/v2\/posts"}],"about":[{"href":"https:\/\/www.conselharan.org\/ca\/wp-json\/wp\/v2\/types\/post"}],"author":[{"embeddable":true,"href":"https:\/\/www.conselharan.org\/ca\/wp-json\/wp\/v2\/users\/2"}],"replies":[{"embeddable":true,"href":"https:\/\/www.conselharan.org\/ca\/wp-json\/wp\/v2\/comments?post=14213"}],"version-history":[{"count":1,"href":"https:\/\/www.conselharan.org\/ca\/wp-json\/wp\/v2\/posts\/14213\/revisions"}],"predecessor-version":[{"id":14214,"href":"https:\/\/www.conselharan.org\/ca\/wp-json\/wp\/v2\/posts\/14213\/revisions\/14214"}],"wp:featuredmedia":[{"embeddable":true,"href":"https:\/\/www.conselharan.org\/ca\/wp-json\/wp\/v2\/media\/14210"}],"wp:attachment":[{"href":"https:\/\/www.conselharan.org\/ca\/wp-json\/wp\/v2\/media?parent=14213"}],"wp:term":[{"taxonomy":"category","embeddable":true,"href":"https:\/\/www.conselharan.org\/ca\/wp-json\/wp\/v2\/categories?post=14213"},{"taxonomy":"post_tag","embeddable":true,"href":"https:\/\/www.conselharan.org\/ca\/wp-json\/wp\/v2\/tags?post=14213"}],"curies":[{"name":"wp","href":"https:\/\/api.w.org\/{rel}","templated":true}]}}