{"id":14226,"date":"2016-10-15T08:00:55","date_gmt":"2016-10-15T06:00:55","guid":{"rendered":"http:\/\/www.conselharan.org\/ca\/?p=14226"},"modified":"2016-10-16T14:08:30","modified_gmt":"2016-10-16T12:08:30","slug":"el-conselh-generau-daran-recupera-el-rentador-de-es-bordes","status":"publish","type":"post","link":"https:\/\/www.conselharan.org\/ca\/el-conselh-generau-daran-recupera-el-rentador-de-es-bordes\/","title":{"rendered":"El Conselh Generau d\u2019Aran recupera el rentador de Es B\u00f2rdes"},"content":{"rendered":"<p><img loading=\"lazy\" decoding=\"async\" class=\"aligncenter size-large wp-image-14224\" src=\"http:\/\/www.conselharan.org\/wp-content\/uploads\/2016\/10\/lauader-Es-B\u00f2rdes-1024x576.jpg\" alt=\"lauader Es B\u00f2rdes\" width=\"1024\" height=\"576\" srcset=\"https:\/\/www.conselharan.org\/wp-content\/uploads\/2016\/10\/lauader-Es-B\u00f2rdes-1024x576.jpg 1024w, https:\/\/www.conselharan.org\/wp-content\/uploads\/2016\/10\/lauader-Es-B\u00f2rdes-300x169.jpg 300w, https:\/\/www.conselharan.org\/wp-content\/uploads\/2016\/10\/lauader-Es-B\u00f2rdes-768x432.jpg 768w\" sizes=\"(max-width: 1024px) 100vw, 1024px\" \/><\/p>\n<p>&nbsp;<\/p>\n<p>El Departament de Cultura del Conselh Generau d\u2019Aran a trav\u00e9s de l\u2019empresa Serveis Ambientals de la Val d\u2019Aran (SAVA, S.L.) i amb la col\u2022laboraci\u00f3 de la Diputaci\u00f3 de Lleida ha recuperat el rentador situat en el Cam\u00ed Reial entre Es B\u00f2rdes i Pont d\u2019Arr\u00f3 amb l&#8217;objectiu de fer atractiu i visitable un equipament caracter\u00edstic i significatiu del patrimoni tradicional dels pobles de la Val d\u2019Aran.<\/p>\n<p>Segons ha informat la t\u00e8cnica de Patrimoni d\u2019Aran, <strong>Elisa Ros<\/strong>, hi han m\u00e9s de 32 rentadors, almenys un per poble, tenint present que algun ja ha desaparegut. La major part d\u2019aquests equipaments s\u00f3n de finals del segle XIX i principis del XX.<\/p>\n<p>En paraules del s\u00edndic d\u2019Aran,<strong> Carlos Barrera, \u201cel Govern d\u2019Aran vol posar en valor el rentador de Es B\u00f2rdes refent-lo i conservant la seva forma original per poder fer tamb\u00e9 un aprofitament tur\u00edstic, alhora que es conserva un dels elements m\u00e9s destacats del patrimoni civil i social aran\u00e8s\u201d.<\/strong><\/p>\n<p>&nbsp;<\/p>\n<p>&nbsp;<\/p>\n<p>&nbsp;<\/p>\n<p>Vielha, 15 d\u2019octubre de 2016<\/p>\n<p>&nbsp;<\/p>\n<p><em>Conselh Generau d&#8217;Aran: N\u00faria Sanjuan<\/em><\/p>\n ","protected":false},"excerpt":{"rendered":"<p>&nbsp; El Departament de Cultura del Conselh Generau d\u2019Aran a trav\u00e9s de l\u2019empresa Serveis Ambientals de la Val d\u2019Aran (SAVA, S.L.) i amb la col\u2022laboraci\u00f3 de la Diputaci\u00f3 de Lleida ha recuperat el rentador situat en el Cam\u00ed Reial entre Es B\u00f2rdes i Pont d\u2019Arr\u00f3 amb l&#8217;objectiu de fer atractiu i visitable un equipament caracter\u00edstic&#8230;<\/p>\n","protected":false},"author":2,"featured_media":14224,"comment_status":"closed","ping_status":"closed","sticky":false,"template":"","format":"standard","meta":{"footnotes":""},"categories":[53],"tags":[],"_links":{"self":[{"href":"https:\/\/www.conselharan.org\/ca\/wp-json\/wp\/v2\/posts\/14226"}],"collection":[{"href":"https:\/\/www.conselharan.org\/ca\/wp-json\/wp\/v2\/posts"}],"about":[{"href":"https:\/\/www.conselharan.org\/ca\/wp-json\/wp\/v2\/types\/post"}],"author":[{"embeddable":true,"href":"https:\/\/www.conselharan.org\/ca\/wp-json\/wp\/v2\/users\/2"}],"replies":[{"embeddable":true,"href":"https:\/\/www.conselharan.org\/ca\/wp-json\/wp\/v2\/comments?post=14226"}],"version-history":[{"count":1,"href":"https:\/\/www.conselharan.org\/ca\/wp-json\/wp\/v2\/posts\/14226\/revisions"}],"predecessor-version":[{"id":14227,"href":"https:\/\/www.conselharan.org\/ca\/wp-json\/wp\/v2\/posts\/14226\/revisions\/14227"}],"wp:featuredmedia":[{"embeddable":true,"href":"https:\/\/www.conselharan.org\/ca\/wp-json\/wp\/v2\/media\/14224"}],"wp:attachment":[{"href":"https:\/\/www.conselharan.org\/ca\/wp-json\/wp\/v2\/media?parent=14226"}],"wp:term":[{"taxonomy":"category","embeddable":true,"href":"https:\/\/www.conselharan.org\/ca\/wp-json\/wp\/v2\/categories?post=14226"},{"taxonomy":"post_tag","embeddable":true,"href":"https:\/\/www.conselharan.org\/ca\/wp-json\/wp\/v2\/tags?post=14226"}],"curies":[{"name":"wp","href":"https:\/\/api.w.org\/{rel}","templated":true}]}}