{"id":14554,"date":"2016-11-02T16:00:07","date_gmt":"2016-11-02T15:00:07","guid":{"rendered":"http:\/\/www.conselharan.org\/ca\/era-comission-durbanisme-dera-val-daran-aprove-era-installacion-dua-planta-de-gas-naturau-en-bossost\/"},"modified":"2016-11-02T16:38:44","modified_gmt":"2016-11-02T15:38:44","slug":"era-comission-durbanisme-dera-val-daran-aprove-era-installacion-dua-planta-de-gas-naturau-en-bossost","status":"publish","type":"post","link":"https:\/\/www.conselharan.org\/ca\/era-comission-durbanisme-dera-val-daran-aprove-era-installacion-dua-planta-de-gas-naturau-en-bossost\/","title":{"rendered":"Era Comission d\u2019Urbanisme dera Val d\u2019Aran apr\u00f2ve era installacion d\u2019ua planta de gas naturau en Boss\u00f2st"},"content":{"rendered":"<p><strong>Demp\u00fas deth nucl\u00e8u de Val de Ruda, Boss\u00f2st ser\u00e0 eth prum\u00e8r p\u00f2ble dera Val d&#8217;Aran que compdar\u00e0 damb gas canalizat.<\/strong><\/p>\n<p>&nbsp;<\/p>\n<p><img loading=\"lazy\" decoding=\"async\" class=\"aligncenter size-large wp-image-14551\" src=\"http:\/\/www.conselharan.org\/wp-content\/uploads\/2016\/11\/DSC_0509-1024x685.jpg\" alt=\"DSC_0509\" width=\"1024\" height=\"685\" srcset=\"https:\/\/www.conselharan.org\/wp-content\/uploads\/2016\/11\/DSC_0509-1024x685.jpg 1024w, https:\/\/www.conselharan.org\/wp-content\/uploads\/2016\/11\/DSC_0509-300x201.jpg 300w, https:\/\/www.conselharan.org\/wp-content\/uploads\/2016\/11\/DSC_0509-768x514.jpg 768w\" sizes=\"(max-width: 1024px) 100vw, 1024px\" \/><\/p>\n<p>Era Comission Territoriau d\u2019Urbanisme dera Val d\u2019Aran (CUVA), copresidida peth sindic d&#8217;Aran, <strong>Carlos Barrera<\/strong>, e peth director generau d\u2019Ordenacion deth Territ\u00f2ri e Urbanisme, <strong>Agust\u00ed Serra<\/strong>, \u00a0a aprovat au\u00e9:<\/p>\n<p>&nbsp;<\/p>\n<p><strong>BOSS\u00d2ST<\/strong><\/p>\n<p>&#8211; Ampliacion deth camping Espalias de Boss\u00f2st. Damb aguesta ampliacion eth camping dispausar\u00e0 de 78 unitats d\u2019acampada.<\/p>\n<p>&#8211; Implantacion d\u2019un ot\u00e8l e dubertura de dus viaus enes terrens pla\u00e7adi ath n\u00f2rd deth nucl\u00e8u urban, damb frontau ath sud-\u00e8st damb eth carr\u00e8r de Sant R\u00f2c, en tot limitar peth sud-o\u00e8st damb es edificacions qu&#8217;an acc\u00e8s des des carr\u00e8rs Prat des Lops e Caster\u00e0s, e peth n\u00f2rd e er o\u00e8st damb era montanha de Caster\u00e0s.<\/p>\n<p>&#8211; Installacion d\u2019ua planta satellit de gas naturau GNL e deth hilat basic de distribucion en sol\u00e8r non urbanizable ent\u00e0 per&#8217;mor de provedir gas naturau ath nucl\u00e8u de Boss\u00f2st.<\/p>\n<p>&nbsp;<\/p>\n<p><strong>VIELHA E MIJARAN<\/strong><\/p>\n<p>&#8211; Ajustar eth tra\u00e7at d\u2019un camin en sol\u00e8r classificat coma urban pla\u00e7at ath sud-o\u00e8st deth nucl\u00e8u urban de Vielha e Mijaran, ar entorn deth carr\u00e8r Camin de Plaus que conn\u00e8cte ar o\u00e8st damb eth carr\u00e8r Sarriul\u00e8ra, unic punt de connexion urbanitzat damb eth centre urban. Se preve era dubertura d\u2019ua via ent\u00e0 caminaires de direccion n\u00f2rd-sud, que trau\u00e8sse peth centre e conn\u00e8cte eth carr\u00e8r Camin de Plaus damb es carr\u00e8rs Mossen Nart Arj\u00f3 e deth Metdia, en tot afectar er abitatge existent.<\/p>\n<p>&#8211; Cambiar era qualificacion d\u2019uns terrens en tot passar de sist\u00e8ma viari a espaci liure privat e arrecon\u00e9isher er usatge otel\u00e8r (Ribaeta) coma usatge admetut en airau, atau coma, h\u00e8r coincidents es superf\u00edcies deth sector enes diferenti documents de planejament urbanistic en vigor. Er airau d\u2019accion ei pla\u00e7at ath sud deth nucl\u00e8u urban de Vielha, en tot limitar damb er arriu Nere (forme part der airau: Coto Mar\u00e7o).<\/p>\n<p>&#8211; Plan de melhora urbana d&#8217;organizacion volumetrica en nucl\u00e8u d&#8217;Escunhau. Bastiment de naui abitatges. Era estructura dera proprietat la conformen un ot\u00e8l (Es Pletius), un restaurant e eth parcatge, damb era prevision der enderrocament des edificacions existentes der ot\u00e8l e deth restaurant e eth bastiment de naues bastisses d\u2019usatge residenciau<\/p>\n<p>&nbsp;<\/p>\n<p><img loading=\"lazy\" decoding=\"async\" class=\"aligncenter size-large wp-image-14550\" src=\"http:\/\/www.conselharan.org\/wp-content\/uploads\/2016\/11\/DSC_0504-1024x563.jpg\" alt=\"DSC_0504\" width=\"1024\" height=\"563\" srcset=\"https:\/\/www.conselharan.org\/wp-content\/uploads\/2016\/11\/DSC_0504-1024x563.jpg 1024w, https:\/\/www.conselharan.org\/wp-content\/uploads\/2016\/11\/DSC_0504-300x165.jpg 300w, https:\/\/www.conselharan.org\/wp-content\/uploads\/2016\/11\/DSC_0504-768x422.jpg 768w\" sizes=\"(max-width: 1024px) 100vw, 1024px\" \/><\/p>\n<p>&nbsp;<\/p>\n<p>&nbsp;<\/p>\n<p><strong>NAUT ARAN<\/strong><\/p>\n<p>&#8211; Ampliacion dera planta de tractament d\u2019arids e produccion de hormigon (HORMARAN) destinadi en part ara mantenen\u00e7a deth hilat viari dera Val d\u2019Aran e entorns. Pla\u00e7ada a uns 130 m ath sud deth nucl\u00e8u urban d\u2019Arties (Naut Aran), aguestes installacions an foncionat de man\u00e8ra ininterrompuda des de h\u00e8 40 ans.<\/p>\n<p>&#8211; Bastiment d&#8217;ua sala d&#8217;explotacion ena Presa d&#8217;Aiguam\u00f2g. Naua sala de vigil\u00e0ncia e explotacion entara presa d\u2019Aiguam\u00f2g.<\/p>\n<p>&nbsp;<\/p>\n<p>&nbsp;<\/p>\n<p>&nbsp;<\/p>\n<p>&nbsp;<\/p>\n<p>Vielha, 2 de noveme de 2016<\/p>\n<p>&nbsp;<\/p>\n<p><em>Conselh Generau d&#8217;Aran: N\u00faria Sanjuan<\/em><\/p>\n ","protected":false},"excerpt":{"rendered":"<p>Demp\u00fas deth nucl\u00e8u de Val de Ruda, Boss\u00f2st ser\u00e0 eth prum\u00e8r p\u00f2ble dera Val d&#8217;Aran que compdar\u00e0 damb gas canalizat. &nbsp; Era Comission Territoriau d\u2019Urbanisme dera Val d\u2019Aran (CUVA), copresidida peth sindic d&#8217;Aran, Carlos Barrera, e peth director generau d\u2019Ordenacion deth Territ\u00f2ri e Urbanisme, Agust\u00ed Serra, \u00a0a aprovat au\u00e9: &nbsp; BOSS\u00d2ST &#8211; Ampliacion deth camping&#8230;<\/p>\n","protected":false},"author":2,"featured_media":14551,"comment_status":"closed","ping_status":"closed","sticky":false,"template":"","format":"standard","meta":{"footnotes":""},"categories":[53],"tags":[],"_links":{"self":[{"href":"https:\/\/www.conselharan.org\/ca\/wp-json\/wp\/v2\/posts\/14554"}],"collection":[{"href":"https:\/\/www.conselharan.org\/ca\/wp-json\/wp\/v2\/posts"}],"about":[{"href":"https:\/\/www.conselharan.org\/ca\/wp-json\/wp\/v2\/types\/post"}],"author":[{"embeddable":true,"href":"https:\/\/www.conselharan.org\/ca\/wp-json\/wp\/v2\/users\/2"}],"replies":[{"embeddable":true,"href":"https:\/\/www.conselharan.org\/ca\/wp-json\/wp\/v2\/comments?post=14554"}],"version-history":[{"count":2,"href":"https:\/\/www.conselharan.org\/ca\/wp-json\/wp\/v2\/posts\/14554\/revisions"}],"predecessor-version":[{"id":14560,"href":"https:\/\/www.conselharan.org\/ca\/wp-json\/wp\/v2\/posts\/14554\/revisions\/14560"}],"wp:featuredmedia":[{"embeddable":true,"href":"https:\/\/www.conselharan.org\/ca\/wp-json\/wp\/v2\/media\/14551"}],"wp:attachment":[{"href":"https:\/\/www.conselharan.org\/ca\/wp-json\/wp\/v2\/media?parent=14554"}],"wp:term":[{"taxonomy":"category","embeddable":true,"href":"https:\/\/www.conselharan.org\/ca\/wp-json\/wp\/v2\/categories?post=14554"},{"taxonomy":"post_tag","embeddable":true,"href":"https:\/\/www.conselharan.org\/ca\/wp-json\/wp\/v2\/tags?post=14554"}],"curies":[{"name":"wp","href":"https:\/\/api.w.org\/{rel}","templated":true}]}}