{"id":14580,"date":"2016-11-03T17:30:44","date_gmt":"2016-11-03T16:30:44","guid":{"rendered":"http:\/\/www.conselharan.org\/ca\/?p=14580"},"modified":"2016-11-03T16:57:11","modified_gmt":"2016-11-03T15:57:11","slug":"la-val-daran-acull-la-presentacio-de-la-xarxa-dateneus-cooperatius-per-enfortir-leconomia-social-i-cooperativa","status":"publish","type":"post","link":"https:\/\/www.conselharan.org\/ca\/la-val-daran-acull-la-presentacio-de-la-xarxa-dateneus-cooperatius-per-enfortir-leconomia-social-i-cooperativa\/","title":{"rendered":"La Val d\u2019Aran acull la presentaci\u00f3 de la xarxa d\u2019Ateneus Cooperatius per enfortir l\u2019economia social i cooperativa"},"content":{"rendered":"<p><strong>Un total de 15 Ateneus, distribu\u00efts per tot Catalunya, afavoriran la creaci\u00f3 d\u2019empreses d\u2019economia social i cooperativa, aix\u00ed com la viabilitat i sostenibilitat dels projectes i experi\u00e8ncies existents al territori per millorar l\u2019ocupaci\u00f3 impulsant la creaci\u00f3 de nous llocs de treball, en especial els de qualitat, i el desenvolupament del territori.<\/strong><\/p>\n<p><strong>El Departament de Treball, Afers Socials i Fam\u00edlies de la Generalitat de Catalunya destina 3.300.000 euros al nou projecte per subvencionar les iniciatives d\u2019Ateneus que presentin les entitats sol\u2022licitants<\/strong><\/p>\n<p>&nbsp;<\/p>\n<p><img loading=\"lazy\" decoding=\"async\" class=\"aligncenter size-large wp-image-14585\" src=\"http:\/\/www.conselharan.org\/wp-content\/uploads\/2016\/11\/DSC_0514-1024x743.jpg\" alt=\"DSC_0514\" width=\"1024\" height=\"743\" srcset=\"https:\/\/www.conselharan.org\/wp-content\/uploads\/2016\/11\/DSC_0514-1024x743.jpg 1024w, https:\/\/www.conselharan.org\/wp-content\/uploads\/2016\/11\/DSC_0514-300x218.jpg 300w, https:\/\/www.conselharan.org\/wp-content\/uploads\/2016\/11\/DSC_0514-768x558.jpg 768w\" sizes=\"(max-width: 1024px) 100vw, 1024px\" \/><\/p>\n<p>&nbsp;<\/p>\n<p>El vicesindic d\u2019Aran i conselh\u00e8r d\u2019Administraci\u00f3 P\u00fablica, Finances i Coneixement i Transpar\u00e8ncia, <strong>Luis Carlos Medina<\/strong>, el director dels Serveis Territorials de Treball, Afers Socials i Fam\u00edlies a Lleida,<strong> Joan Santacana<\/strong>, i el director general d\u2019Economia Social, el Tercer Sector, les Cooperatives i Autoempresa,<strong> Josep Vidal<\/strong>, han presentat avui a la seu del Conselh Generau d\u2019Aran el nou projecte de creaci\u00f3 de la Xarxa d\u2019Ateneus Cooperatius, una xarxa d\u2019entitats que el Departament vol que sigui un servei de refer\u00e8ncia on les organitzacions cooperatives i d\u2019economia social treballin juntes per crear i impulsar nous llocs de treball, en especial els de qualitat, i promocionar l\u2019economia social.<\/p>\n<p>Amb un pressupost de 3.300.000 euros, la iniciativa del Departament consisteix en la creaci\u00f3 de 15 Ateneus Cooperatius, distribu\u00efts per diverses demarcacions, que donaran servei, atenci\u00f3 i cobertura a persones, empreses, cooperatives i societats laborals per enfortir l\u2019economia social i cooperativa en el marc del programa Aracoop.<\/p>\n<p>Aquesta iniciativa del Departament d\u00f3na resposta a la Resoluci\u00f3 17\/XI del Parlament de Catalunya sobre la situaci\u00f3 d\u2019emerg\u00e8ncia social, la reactivaci\u00f3 econ\u00f2mica, la gesti\u00f3 p\u00fablica i la necessitat d\u2019una resposta institucional que insta el Govern a aplicar, per mitj\u00e0 del programa Aracoop, mesures dedicades a promoure la creaci\u00f3 de noves cooperatives i societats laborals, especialment per part de joves i persones aturades sobretot m\u00e9s grans de cinquanta anys.<\/p>\n<p>En el decurs de la seva intervenci\u00f3, <strong>Santacana<\/strong> ha destacat que aquesta iniciativa <strong>\u201cse centra en afavorir la creaci\u00f3 d\u2019empreses d\u2019economia social i cooperativa, a m\u00e9s d\u2019enfortir la viabilitat i sostenibilitat dels projectes i experi\u00e8ncies existents per millorar l\u2019ocupaci\u00f3 i el desenvolupament del territori\u201d.<\/strong><\/p>\n<p>Aix\u00ed mateix, la Xarxa treballar\u00e0 per transformar associacions i empreses en cooperatives i societats laborals, i promocionar\u00e0 la f\u00f3rmula cooperativa i de les SAL per a la continu\u00eftat d\u2019empreses i entitats properes al tancament.<\/p>\n<p>&nbsp;<\/p>\n<p><img loading=\"lazy\" decoding=\"async\" class=\"aligncenter size-large wp-image-14586\" src=\"http:\/\/www.conselharan.org\/wp-content\/uploads\/2016\/11\/DSC_0523-1024x516.jpg\" alt=\"DSC_0523\" width=\"1024\" height=\"516\" srcset=\"https:\/\/www.conselharan.org\/wp-content\/uploads\/2016\/11\/DSC_0523-1024x516.jpg 1024w, https:\/\/www.conselharan.org\/wp-content\/uploads\/2016\/11\/DSC_0523-300x151.jpg 300w, https:\/\/www.conselharan.org\/wp-content\/uploads\/2016\/11\/DSC_0523-768x387.jpg 768w\" sizes=\"(max-width: 1024px) 100vw, 1024px\" \/><\/p>\n<p>&nbsp;<\/p>\n<p><strong>Entitats benefici\u00e0ries i abast territorial dels 15 Ateneus Cooperatius<\/strong><\/p>\n<p>Les entitats que optin a la subvenci\u00f3 del Departament per crear els 15 ateneus poden ser ens locals, empreses cooperatives o societats laborals, associacions i fundacions que tinguin experi\u00e8ncia en l\u2019\u00e0mbit del projecte i demostrin la seva capacitat per portar-lo a terme, i agrupacions sense personalitat jur\u00eddica.<\/p>\n<p>Aquestes entitats sol\u2022licitants, constitu\u00efdes legalment i amb establiment operatiu a Catalunya, hauran de presentar el projecte d\u2019ateneu cooperatiu en una de les demarcacions territorials: Regi\u00f3 Alt Pirineu i Aran; Barcelona ciutat; Regi\u00f3 Barcelona; Regi\u00f3 Camp de Tarragona; Regi\u00f3 Girona; Regi\u00f3 Catalunya Central; Regi\u00f3 Lleida\/Ponent; i Regi\u00f3 Terres de l\u2019Ebre.<\/p>\n<p>Els Ateneus Cooperatius donaran prioritat a les persones joves, les que estiguin en situaci\u00f3 d\u2019atur, sobretot les majors de 50 anys, demandants d\u2019ocupaci\u00f3 inscrites a les oficines del Servei P\u00fablic d\u2019Ocupaci\u00f3 de Catalunya que vulguin crear una empresa cooperativa o societat laboral.<\/p>\n<p>A m\u00e9s, els Ateneus prestaran suport a aquelles empreses o entitats que tinguin capacitat per incentivar la creaci\u00f3 d\u2019empreses cooperatives i societats laborals, com ara entitats p\u00fabliques, assessories, gestories, escoles de negoci, entitats formatives, empreses en transformaci\u00f3, associacions i fundacions.<\/p>\n<p>&nbsp;<\/p>\n<p><strong>Cooperatives i ocupaci\u00f3 a Catalunya<\/strong><\/p>\n<p>En l\u2019actualitat, hi ha 3.946 cooperatives a Catalunya. Fins l\u2019agost d\u2019enguany se n\u2019han constitu\u00eft 115, la mateixa quantitat que tot l\u2019any 2015. A les cooperatives de Catalunya hi treballen 45.666 persones, segons les dades del segon trimestre d\u2019enguany, la xifra m\u00e9s alta des de 2007.<\/p>\n<p>&nbsp;<\/p>\n<p>&nbsp;<\/p>\n<p>&nbsp;<\/p>\n<p>Vielha, 3 de novembre de 2016<\/p>\n<p>&nbsp;<\/p>\n<p><em>Conselh Generau d&#8217;Aran: N\u00faria Sanjuan<\/em><\/p>\n ","protected":false},"excerpt":{"rendered":"<p>Un total de 15 Ateneus, distribu\u00efts per tot Catalunya, afavoriran la creaci\u00f3 d\u2019empreses d\u2019economia social i cooperativa, aix\u00ed com la viabilitat i sostenibilitat dels projectes i experi\u00e8ncies existents al territori per millorar l\u2019ocupaci\u00f3 impulsant la creaci\u00f3 de nous llocs de treball, en especial els de qualitat, i el desenvolupament del territori. El Departament de Treball,&#8230;<\/p>\n","protected":false},"author":2,"featured_media":14585,"comment_status":"closed","ping_status":"closed","sticky":false,"template":"","format":"standard","meta":{"footnotes":""},"categories":[33],"tags":[],"_links":{"self":[{"href":"https:\/\/www.conselharan.org\/ca\/wp-json\/wp\/v2\/posts\/14580"}],"collection":[{"href":"https:\/\/www.conselharan.org\/ca\/wp-json\/wp\/v2\/posts"}],"about":[{"href":"https:\/\/www.conselharan.org\/ca\/wp-json\/wp\/v2\/types\/post"}],"author":[{"embeddable":true,"href":"https:\/\/www.conselharan.org\/ca\/wp-json\/wp\/v2\/users\/2"}],"replies":[{"embeddable":true,"href":"https:\/\/www.conselharan.org\/ca\/wp-json\/wp\/v2\/comments?post=14580"}],"version-history":[{"count":3,"href":"https:\/\/www.conselharan.org\/ca\/wp-json\/wp\/v2\/posts\/14580\/revisions"}],"predecessor-version":[{"id":14589,"href":"https:\/\/www.conselharan.org\/ca\/wp-json\/wp\/v2\/posts\/14580\/revisions\/14589"}],"wp:featuredmedia":[{"embeddable":true,"href":"https:\/\/www.conselharan.org\/ca\/wp-json\/wp\/v2\/media\/14585"}],"wp:attachment":[{"href":"https:\/\/www.conselharan.org\/ca\/wp-json\/wp\/v2\/media?parent=14580"}],"wp:term":[{"taxonomy":"category","embeddable":true,"href":"https:\/\/www.conselharan.org\/ca\/wp-json\/wp\/v2\/categories?post=14580"},{"taxonomy":"post_tag","embeddable":true,"href":"https:\/\/www.conselharan.org\/ca\/wp-json\/wp\/v2\/tags?post=14580"}],"curies":[{"name":"wp","href":"https:\/\/api.w.org\/{rel}","templated":true}]}}