{"id":14600,"date":"2016-11-04T09:30:47","date_gmt":"2016-11-04T08:30:47","guid":{"rendered":"http:\/\/www.conselharan.org\/ca\/?p=14600"},"modified":"2016-11-04T09:10:37","modified_gmt":"2016-11-04T08:10:37","slug":"recomanacions-de-neteja-i-dus-de-xemeneies-3","status":"publish","type":"post","link":"https:\/\/www.conselharan.org\/ca\/recomanacions-de-neteja-i-dus-de-xemeneies-3\/","title":{"rendered":"Recomanacions de neteja i d\u2019\u00fas de xemeneies"},"content":{"rendered":"<p><img loading=\"lazy\" decoding=\"async\" class=\"size-large wp-image-14598\" src=\"http:\/\/www.conselharan.org\/wp-content\/uploads\/2016\/11\/tumeneja-VdA-1024x683.jpg\" alt=\"Valle de Aran 2009\" width=\"1024\" height=\"683\" srcset=\"https:\/\/www.conselharan.org\/wp-content\/uploads\/2016\/11\/tumeneja-VdA-1024x683.jpg 1024w, https:\/\/www.conselharan.org\/wp-content\/uploads\/2016\/11\/tumeneja-VdA-300x200.jpg 300w, https:\/\/www.conselharan.org\/wp-content\/uploads\/2016\/11\/tumeneja-VdA-768x512.jpg 768w\" sizes=\"(max-width: 1024px) 100vw, 1024px\" \/><\/p>\n<p>Ja s\u2019apropa el hivern i amb el fred comencen a encendre\u2019s les primeres xemeneies a les llars de la Val d\u2019Aran. Un bon manteniment de les xemeneies suposa una major efici\u00e8ncia energ\u00e8tica, a m\u00e9s d\u2019evitar problemes com l\u2019acumulaci\u00f3 de fums, mala combusti\u00f3 de la llenya i fins i tot incendis que pot provar l\u2019acumulaci\u00f3 de sutge i la creosota adherits a les parets dels tubs d\u2019extracci\u00f3 de fums.<\/p>\n<p>Per tal d\u2019evitar i prevenir el risc d\u2019incendis i\/o intoxicacions, des del Conselh Generau d\u2019Aran, us facilitem les seg\u00fcents recomanacions:<\/p>\n<p><strong>RECOMANACIONS DE NETEJA I \u00daS DE LLARS DE FOC I XEMENEIES:<\/strong><\/p>\n<p>&#8211; Utilitzar per a la crema llenya ben seca i no resinosa, obtenint-la tres o quatre mesos abans de ser cremada.<\/p>\n<p>&#8211; No encendre la llar de foc amb combustibles ni alcohols de cap mena.<\/p>\n<p>&#8211; No cremar a la llar altres materials com gomes, pl\u00e0stics, cartrons, burilles de tabac, etc., ja que poden acumular als tubs elements qu\u00edmics inflamables.<\/p>\n<p>&#8211; Procurar una aportaci\u00f3 d\u2019aire i ventilaci\u00f3 correcta al lloc on es trobi la llar de foc.<\/p>\n<p>&#8211; Mantenir una al\u00e7ada de flama raonable i no col\u2022lapsar l\u2019espai de la llar de foc amb massa llenya.<\/p>\n<p>&#8211; Disposar d\u2019un extintor de pols o ABC i con\u00e8ixer el seu \u00fas a prop de la llar.<\/p>\n<p>&#8211; Netejar la xemeneia al menys un cop l\u2019any i cada sis mesos si el seu \u00fas \u00e9s freq\u00fcent.<\/p>\n<p>&#8211; Comprovar abans de encendre la llar que tot el circuit d\u2019evacuaci\u00f3 de fums, aix\u00ed com la mateixa llar es troba en bon estat i que no hi ha cap trencament o escletxa als tubs.<\/p>\n<p>En cas de que no disposin dels mitjans i materials adequats per a la neteja de la xemeneia, consultin amb empreses especialitzades.<\/p>\n<p><strong>\u201cEl bon manteniment de les xemeneies garanteix que funcionin b\u00e9 i durin molts anys. Si seguim uns petits consells podem assegurar-nos que estiguin en perfecte estat i minimitzar el risc que s&#8217;encenguin com a conseq\u00fc\u00e8ncia de l&#8217;acumulaci\u00f3 de brut\u00edcia<\/strong>\u201d ha subratllat <strong>Lu\u00eds Carlos Medina,<\/strong> vicesindic d\u2019Aran.<\/p>\n<p>&nbsp;<\/p>\n<p>&nbsp;<\/p>\n<p>&nbsp;<\/p>\n<p>Vielha, 4 de novembre de 2016<\/p>\n<p>&nbsp;<\/p>\n<p><em>Conselh Generau d&#8217;Aran: N\u00faria Sanjuan<\/em><\/p>\n ","protected":false},"excerpt":{"rendered":"<p>Ja s\u2019apropa el hivern i amb el fred comencen a encendre\u2019s les primeres xemeneies a les llars de la Val d\u2019Aran. Un bon manteniment de les xemeneies suposa una major efici\u00e8ncia energ\u00e8tica, a m\u00e9s d\u2019evitar problemes com l\u2019acumulaci\u00f3 de fums, mala combusti\u00f3 de la llenya i fins i tot incendis que pot provar l\u2019acumulaci\u00f3 de&#8230;<\/p>\n","protected":false},"author":2,"featured_media":14598,"comment_status":"closed","ping_status":"closed","sticky":false,"template":"","format":"standard","meta":{"footnotes":""},"categories":[53],"tags":[],"_links":{"self":[{"href":"https:\/\/www.conselharan.org\/ca\/wp-json\/wp\/v2\/posts\/14600"}],"collection":[{"href":"https:\/\/www.conselharan.org\/ca\/wp-json\/wp\/v2\/posts"}],"about":[{"href":"https:\/\/www.conselharan.org\/ca\/wp-json\/wp\/v2\/types\/post"}],"author":[{"embeddable":true,"href":"https:\/\/www.conselharan.org\/ca\/wp-json\/wp\/v2\/users\/2"}],"replies":[{"embeddable":true,"href":"https:\/\/www.conselharan.org\/ca\/wp-json\/wp\/v2\/comments?post=14600"}],"version-history":[{"count":2,"href":"https:\/\/www.conselharan.org\/ca\/wp-json\/wp\/v2\/posts\/14600\/revisions"}],"predecessor-version":[{"id":14604,"href":"https:\/\/www.conselharan.org\/ca\/wp-json\/wp\/v2\/posts\/14600\/revisions\/14604"}],"wp:featuredmedia":[{"embeddable":true,"href":"https:\/\/www.conselharan.org\/ca\/wp-json\/wp\/v2\/media\/14598"}],"wp:attachment":[{"href":"https:\/\/www.conselharan.org\/ca\/wp-json\/wp\/v2\/media?parent=14600"}],"wp:term":[{"taxonomy":"category","embeddable":true,"href":"https:\/\/www.conselharan.org\/ca\/wp-json\/wp\/v2\/categories?post=14600"},{"taxonomy":"post_tag","embeddable":true,"href":"https:\/\/www.conselharan.org\/ca\/wp-json\/wp\/v2\/tags?post=14600"}],"curies":[{"name":"wp","href":"https:\/\/api.w.org\/{rel}","templated":true}]}}