{"id":14613,"date":"2016-11-04T17:00:35","date_gmt":"2016-11-04T16:00:35","guid":{"rendered":"http:\/\/www.conselharan.org\/ca\/?p=14613"},"modified":"2016-11-04T15:56:37","modified_gmt":"2016-11-04T14:56:37","slug":"el-sindic-daran-i-la-consellera-de-governacio-formalitzen-lacord-de-financament-del-conselh-generau-daran-pel-2016-de-mes-de-22meur","status":"publish","type":"post","link":"https:\/\/www.conselharan.org\/ca\/el-sindic-daran-i-la-consellera-de-governacio-formalitzen-lacord-de-financament-del-conselh-generau-daran-pel-2016-de-mes-de-22meur\/","title":{"rendered":"El sindic d\u2019Aran i la consellera de Governaci\u00f3 formalitzen l\u2019acord de finan\u00e7ament del Conselh Generau d&#8217;Aran pel 2016 de m\u00e9s de 22MEUR"},"content":{"rendered":"<p><strong>\u2022 L\u2019acord s\u2019ha signat durant la reuni\u00f3 de la comissi\u00f3 bilateral Govern- Conselh Generau d\u2019Aran, presidida per la consellera de Governaci\u00f3, Meritxell Borr\u00e0s i pel sindic d\u2019Aran, Carlos Barrera.<\/strong><\/p>\n<p><strong>\u2022 La titular de Governaci\u00f3 insta els alcaldes de l&#8217;Aran a implicar-se a fons en el proc\u00e9s de debat GovernsLocals.cat per fer valer la singularitat del territori.<\/strong><\/p>\n<p>&nbsp;<\/p>\n<p><img loading=\"lazy\" decoding=\"async\" class=\"aligncenter size-large wp-image-14608\" src=\"http:\/\/www.conselharan.org\/wp-content\/uploads\/2016\/11\/DSC_0538-1024x685.jpg\" alt=\"DSC_0538\" width=\"1024\" height=\"685\" srcset=\"https:\/\/www.conselharan.org\/wp-content\/uploads\/2016\/11\/DSC_0538-1024x685.jpg 1024w, https:\/\/www.conselharan.org\/wp-content\/uploads\/2016\/11\/DSC_0538-300x201.jpg 300w, https:\/\/www.conselharan.org\/wp-content\/uploads\/2016\/11\/DSC_0538-768x514.jpg 768w\" sizes=\"(max-width: 1024px) 100vw, 1024px\" \/><\/p>\n<p>&nbsp;<\/p>\n<p>La consellera de Governaci\u00f3, Administracions P\u00fabliques i Habitatge, <strong>Meritxell Borr\u00e0s<\/strong>, i el s\u00edndic d\u2019Aran, <strong>Carlos Barrera<\/strong>, han signat avui l\u2019acord de finan\u00e7ament pel 2016 del Conselh Generau d\u2019Aran, que suma un import total de <strong>22.066.727 euros<\/strong>. El Departament de Governaci\u00f3 assumeix el gruix d\u2019aquesta transfer\u00e8ncia, amb un import de 21.819.267 euros. Aquesta xifra inclou els fons que el Departament de Presid\u00e8ncia aporta al pressupost de Governaci\u00f3 per a promoure l\u2019\u00fas social de l\u2019aran\u00e8s (60.000 euros) i els que el Consell Catal\u00e0 de l\u2019Esport transfereix per al foment de l\u2019esport i el Centre de Tecnificaci\u00f3 (142.500 euros). La resta de l\u2019import (247.459 euros) \u00e9s la suma dels recursos que aporten els departaments de Cultura; Territori i Sostenibilitat; i Empresa i Coneixement.<\/p>\n<p>Les transfer\u00e8ncies de la Generalitat, la major part de les quals ja s\u2019han fet efectives, es destinen al finan\u00e7ament de la instituci\u00f3 d\u2019autogovern aranesa i a l\u2019exercici de les seves compet\u00e8ncies, d\u2019acord amb la Llei 1\/2015, del 5 de febrer, del r\u00e8gim especial d\u2019Aran.<\/p>\n<p>&nbsp;<\/p>\n<p><img loading=\"lazy\" decoding=\"async\" class=\"aligncenter size-large wp-image-14606\" src=\"http:\/\/www.conselharan.org\/wp-content\/uploads\/2016\/11\/DSC_0576-1024x613.jpg\" alt=\"DSC_0576\" width=\"1024\" height=\"613\" srcset=\"https:\/\/www.conselharan.org\/wp-content\/uploads\/2016\/11\/DSC_0576-1024x613.jpg 1024w, https:\/\/www.conselharan.org\/wp-content\/uploads\/2016\/11\/DSC_0576-300x180.jpg 300w, https:\/\/www.conselharan.org\/wp-content\/uploads\/2016\/11\/DSC_0576-768x460.jpg 768w\" sizes=\"(max-width: 1024px) 100vw, 1024px\" \/><\/p>\n<p>&nbsp;<\/p>\n<p>L\u2019any passat el Conselh Generau d\u2019Aran va rebre de la Generalitat 21.475.169 euros, per tant aquest any el finan\u00e7ament s\u2019ha incrementat en 591.558 euros. L\u2019augment es deu, majorit\u00e0riament, a les partides que acompanyen les compet\u00e8ncies transferides aquest any al govern aut\u00f2nom en mat\u00e8ria d\u2019ensenyament, sanitat i conservaci\u00f3, gesti\u00f3 i difusi\u00f3 del patrimoni documental, entre d\u2019altres.<\/p>\n<p>La consellera <strong>Borr\u00e0s<\/strong> ha destacat la bona entesa entre el Govern i el Conselh Generau d\u2019Aran per acordar el finan\u00e7ament: \u201c<strong>encara no hem arribat a final d\u2019any i ja hi ha un acord en temes econ\u00f2mics\u201d<\/strong>. Tamb\u00e9 ha explicat que s\u2019ha posat en marxa una comissi\u00f3 \u201c<strong>que treballa per establir un nou model de finan\u00e7ament estable, tal com marca la llei de l\u2019Aran del 2015\u201d.<\/strong><\/p>\n<p>El s\u00edndic, <strong>Carlos Barrera<\/strong>, tamb\u00e9 s\u2019ha mostrat satisfet i ha posat l\u2019accent en la bona disposici\u00f3 del Govern per atendre les necessitats del territori: \u201c<strong>valorem positivament l\u2019acord de finan\u00e7ament. Tenint en compte que els pressupostos de la Generalitat estan prorrogats, l\u2019increment \u00e9s important i demostra sensibilitat i capacitat de negociaci\u00f3<\/strong>\u201d.<\/p>\n<p>&nbsp;<\/p>\n<p><img loading=\"lazy\" decoding=\"async\" class=\"aligncenter size-large wp-image-14609\" src=\"http:\/\/www.conselharan.org\/wp-content\/uploads\/2016\/11\/DSC_0546-1024x685.jpg\" alt=\"DSC_0546\" width=\"1024\" height=\"685\" srcset=\"https:\/\/www.conselharan.org\/wp-content\/uploads\/2016\/11\/DSC_0546-1024x685.jpg 1024w, https:\/\/www.conselharan.org\/wp-content\/uploads\/2016\/11\/DSC_0546-300x201.jpg 300w, https:\/\/www.conselharan.org\/wp-content\/uploads\/2016\/11\/DSC_0546-768x514.jpg 768w\" sizes=\"(max-width: 1024px) 100vw, 1024px\" \/><\/p>\n<p>&nbsp;<\/p>\n<p>L\u2019acord de finan\u00e7ament pel 2016 s\u2019ha signat aquest mat\u00ed, durant reuni\u00f3 del ple de la Comissi\u00f3 Bilateral Govern de la Generalitat \u2013 Conselh Generau d\u2019Aran, que ha tingut lloc avui a la Casa deth Senhor d\u2019Arr\u00f2s i que han presidit la consellera i el s\u00edndic.<\/p>\n<p>La comissi\u00f3 bilateral \u00e9s l\u2019\u00f2rgan permanent de relaci\u00f3 entre els governs i les administracions de la Generalitat i el Consell General d\u2019Aran per al desenvolupament del r\u00e8gim especial de l\u2019Aran. Aquesta \u00e9s la tercera reuni\u00f3 que ha celebrat la comissi\u00f3 des de la seva constituci\u00f3, el febrer del 2015, en compliment de la Llei 1\/2015.<\/p>\n<p>&nbsp;<\/p>\n<p><img loading=\"lazy\" decoding=\"async\" class=\"aligncenter size-large wp-image-14607\" src=\"http:\/\/www.conselharan.org\/wp-content\/uploads\/2016\/11\/DSC_0571-1024x685.jpg\" alt=\"DSC_0571\" width=\"1024\" height=\"685\" srcset=\"https:\/\/www.conselharan.org\/wp-content\/uploads\/2016\/11\/DSC_0571-1024x685.jpg 1024w, https:\/\/www.conselharan.org\/wp-content\/uploads\/2016\/11\/DSC_0571-300x201.jpg 300w, https:\/\/www.conselharan.org\/wp-content\/uploads\/2016\/11\/DSC_0571-768x514.jpg 768w\" sizes=\"(max-width: 1024px) 100vw, 1024px\" \/><\/p>\n<p>&nbsp;<\/p>\n<p>A banda de la consellera Meritxell Borr\u00e0s i el s\u00edndic Carlos Barrera, tamb\u00e9 han participat en la reuni\u00f3 de la Comissi\u00f3 Bilateral la delegada del Govern a l\u2019Alt Pirineu i Aran, <strong>Maria Rosa Amor\u00f3s<\/strong>; el secretari d\u2019Administracions Locals, <strong>Joaquim Ferrer<\/strong>, i la directora territorial de Governaci\u00f3 a Lleida,<strong> Anna Feliu<\/strong>. La representaci\u00f3 del Conselh Generau tamb\u00e9 ha comptat amb els vices\u00edndics i consellers que en formen part.<\/p>\n<p>&nbsp;<\/p>\n<p><img loading=\"lazy\" decoding=\"async\" class=\"aligncenter size-large wp-image-14611\" src=\"http:\/\/www.conselharan.org\/wp-content\/uploads\/2016\/11\/DSC_0582-1024x778.jpg\" alt=\"DSC_0582\" width=\"1024\" height=\"778\" srcset=\"https:\/\/www.conselharan.org\/wp-content\/uploads\/2016\/11\/DSC_0582-1024x778.jpg 1024w, https:\/\/www.conselharan.org\/wp-content\/uploads\/2016\/11\/DSC_0582-300x228.jpg 300w, https:\/\/www.conselharan.org\/wp-content\/uploads\/2016\/11\/DSC_0582-768x584.jpg 768w\" sizes=\"(max-width: 1024px) 100vw, 1024px\" \/><\/p>\n<p>&nbsp;<\/p>\n<p><strong>Presentaci\u00f3 de GovernsLocals.cat<\/strong><\/p>\n<p>Despr\u00e9s de la reuni\u00f3 de la Comissi\u00f3 Bilateral, la consellera Borr\u00e0s s\u2019ha despla\u00e7at a la seu administrativa del Conselh Generau d\u2019Aran per presentar, durant la reuni\u00f3 del Consell d\u2019Alcaldes de la Val d\u2019Aran, el proc\u00e9s GovernsLocals.cat.<\/p>\n<p>La titular de Governaci\u00f3 ha recordat que en el Consell Institucional d&#8217;aquest proc\u00e9s de debat tamb\u00e9 en forma part el S\u00edndic d&#8217;Aran, Carlos Barrera, per tal que quedi representada la singularitat de l&#8217;Aran en la composici\u00f3 de les futures lleis que regiran les administracions locals catalanes. En aquesta l\u00ednia, la consellera Borr\u00e0s ha parlat de la \u201cdiversitat\u201d del pa\u00eds i ha constatat la import\u00e0ncia que els alcaldes i alcaldesses de la Vall d\u2019Aran participin en el proc\u00e9s, ja que tenen necessitats molt diferents a les que poden tenir altres territoris: <strong>\u201cno \u00e9s el mateix l\u2019\u00e0rea metropolitana, per exemple, que l\u2019Aran\u201d<\/strong>.<\/p>\n<p>Borr\u00e0s ha recordat que, fins ara, les lleis que afecten el m\u00f3n local s\u2019havien fet des del Govern o des del Parlament i que ara, per primera vegada, es far\u00e0 la reforma en base a les seves demandes. Per aix\u00f2, ha instat els representants locals a implicar-se a fons en el debat: \u201c<strong>volem que hi participin perqu\u00e8 es tracta de decidir com han de ser les lleis del futur que afecten temes que els toquen de ple, com l\u2019ordenaci\u00f3 territorial i el finan\u00e7ament\u201d.<\/strong><\/p>\n<p>&nbsp;<\/p>\n<p><img loading=\"lazy\" decoding=\"async\" class=\"aligncenter size-large wp-image-14610\" src=\"http:\/\/www.conselharan.org\/wp-content\/uploads\/2016\/11\/DSC_0586-1024x612.jpg\" alt=\"DSC_0586\" width=\"1024\" height=\"612\" srcset=\"https:\/\/www.conselharan.org\/wp-content\/uploads\/2016\/11\/DSC_0586-1024x612.jpg 1024w, https:\/\/www.conselharan.org\/wp-content\/uploads\/2016\/11\/DSC_0586-300x179.jpg 300w, https:\/\/www.conselharan.org\/wp-content\/uploads\/2016\/11\/DSC_0586-768x459.jpg 768w\" sizes=\"(max-width: 1024px) 100vw, 1024px\" \/><\/p>\n<p>&nbsp;<\/p>\n<p>El proc\u00e9s GovernsLocals.cat s\u2019ha organitzat en sis \u00e0mbits de treball: Ordenaci\u00f3 territorial i serveis a les persones, Organitzaci\u00f3 dels governs locals, Relacions intergovernamentals, Nova governan\u00e7a, Innovant la gesti\u00f3 p\u00fablica local i Finances locals.<\/p>\n<p>Alcaldes, presidents d\u2019entitats municipals descentralitzades i presidents de consells comarcals podran participar presencialment en les sessions de debat al territori. En aquestes sessions es debatr\u00e0 sobre cadascun d\u2019aquests \u00e0mbits i els resultats es faran arribar a la resta de c\u00e0rrecs electes perqu\u00e8, via telem\u00e0tica, puguin fer-hi les aportacions corresponents. Tamb\u00e9 s\u2019establiran diversos processos participatius a nivell municipal i es recolliran opinions a trav\u00e9s del web governslocals.cat, on hi haur\u00e0 eines de debat dels sis \u00e0mbits de treball, a m\u00e9s d\u2019un butllet\u00ed electr\u00f2nic que fomentar\u00e0 la participaci\u00f3 dels electes.<\/p>\n<p>Els documents es coordinaran en un comit\u00e8 t\u00e8cnic format per representats de totes les administracions i se sotmetran a la consideraci\u00f3 d\u2019un grup d\u2019assessors, que podran assistir els equips dels \u00e0mbits de treball i aportar continguts i coneixement, com a experts en la mat\u00e8ria.<\/p>\n<p>El proc\u00e9s de debat finalitzar\u00e0 entre els mesos de gener i febrer del 2017, amb una sessi\u00f3 on s\u2019aportaran els resultats de les sessions territorials i de les aportacions telem\u00e0tiques dels c\u00e0rrecs electes. D\u2019aquesta sessi\u00f3 final en sortir\u00e0 un document que es traslladar\u00e0 al Parlament de Catalunya i que ha de servir com a base per a elaborar les futures lleis dels governs locals.<\/p>\n<p>El proc\u00e9s es va presentar el passat mes de juliol, amb la primera reuni\u00f3 del Consell Institucional, que es va fer al Parlament de Catalunya, encap\u00e7alada pel president de la Generalitat, Carles Puigdemont; acompanyat del vicepresident, Oriol Junqueras, i la consellera de Governaci\u00f3, Administracions P\u00fabliques i Habitatge, Meritxell Borr\u00e0s. Tamb\u00e9 hi van participar els presidents de les quatre diputacions catalanes i els representants de les entitats municipalistes, de l\u2019Ajuntament de Barcelona, del Conselh Generau de l\u2019Aran i dels sis grups parlamentaris.<\/p>\n<p>&nbsp;<\/p>\n<p>&nbsp;<\/p>\n<p>&nbsp;<\/p>\n<p>Vielha, 4 de novembre de 2016<\/p>\n<p>&nbsp;<\/p>\n<p><em>Conselh Generau d&#8217;Aran: N\u00faria Sanjuan<\/em><\/p>\n<p><em>Font: Governaci\u00f3<\/em><\/p>\n ","protected":false},"excerpt":{"rendered":"<p>\u2022 L\u2019acord s\u2019ha signat durant la reuni\u00f3 de la comissi\u00f3 bilateral Govern- Conselh Generau d\u2019Aran, presidida per la consellera de Governaci\u00f3, Meritxell Borr\u00e0s i pel sindic d\u2019Aran, Carlos Barrera. \u2022 La titular de Governaci\u00f3 insta els alcaldes de l&#8217;Aran a implicar-se a fons en el proc\u00e9s de debat GovernsLocals.cat per fer valer la singularitat del&#8230;<\/p>\n","protected":false},"author":2,"featured_media":14608,"comment_status":"closed","ping_status":"closed","sticky":false,"template":"","format":"standard","meta":{"footnotes":""},"categories":[53],"tags":[],"_links":{"self":[{"href":"https:\/\/www.conselharan.org\/ca\/wp-json\/wp\/v2\/posts\/14613"}],"collection":[{"href":"https:\/\/www.conselharan.org\/ca\/wp-json\/wp\/v2\/posts"}],"about":[{"href":"https:\/\/www.conselharan.org\/ca\/wp-json\/wp\/v2\/types\/post"}],"author":[{"embeddable":true,"href":"https:\/\/www.conselharan.org\/ca\/wp-json\/wp\/v2\/users\/2"}],"replies":[{"embeddable":true,"href":"https:\/\/www.conselharan.org\/ca\/wp-json\/wp\/v2\/comments?post=14613"}],"version-history":[{"count":1,"href":"https:\/\/www.conselharan.org\/ca\/wp-json\/wp\/v2\/posts\/14613\/revisions"}],"predecessor-version":[{"id":14614,"href":"https:\/\/www.conselharan.org\/ca\/wp-json\/wp\/v2\/posts\/14613\/revisions\/14614"}],"wp:featuredmedia":[{"embeddable":true,"href":"https:\/\/www.conselharan.org\/ca\/wp-json\/wp\/v2\/media\/14608"}],"wp:attachment":[{"href":"https:\/\/www.conselharan.org\/ca\/wp-json\/wp\/v2\/media?parent=14613"}],"wp:term":[{"taxonomy":"category","embeddable":true,"href":"https:\/\/www.conselharan.org\/ca\/wp-json\/wp\/v2\/categories?post=14613"},{"taxonomy":"post_tag","embeddable":true,"href":"https:\/\/www.conselharan.org\/ca\/wp-json\/wp\/v2\/tags?post=14613"}],"curies":[{"name":"wp","href":"https:\/\/api.w.org\/{rel}","templated":true}]}}