{"id":14620,"date":"2016-11-05T08:00:20","date_gmt":"2016-11-05T07:00:20","guid":{"rendered":"http:\/\/www.conselharan.org\/ca\/?p=14620"},"modified":"2016-11-04T20:40:30","modified_gmt":"2016-11-04T19:40:30","slug":"el-vicesindic-daran-luis-carlos-medina-inaugura-les-jornades-destudi-1616-ordinacions-pragmatica-i-edictes-reials-juan-francisco-de-gracia","status":"publish","type":"post","link":"https:\/\/www.conselharan.org\/ca\/el-vicesindic-daran-luis-carlos-medina-inaugura-les-jornades-destudi-1616-ordinacions-pragmatica-i-edictes-reials-juan-francisco-de-gracia\/","title":{"rendered":"Inaugurades les Jornades d\u2019estudi &#8220;1616. Ordinacions, Pragm\u00e0tica i Edictes Reials. Juan Francisco de Gracia&#8221;"},"content":{"rendered":"<p>\u2022<strong> Aquestes jornades commemoren el 400 aniversari de la redacci\u00f3 d\u2019aquest document que actualitza i recopila l&#8217;administraci\u00f3 aranesa.<\/strong><\/p>\n<p>&nbsp;<\/p>\n<p><img loading=\"lazy\" decoding=\"async\" class=\"aligncenter size-large wp-image-14623\" src=\"http:\/\/www.conselharan.org\/wp-content\/uploads\/2016\/11\/DSC_0603-1024x685.jpg\" alt=\"DSC_0603\" width=\"1024\" height=\"685\" srcset=\"https:\/\/www.conselharan.org\/wp-content\/uploads\/2016\/11\/DSC_0603-1024x685.jpg 1024w, https:\/\/www.conselharan.org\/wp-content\/uploads\/2016\/11\/DSC_0603-300x201.jpg 300w, https:\/\/www.conselharan.org\/wp-content\/uploads\/2016\/11\/DSC_0603-768x514.jpg 768w\" sizes=\"(max-width: 1024px) 100vw, 1024px\" \/><\/p>\n<p>&nbsp;<\/p>\n<p>La seu del Conselh Generau d\u2019Aran va acollir la inauguraci\u00f3 de les Jornades d\u2019Estudi \u201c1616. Ordinacions, Pragm\u00e0tica i Edictes Reials de la Val d\u2019Aran. Juan Francisco de Gracia\u201d. Aquestes jornades commemoren el 400 aniversari de la redacci\u00f3 d\u2019aquest document que actualitza i recopila l&#8217;administraci\u00f3 aranesa.<\/p>\n<p>&nbsp;<\/p>\n<p><img loading=\"lazy\" decoding=\"async\" class=\"aligncenter size-large wp-image-14625\" src=\"http:\/\/www.conselharan.org\/wp-content\/uploads\/2016\/11\/DSC_0597-1024x685.jpg\" alt=\"DSC_0597\" width=\"1024\" height=\"685\" srcset=\"https:\/\/www.conselharan.org\/wp-content\/uploads\/2016\/11\/DSC_0597-1024x685.jpg 1024w, https:\/\/www.conselharan.org\/wp-content\/uploads\/2016\/11\/DSC_0597-300x201.jpg 300w, https:\/\/www.conselharan.org\/wp-content\/uploads\/2016\/11\/DSC_0597-768x514.jpg 768w\" sizes=\"(max-width: 1024px) 100vw, 1024px\" \/><\/p>\n<p>&nbsp;<\/p>\n<p>Els actes van comen\u00e7ar ahir, 4 de novembre, amb la confer\u00e8ncia inaugural de <strong>Patrici Pojada<\/strong> de la Universitat de Perpiny\u00e0. Tamb\u00e9, la <strong>Fundaci\u00f3 Museu Etnol\u00f2gic de la Val d\u2019Aran<\/strong>\u00a0va presentar la reproducci\u00f3 i reedici\u00f3 de la publicaci\u00f3 original, datada en el 1618, de les Ordinacions.<\/p>\n<p>&nbsp;<\/p>\n<p><img loading=\"lazy\" decoding=\"async\" class=\"aligncenter size-large wp-image-14626\" src=\"http:\/\/www.conselharan.org\/wp-content\/uploads\/2016\/11\/DSC_0593-1024x685.jpg\" alt=\"DSC_0593\" width=\"1024\" height=\"685\" srcset=\"https:\/\/www.conselharan.org\/wp-content\/uploads\/2016\/11\/DSC_0593-1024x685.jpg 1024w, https:\/\/www.conselharan.org\/wp-content\/uploads\/2016\/11\/DSC_0593-300x201.jpg 300w, https:\/\/www.conselharan.org\/wp-content\/uploads\/2016\/11\/DSC_0593-768x514.jpg 768w\" sizes=\"(max-width: 1024px) 100vw, 1024px\" \/><\/p>\n<p><img loading=\"lazy\" decoding=\"async\" class=\"aligncenter size-large wp-image-14624\" src=\"http:\/\/www.conselharan.org\/wp-content\/uploads\/2016\/11\/DSC_0601-1024x685.jpg\" alt=\"DSC_0601\" width=\"1024\" height=\"685\" srcset=\"https:\/\/www.conselharan.org\/wp-content\/uploads\/2016\/11\/DSC_0601-1024x685.jpg 1024w, https:\/\/www.conselharan.org\/wp-content\/uploads\/2016\/11\/DSC_0601-300x201.jpg 300w, https:\/\/www.conselharan.org\/wp-content\/uploads\/2016\/11\/DSC_0601-768x514.jpg 768w\" sizes=\"(max-width: 1024px) 100vw, 1024px\" \/><\/p>\n<p>&nbsp;<\/p>\n<p>Els dies 5 i 6 de novembre els actes continuaran a l&#8217;Alberg Era Garona de Salard\u00fa i a les esgl\u00e9sies d\u2019Escunhau, Gar\u00f2s i Unha on es visitaran i es comentaran els seus rellotges.<\/p>\n<p>&nbsp;<\/p>\n<p>&nbsp;<\/p>\n<p>Vielha, 5 de novembre de 2016<\/p>\n<p>&nbsp;<\/p>\n<p><em>Conselh Generau d&#8217;Aran: N\u00faria Sanjuan<\/em><\/p>\n ","protected":false},"excerpt":{"rendered":"<p>\u2022 Aquestes jornades commemoren el 400 aniversari de la redacci\u00f3 d\u2019aquest document que actualitza i recopila l&#8217;administraci\u00f3 aranesa. &nbsp; &nbsp; La seu del Conselh Generau d\u2019Aran va acollir la inauguraci\u00f3 de les Jornades d\u2019Estudi \u201c1616. Ordinacions, Pragm\u00e0tica i Edictes Reials de la Val d\u2019Aran. Juan Francisco de Gracia\u201d. Aquestes jornades commemoren el 400 aniversari de&#8230;<\/p>\n","protected":false},"author":2,"featured_media":14623,"comment_status":"closed","ping_status":"closed","sticky":false,"template":"","format":"standard","meta":{"footnotes":""},"categories":[33],"tags":[],"_links":{"self":[{"href":"https:\/\/www.conselharan.org\/ca\/wp-json\/wp\/v2\/posts\/14620"}],"collection":[{"href":"https:\/\/www.conselharan.org\/ca\/wp-json\/wp\/v2\/posts"}],"about":[{"href":"https:\/\/www.conselharan.org\/ca\/wp-json\/wp\/v2\/types\/post"}],"author":[{"embeddable":true,"href":"https:\/\/www.conselharan.org\/ca\/wp-json\/wp\/v2\/users\/2"}],"replies":[{"embeddable":true,"href":"https:\/\/www.conselharan.org\/ca\/wp-json\/wp\/v2\/comments?post=14620"}],"version-history":[{"count":4,"href":"https:\/\/www.conselharan.org\/ca\/wp-json\/wp\/v2\/posts\/14620\/revisions"}],"predecessor-version":[{"id":14630,"href":"https:\/\/www.conselharan.org\/ca\/wp-json\/wp\/v2\/posts\/14620\/revisions\/14630"}],"wp:featuredmedia":[{"embeddable":true,"href":"https:\/\/www.conselharan.org\/ca\/wp-json\/wp\/v2\/media\/14623"}],"wp:attachment":[{"href":"https:\/\/www.conselharan.org\/ca\/wp-json\/wp\/v2\/media?parent=14620"}],"wp:term":[{"taxonomy":"category","embeddable":true,"href":"https:\/\/www.conselharan.org\/ca\/wp-json\/wp\/v2\/categories?post=14620"},{"taxonomy":"post_tag","embeddable":true,"href":"https:\/\/www.conselharan.org\/ca\/wp-json\/wp\/v2\/tags?post=14620"}],"curies":[{"name":"wp","href":"https:\/\/api.w.org\/{rel}","templated":true}]}}