{"id":14654,"date":"2016-11-10T10:16:55","date_gmt":"2016-11-10T09:16:55","guid":{"rendered":"http:\/\/www.conselharan.org\/ca\/?p=14654"},"modified":"2016-11-10T10:20:08","modified_gmt":"2016-11-10T09:20:08","slug":"simulacre-a-linterior-del-tunel-de-vielha","status":"publish","type":"post","link":"https:\/\/www.conselharan.org\/ca\/simulacre-a-linterior-del-tunel-de-vielha\/","title":{"rendered":"SIMULACRE A L\u2019INTERIOR DEL T\u00daNEL DE VIELHA"},"content":{"rendered":"<p><strong>\u2022 Dimarts que ve, 15 de novembre, el t\u00fanel de Vielha: Juan Carlos I romandr\u00e0 tallat a la circulaci\u00f3 de les 22h30 fins aproximadament les 03h00 del dia 16 de novembre a causa d&#8217;un simulacre d&#8217;accident en el seu interior.<\/strong><\/p>\n<p>&nbsp;<\/p>\n<p><img loading=\"lazy\" decoding=\"async\" class=\"aligncenter size-full wp-image-14652\" src=\"http:\/\/www.conselharan.org\/wp-content\/uploads\/2016\/11\/tunel-de-vielha.jpg\" alt=\"tunel de vielha\" width=\"640\" height=\"427\" srcset=\"https:\/\/www.conselharan.org\/wp-content\/uploads\/2016\/11\/tunel-de-vielha.jpg 640w, https:\/\/www.conselharan.org\/wp-content\/uploads\/2016\/11\/tunel-de-vielha-300x200.jpg 300w\" sizes=\"(max-width: 640px) 100vw, 640px\" \/><\/p>\n<p>&nbsp;<\/p>\n<p>En un comunicat em\u00e8s pel Ministeri de Foment, s&#8217;informa que la nit del proper dimarts 15 de novembre a partir de les 22h30 es dur\u00e0 a terme un simulacre d&#8217;accident a l&#8217;interior del t\u00fanel Juan Carlos I, una vegada aprovat t\u00e8cnicament per part de Protecci\u00f3 Civil de la Generalitat de Catalunya el seu Pla d&#8217;Autoprotecci\u00f3 (PAU). Aquesta data s&#8217;ha consensuat entre tots els col\u2022lectius implicats despr\u00e9s de dues reunions preparat\u00f2ries dutes a terme recentment.<\/p>\n<p>S&#8217;estima que la seva durada oscil\u2022lar\u00e0 entre 3 i 4 hores aproximadament, en les quals el t\u00fanel romandr\u00e0 tallat a la circulaci\u00f3. En cas d&#8217;emerg\u00e8ncia durant la realitzaci\u00f3 del simulacre s&#8217;habilitar\u00e0 pas per l&#8217;antic t\u00fanel i si \u00e9s necessari s&#8217;interrompr\u00e0.<\/p>\n<p>El simulacre finalitzar\u00e0 una vegada es compti amb el vistiplau del Cap d&#8217;Emerg\u00e8ncies (Bombers).<\/p>\n<p>Amb suficient antelaci\u00f3 la Unitat de carreteres informar\u00e0 de la realitzaci\u00f3 del simulacre a trav\u00e9s dels panells d\u2019informaci\u00f3 distribu\u00efts en la carretera N-230.<\/p>\n<p>&nbsp;<\/p>\n<p>&nbsp;<\/p>\n<p>&nbsp;<\/p>\n<p>Vielha, 10 de novembre de 2016<\/p>\n<p>&nbsp;<\/p>\n<p><em>Conselh Generau d&#8217;Aran: N\u00faria Sanjuan\u00a0<\/em><\/p>\n ","protected":false},"excerpt":{"rendered":"<p>\u2022 Dimarts que ve, 15 de novembre, el t\u00fanel de Vielha: Juan Carlos I romandr\u00e0 tallat a la circulaci\u00f3 de les 22h30 fins aproximadament les 03h00 del dia 16 de novembre a causa d&#8217;un simulacre d&#8217;accident en el seu interior. &nbsp; &nbsp; En un comunicat em\u00e8s pel Ministeri de Foment, s&#8217;informa que la nit del&#8230;<\/p>\n","protected":false},"author":2,"featured_media":14652,"comment_status":"closed","ping_status":"closed","sticky":false,"template":"","format":"standard","meta":{"footnotes":""},"categories":[33],"tags":[],"_links":{"self":[{"href":"https:\/\/www.conselharan.org\/ca\/wp-json\/wp\/v2\/posts\/14654"}],"collection":[{"href":"https:\/\/www.conselharan.org\/ca\/wp-json\/wp\/v2\/posts"}],"about":[{"href":"https:\/\/www.conselharan.org\/ca\/wp-json\/wp\/v2\/types\/post"}],"author":[{"embeddable":true,"href":"https:\/\/www.conselharan.org\/ca\/wp-json\/wp\/v2\/users\/2"}],"replies":[{"embeddable":true,"href":"https:\/\/www.conselharan.org\/ca\/wp-json\/wp\/v2\/comments?post=14654"}],"version-history":[{"count":1,"href":"https:\/\/www.conselharan.org\/ca\/wp-json\/wp\/v2\/posts\/14654\/revisions"}],"predecessor-version":[{"id":14655,"href":"https:\/\/www.conselharan.org\/ca\/wp-json\/wp\/v2\/posts\/14654\/revisions\/14655"}],"wp:featuredmedia":[{"embeddable":true,"href":"https:\/\/www.conselharan.org\/ca\/wp-json\/wp\/v2\/media\/14652"}],"wp:attachment":[{"href":"https:\/\/www.conselharan.org\/ca\/wp-json\/wp\/v2\/media?parent=14654"}],"wp:term":[{"taxonomy":"category","embeddable":true,"href":"https:\/\/www.conselharan.org\/ca\/wp-json\/wp\/v2\/categories?post=14654"},{"taxonomy":"post_tag","embeddable":true,"href":"https:\/\/www.conselharan.org\/ca\/wp-json\/wp\/v2\/tags?post=14654"}],"curies":[{"name":"wp","href":"https:\/\/api.w.org\/{rel}","templated":true}]}}