{"id":14678,"date":"2016-11-11T18:30:24","date_gmt":"2016-11-11T17:30:24","guid":{"rendered":"http:\/\/www.conselharan.org\/ca\/?p=14678"},"modified":"2016-11-11T18:35:10","modified_gmt":"2016-11-11T17:35:10","slug":"la-val-daran-i-baqueira-beret-porten-el-fred-a-barcelona-amb-la-presentacio-de-la-temporada-2016-17","status":"publish","type":"post","link":"https:\/\/www.conselharan.org\/ca\/la-val-daran-i-baqueira-beret-porten-el-fred-a-barcelona-amb-la-presentacio-de-la-temporada-2016-17\/","title":{"rendered":"La Val d\u2019Aran i Baqueira Beret porten el fred a Barcelona amb la presentaci\u00f3 de la temporada 2016-17"},"content":{"rendered":"<p><strong>\u2022 La Val d\u2019Aran i l&#8217;estaci\u00f3 d&#8217;esqu\u00ed de Baqueira Beret han instal\u2022lat un igl\u00fa en l&#8217;Avinguda Diagonal de Barcelona (davant del Centre la Illa) per donar a con\u00e8ixer les novetats de la temporada d&#8217;hivern 2016-17.<\/strong><\/p>\n<p>&nbsp;<\/p>\n<p><img loading=\"lazy\" decoding=\"async\" class=\"aligncenter size-large wp-image-14670\" src=\"http:\/\/www.conselharan.org\/wp-content\/uploads\/2016\/11\/igluBCN-1024x765.jpg\" alt=\"igluBCN\" width=\"1024\" height=\"765\" srcset=\"https:\/\/www.conselharan.org\/wp-content\/uploads\/2016\/11\/igluBCN-1024x765.jpg 1024w, https:\/\/www.conselharan.org\/wp-content\/uploads\/2016\/11\/igluBCN-300x224.jpg 300w, https:\/\/www.conselharan.org\/wp-content\/uploads\/2016\/11\/igluBCN-768x574.jpg 768w, https:\/\/www.conselharan.org\/wp-content\/uploads\/2016\/11\/igluBCN.jpg 1199w\" sizes=\"(max-width: 1024px) 100vw, 1024px\" \/><\/p>\n<p>&nbsp;<\/p>\n<p>La Val d\u2019Aran continua la campanya de promoci\u00f3 per a la temporada d&#8217;hivern 2016-17 a Barcelona amb la col\u2022laboraci\u00f3 de l&#8217;estaci\u00f3 d&#8217;esqu\u00ed aranesa, Baqueira Beret, per donar a con\u00e8ixer totes les propostes de neu. Ahir dijous, 10 de novembre, Barcelona va acollir la presentaci\u00f3 de la nova temporada d&#8217;hivern de la Val d\u2019Aran en la carpa\/igl\u00fa instal\u2022lada fins aquest dissabte en l&#8217;Avinguda Diagonal de Barcelona (davant del Centre Comercial de la Illa).<\/p>\n<p>&nbsp;<\/p>\n<p><img loading=\"lazy\" decoding=\"async\" class=\"aligncenter size-full wp-image-14672\" src=\"http:\/\/www.conselharan.org\/wp-content\/uploads\/2016\/11\/igluBCN3.jpg\" alt=\"igluBCN3\" width=\"960\" height=\"717\" srcset=\"https:\/\/www.conselharan.org\/wp-content\/uploads\/2016\/11\/igluBCN3.jpg 960w, https:\/\/www.conselharan.org\/wp-content\/uploads\/2016\/11\/igluBCN3-300x224.jpg 300w, https:\/\/www.conselharan.org\/wp-content\/uploads\/2016\/11\/igluBCN3-768x574.jpg 768w\" sizes=\"(max-width: 960px) 100vw, 960px\" \/><\/p>\n<p>&nbsp;<\/p>\n<p>La presentaci\u00f3 va anar a c\u00e0rrec del sindic d\u2019Aran, <strong>Carlos Barrera<\/strong>, de la conselh\u00e8ra de Turisme i Desenvolupament Econ\u00f2mic d&#8217;Aran, <strong>Anna D\u00edaz<\/strong>, del director gerent de Baqueira Beret, <strong>Francis Coll<\/strong>, i del director comercial de Baqueira Beret,<strong> Xavi Ubeira<\/strong>.<\/p>\n<p>&nbsp;<\/p>\n<p><img loading=\"lazy\" decoding=\"async\" class=\"aligncenter size-full wp-image-14671\" src=\"http:\/\/www.conselharan.org\/wp-content\/uploads\/2016\/11\/igluBCN2.jpg\" alt=\"igluBCN2\" width=\"960\" height=\"717\" srcset=\"https:\/\/www.conselharan.org\/wp-content\/uploads\/2016\/11\/igluBCN2.jpg 960w, https:\/\/www.conselharan.org\/wp-content\/uploads\/2016\/11\/igluBCN2-300x224.jpg 300w, https:\/\/www.conselharan.org\/wp-content\/uploads\/2016\/11\/igluBCN2-768x574.jpg 768w\" sizes=\"(max-width: 960px) 100vw, 960px\" \/><\/p>\n<p>&nbsp;<\/p>\n<p><strong>\u201cBaqueira Beret \u00e9s el principal reclam de neu en la Val d\u2019Aran i per aix\u00f2 la campanya \u00e9s conjunta, per\u00f2 la Val d\u2019Aran \u00e9s molt m\u00e9s que neu, i aquesta campanya \u00e9s la millor manera de donar-ho a con\u00e8ixer\u201d<\/strong> ha comentat durant la presentaci\u00f3 la conselh\u00e8ra de Turisme i Desenvolupament Econ\u00f2mic d&#8217;Aran,<strong> Anna Diaz.<\/strong><\/p>\n<p>D\u00edaz ha afegit <strong>\u201cvolem agrair a l&#8217;Ajuntament de Barcelona la seva col\u2022laboraci\u00f3 per deixar-nos instal\u2022lar l&#8217;igl\u00fa en un punt tan concorregut com \u00e9s la Diagonal enfront del centre comercial de la Illa\u201d.<\/strong><\/p>\n<p>&nbsp;<\/p>\n<p><img loading=\"lazy\" decoding=\"async\" class=\"aligncenter size-full wp-image-14674\" src=\"http:\/\/www.conselharan.org\/wp-content\/uploads\/2016\/11\/igluBCN4.jpg\" alt=\"igluBCN4\" width=\"960\" height=\"717\" srcset=\"https:\/\/www.conselharan.org\/wp-content\/uploads\/2016\/11\/igluBCN4.jpg 960w, https:\/\/www.conselharan.org\/wp-content\/uploads\/2016\/11\/igluBCN4-300x224.jpg 300w, https:\/\/www.conselharan.org\/wp-content\/uploads\/2016\/11\/igluBCN4-768x574.jpg 768w\" sizes=\"(max-width: 960px) 100vw, 960px\" \/><\/p>\n<p>&nbsp;<\/p>\n<p>Per la seva part, <strong>Xavi Ubeira<\/strong>, director Comercial de Baqueira Beret ha manifestat: \u201c<strong>Baqueira Beret encara la temporada 16-17 amb millores a les diferents \u00e0rees per enriquir i facilitar l&#8217;experi\u00e8ncia dels esquiadors i snowboarders, tant en pistes com fora d&#8217;elles. La remodelaci\u00f3 de pistes duta a terme el passat estiu suma 1 km m\u00e9s al mapa de pistes abalisades per a un total de 151 km m\u00e9s els 5 km d&#8217;itineraris de muntanya. A m\u00e9s, s&#8217;ha afegit al c\u00f2mput total el tra\u00e7at d&#8217;Audi Ski Kronos que tant \u00e8xit va collir el passat hivern. Amb aquesta ampliaci\u00f3, Baqueira Beret passa a tenir 104 pistes abalisades sense oblidar l&#8217;extens domini de freeride en un \u00e0rea esquiable de 2.166 ha. el que representa una oferta molt atractiva per gaudir de l&#8217;alta muntanya\u201d.<\/strong><\/p>\n<p>El divendres i dissabte a partir de les 14h00 i fins a les 20h00 ser\u00e0 el moment per descobrir les noves pistes, zones d&#8217;oci, restaurants i experi\u00e8ncies \u00faniques que ofereixen Baqueira Beret i la Val d\u2019Aran per a la temporada que \u00e9s a punt de comen\u00e7ar.<\/p>\n<p>Els 156 km de pistes que l&#8217;estaci\u00f3 aranesa Baqueira Beret proposa aquest hivern donaran molt que parlar igual que la seva \u00e0mplia oferta d&#8217;apr\u00e8s ski.<\/p>\n<p>&nbsp;<\/p>\n<p><img loading=\"lazy\" decoding=\"async\" class=\"aligncenter size-full wp-image-14675\" src=\"http:\/\/www.conselharan.org\/wp-content\/uploads\/2016\/11\/Diapositiva1.jpg\" alt=\"Diapositiva1\" width=\"960\" height=\"720\" srcset=\"https:\/\/www.conselharan.org\/wp-content\/uploads\/2016\/11\/Diapositiva1.jpg 960w, https:\/\/www.conselharan.org\/wp-content\/uploads\/2016\/11\/Diapositiva1-300x225.jpg 300w, https:\/\/www.conselharan.org\/wp-content\/uploads\/2016\/11\/Diapositiva1-768x576.jpg 768w\" sizes=\"(max-width: 960px) 100vw, 960px\" \/><\/p>\n<p>&nbsp;<\/p>\n<p>Carpa\/Igl\u00fa Val d\u2019Aran &#8211; Baqueira Beret<br \/>\nAvinguda Diagonal (enfront del Centre Comercial la Illa)<br \/>\nBarcelona<br \/>\nHoraris:<br \/>\n&#8211; Divendres 11 i dissabte 12 de 12h00 a 20h00.<\/p>\n<p>&nbsp;<\/p>\n<p><strong>Baqueira Beret i la Val d\u2019Aran a Let\u2019s Snow BCN<\/strong><\/p>\n<p>La presentaci\u00f3 a la ciutat comtal coincideix amb la celebraci\u00f3 del festival Let\u2019s Snow BCN, que se celebrar\u00e0 els dies 11, 12 i 13 de novembre en el Poble Espanyol. La Val d\u2019Aran i Baqueira Beret estaran tamb\u00e9 presents en aquest certamen que recupera la trobada anual de Barcelona amb la neu.<\/p>\n<p>En paraules de la conselh\u00e8ra de Turisme i Desenvolupament Econ\u00f2mic d&#8217;Aran,<strong> Anna D\u00edaz: \u201cEls visitants podran con\u00e8ixer les diferents propostes de neu de la Val d\u2019Aran, aix\u00ed com l&#8217;oferta d&#8217;allotjaments, restauraci\u00f3 i apr\u00e8s-ski\u201d.<\/strong><\/p>\n<p>Entre el complet i interessant programa d&#8217;activitats relacionades amb l&#8217;esqu\u00ed i l&#8217;esport de muntanya, destaca la presentaci\u00f3 del documental sobre el freerider aran\u00e8s<strong>, Aymar Navarro,<\/strong> \u201cSouth Lines\u201d el diumenge 13 de novembre a les 12h00.<\/p>\n<p>&nbsp;<\/p>\n<p>&nbsp;<\/p>\n<p>&nbsp;<\/p>\n<p>Vielha, 11 de novembre de 2016<\/p>\n<p>&nbsp;<\/p>\n<p><em>Conselh Generau d&#8217;Aran: N\u00faria Sanjuan<\/em><\/p>\n ","protected":false},"excerpt":{"rendered":"<p>\u2022 La Val d\u2019Aran i l&#8217;estaci\u00f3 d&#8217;esqu\u00ed de Baqueira Beret han instal\u2022lat un igl\u00fa en l&#8217;Avinguda Diagonal de Barcelona (davant del Centre la Illa) per donar a con\u00e8ixer les novetats de la temporada d&#8217;hivern 2016-17. &nbsp; &nbsp; La Val d\u2019Aran continua la campanya de promoci\u00f3 per a la temporada d&#8217;hivern 2016-17 a Barcelona amb la&#8230;<\/p>\n","protected":false},"author":2,"featured_media":14675,"comment_status":"closed","ping_status":"closed","sticky":false,"template":"","format":"standard","meta":{"footnotes":""},"categories":[53],"tags":[],"_links":{"self":[{"href":"https:\/\/www.conselharan.org\/ca\/wp-json\/wp\/v2\/posts\/14678"}],"collection":[{"href":"https:\/\/www.conselharan.org\/ca\/wp-json\/wp\/v2\/posts"}],"about":[{"href":"https:\/\/www.conselharan.org\/ca\/wp-json\/wp\/v2\/types\/post"}],"author":[{"embeddable":true,"href":"https:\/\/www.conselharan.org\/ca\/wp-json\/wp\/v2\/users\/2"}],"replies":[{"embeddable":true,"href":"https:\/\/www.conselharan.org\/ca\/wp-json\/wp\/v2\/comments?post=14678"}],"version-history":[{"count":1,"href":"https:\/\/www.conselharan.org\/ca\/wp-json\/wp\/v2\/posts\/14678\/revisions"}],"predecessor-version":[{"id":14679,"href":"https:\/\/www.conselharan.org\/ca\/wp-json\/wp\/v2\/posts\/14678\/revisions\/14679"}],"wp:featuredmedia":[{"embeddable":true,"href":"https:\/\/www.conselharan.org\/ca\/wp-json\/wp\/v2\/media\/14675"}],"wp:attachment":[{"href":"https:\/\/www.conselharan.org\/ca\/wp-json\/wp\/v2\/media?parent=14678"}],"wp:term":[{"taxonomy":"category","embeddable":true,"href":"https:\/\/www.conselharan.org\/ca\/wp-json\/wp\/v2\/categories?post=14678"},{"taxonomy":"post_tag","embeddable":true,"href":"https:\/\/www.conselharan.org\/ca\/wp-json\/wp\/v2\/tags?post=14678"}],"curies":[{"name":"wp","href":"https:\/\/api.w.org\/{rel}","templated":true}]}}