{"id":14686,"date":"2016-11-17T08:00:17","date_gmt":"2016-11-17T07:00:17","guid":{"rendered":"http:\/\/www.conselharan.org\/ca\/?p=14686"},"modified":"2016-11-17T10:02:01","modified_gmt":"2016-11-17T09:02:01","slug":"el-centre-dallaus-daran-organitza-una-jornada-informativa-i-divulgativa","status":"publish","type":"post","link":"https:\/\/www.conselharan.org\/ca\/el-centre-dallaus-daran-organitza-una-jornada-informativa-i-divulgativa\/","title":{"rendered":"El Centre d\u2019Allaus d\u2019Aran organitza una Jornada informativa i divulgativa"},"content":{"rendered":"<p><strong>\u2022 La Jornada, que ser\u00e0 gratu\u00efta i va dirigida a tot tipus de p\u00fablic, tindr\u00e0 lloc el 30 de novembre de 17h00 a 21h00 a l\u2019Audiovisual.<\/strong><\/p>\n<p>&nbsp;<\/p>\n<p><img loading=\"lazy\" decoding=\"async\" class=\"aligncenter size-full wp-image-14683\" src=\"http:\/\/www.conselharan.org\/wp-content\/uploads\/2016\/11\/Poster-Jornada.jpg\" alt=\"Poster Jornada\" width=\"960\" height=\"720\" srcset=\"https:\/\/www.conselharan.org\/wp-content\/uploads\/2016\/11\/Poster-Jornada.jpg 960w, https:\/\/www.conselharan.org\/wp-content\/uploads\/2016\/11\/Poster-Jornada-300x225.jpg 300w, https:\/\/www.conselharan.org\/wp-content\/uploads\/2016\/11\/Poster-Jornada-768x576.jpg 768w\" sizes=\"(max-width: 960px) 100vw, 960px\" \/><\/p>\n<p>&nbsp;<\/p>\n<p>El Centre d\u2019Allaus d\u2019Aran ha organitzat pel proper dia 30 de novembre una jornada informativa i divulgativa pels usuaris de la muntanya hivernal. Els objectius d\u2019aquesta jornada s\u00f3n explicar com treure el m\u00e0xim profit dels serveis que el centre ofereix, presentar les darreres novetats en el m\u00f3n de la neu i les allaus i al mateix temps continuar teixint la xarxa d\u2019observaci\u00f3 de la Val d\u2019Aran.<\/p>\n<p>La jornada ser\u00e0 gratu\u00efta i va dirigida a tot tipus de p\u00fablic: des d\u2019aquells que s\u2019inicien en la muntanya hivernal o de l\u2019esqu\u00ed fora-pista, pels que s\u2019explicar\u00e0 com fer servir les eines que tenen al seu abast per millorar la seva seguretat, fins als professionals de la neu (guies, pisters-socorristes, etc.) als que se\u2019ls oferir\u00e0 un resum de les pon\u00e8ncies m\u00e9s interessants presentades a l\u2019International Snow Science Workshop, on els t\u00e8cnics de nivologia del Conselh Generau d\u2019Aran van assistir el passat mes d\u2019octubre.<\/p>\n<p>Una de les principals fortaleses del Centre d\u2019Allaus d\u2019Aran \u00e9s la implicaci\u00f3 del m\u00f3n de l\u2019esqu\u00ed i l\u2019alpinisme local, en forma d\u2019intercanvi de dades i formaci\u00f3. Aquestes jornades han de servir per continuar refor\u00e7ant i fent cr\u00e9ixer aquests vincles.<\/p>\n<p><strong>Lloc:<\/strong> L\u2019Audiovisual de Vielha<br \/>\n<strong>Hora:<\/strong> De 17h00 a 21h00<br \/>\n<strong>Continguts:<\/strong><br \/>\n&#8211; Serveis del Centre d\u2019Allaus d\u2019Aran<br \/>\no El butllet\u00ed de Perill d\u2019allaus i les Situacions d\u2019allaus<br \/>\no La classificaci\u00f3 del Terreny d\u2019Allaus<br \/>\no Predicci\u00f3 d\u2019allaus per carreteres<br \/>\no La xarxa autom\u00e0tica d\u2019observacions<br \/>\n&#8211; Novetats del International Snow Science Workshop<br \/>\n&#8211; La xarxa OBS+<\/p>\n<p><strong>Inscripcions:<\/strong><br \/>\n&#8211; Per mail a<strong> lauegi@aran.org<\/strong><br \/>\n&#8211; En aquest Doodle: <strong><a href=\"http:\/\/doodle.com\/poll\/mu9qqias3bcn8xcv\" target=\"_blank\">http:\/\/doodle.com\/poll\/mu9qqias3bcn8xcv<\/a><\/strong><\/p>\n<p>&nbsp;<\/p>\n<p>&nbsp;<\/p>\n<p>&nbsp;<\/p>\n<p>Vielha, 17 de novembre de 2016<\/p>\n<p>&nbsp;<\/p>\n<p><em>Conselh Generau d&#8217;Aran: N\u00faria Sanjuan<\/em><\/p>\n<p><em>Font: Centre de Lauegi d&#8217;Aran<\/em><\/p>\n ","protected":false},"excerpt":{"rendered":"<p>\u2022 La Jornada, que ser\u00e0 gratu\u00efta i va dirigida a tot tipus de p\u00fablic, tindr\u00e0 lloc el 30 de novembre de 17h00 a 21h00 a l\u2019Audiovisual. &nbsp; &nbsp; El Centre d\u2019Allaus d\u2019Aran ha organitzat pel proper dia 30 de novembre una jornada informativa i divulgativa pels usuaris de la muntanya hivernal. Els objectius d\u2019aquesta jornada&#8230;<\/p>\n","protected":false},"author":2,"featured_media":14684,"comment_status":"closed","ping_status":"closed","sticky":false,"template":"","format":"standard","meta":{"footnotes":""},"categories":[33],"tags":[],"_links":{"self":[{"href":"https:\/\/www.conselharan.org\/ca\/wp-json\/wp\/v2\/posts\/14686"}],"collection":[{"href":"https:\/\/www.conselharan.org\/ca\/wp-json\/wp\/v2\/posts"}],"about":[{"href":"https:\/\/www.conselharan.org\/ca\/wp-json\/wp\/v2\/types\/post"}],"author":[{"embeddable":true,"href":"https:\/\/www.conselharan.org\/ca\/wp-json\/wp\/v2\/users\/2"}],"replies":[{"embeddable":true,"href":"https:\/\/www.conselharan.org\/ca\/wp-json\/wp\/v2\/comments?post=14686"}],"version-history":[{"count":3,"href":"https:\/\/www.conselharan.org\/ca\/wp-json\/wp\/v2\/posts\/14686\/revisions"}],"predecessor-version":[{"id":14812,"href":"https:\/\/www.conselharan.org\/ca\/wp-json\/wp\/v2\/posts\/14686\/revisions\/14812"}],"wp:featuredmedia":[{"embeddable":true,"href":"https:\/\/www.conselharan.org\/ca\/wp-json\/wp\/v2\/media\/14684"}],"wp:attachment":[{"href":"https:\/\/www.conselharan.org\/ca\/wp-json\/wp\/v2\/media?parent=14686"}],"wp:term":[{"taxonomy":"category","embeddable":true,"href":"https:\/\/www.conselharan.org\/ca\/wp-json\/wp\/v2\/categories?post=14686"},{"taxonomy":"post_tag","embeddable":true,"href":"https:\/\/www.conselharan.org\/ca\/wp-json\/wp\/v2\/tags?post=14686"}],"curies":[{"name":"wp","href":"https:\/\/api.w.org\/{rel}","templated":true}]}}