{"id":14714,"date":"2016-11-13T14:37:10","date_gmt":"2016-11-13T13:37:10","guid":{"rendered":"http:\/\/www.conselharan.org\/ca\/eth-conselh-generau-daran-expresse-es-sues-condolences-pera-mort-dera-sindica-daran-pilar-busquets-i-medan\/"},"modified":"2016-11-14T13:44:05","modified_gmt":"2016-11-14T12:44:05","slug":"eth-conselh-generau-daran-expresse-es-sues-condolences-pera-mort-dera-sindica-daran-pilar-busquets-i-medan","status":"publish","type":"post","link":"https:\/\/www.conselharan.org\/ca\/eth-conselh-generau-daran-expresse-es-sues-condolences-pera-mort-dera-sindica-daran-pilar-busquets-i-medan\/","title":{"rendered":"Eth Conselh Generau d&#8217;Aran expr\u00e8sse es sues condolences pera m\u00f2rt dera sindica d&#8217;Aran, Maria Pilar Busquets i Medan"},"content":{"rendered":"<p><img loading=\"lazy\" decoding=\"async\" class=\"aligncenter size-full wp-image-14717\" src=\"http:\/\/www.conselharan.org\/wp-content\/uploads\/2016\/11\/Pilar_Busquets.png\" alt=\"Pilar_Busquets\" width=\"220\" height=\"299\" \/><\/p>\n<p>&nbsp;<\/p>\n<p>Eth sindic d&#8217;Aran, Carlos Barrera, expr\u00e8sse en n\u00f2m pr\u00f2pi e deth Conselh Generau d&#8217;Aran es sues condolences pera m\u00f2rt dera sindica d&#8217;Aran, \u00a0<strong>Maria Pilar Busquets i Medan<\/strong>.<\/p>\n<p>Demp\u00fas dera recuperacion dera istorica institucion d&#8217;autogov\u00e8rn dera Val d&#8217;Aran, eth Conselh Generau d&#8217;Aran, damb era aprobacion dera Lei 16\/1990, de 13 de junh, guanh\u00e8c es prum\u00e8res eleccions damb era Coalicion Aranesa-Converg\u00e8ncia i Uni\u00f3 (CA-CiU), integrada per Converg\u00e8ncia Democratica Aranesa -que tanh Pilar Busquets- e Uni\u00f3 Democr\u00e0tica Aranesa. A estat membre dera comission oficiau entara normalizacion ling\u00fcistica der aran\u00e9s.<\/p>\n<p>Demp\u00fas des prum\u00e8res eleccions deth 26 de mai de 1991, siguec nomentada Sindica d&#8217;Aran (17 de junh de 1991-12 de junhs\u00e8ga de 1993). Dus ans m\u00e8s tard, era coalicion se trinqu\u00e8c e era sua companha, Amparo Serrano Iglesias, d&#8217;UDA, present\u00e8c ua mocion de censura que siguec apiejada per Unitat d&#8217;Aran e Pilar Busquets perdec eth cargue. Tanben siguec deputada en Parlament de Catalonha per CiU enes eleccions en Parlament de Catalonha de 1984 e 1988.<\/p>\n<p>&nbsp;<\/p>\n<p>&nbsp;<\/p>\n<p>&nbsp;<\/p>\n<p>&nbsp;<\/p>\n<p>Vielha, 13 de noveme de 2016<\/p>\n<p>&nbsp;<\/p>\n<p><em>Conselh Generau d&#8217;Aran: N\u00faria Sanjuan<\/em><\/p>\n<p>&nbsp;<\/p>\n<p>&nbsp;<\/p>\n ","protected":false},"excerpt":{"rendered":"<p>&nbsp; Eth sindic d&#8217;Aran, Carlos Barrera, expr\u00e8sse en n\u00f2m pr\u00f2pi e deth Conselh Generau d&#8217;Aran es sues condolences pera m\u00f2rt dera sindica d&#8217;Aran, \u00a0Maria Pilar Busquets i Medan. Demp\u00fas dera recuperacion dera istorica institucion d&#8217;autogov\u00e8rn dera Val d&#8217;Aran, eth Conselh Generau d&#8217;Aran, damb era aprobacion dera Lei 16\/1990, de 13 de junh, guanh\u00e8c es prum\u00e8res&#8230;<\/p>\n","protected":false},"author":2,"featured_media":14717,"comment_status":"closed","ping_status":"closed","sticky":false,"template":"","format":"standard","meta":{"footnotes":""},"categories":[53],"tags":[],"_links":{"self":[{"href":"https:\/\/www.conselharan.org\/ca\/wp-json\/wp\/v2\/posts\/14714"}],"collection":[{"href":"https:\/\/www.conselharan.org\/ca\/wp-json\/wp\/v2\/posts"}],"about":[{"href":"https:\/\/www.conselharan.org\/ca\/wp-json\/wp\/v2\/types\/post"}],"author":[{"embeddable":true,"href":"https:\/\/www.conselharan.org\/ca\/wp-json\/wp\/v2\/users\/2"}],"replies":[{"embeddable":true,"href":"https:\/\/www.conselharan.org\/ca\/wp-json\/wp\/v2\/comments?post=14714"}],"version-history":[{"count":3,"href":"https:\/\/www.conselharan.org\/ca\/wp-json\/wp\/v2\/posts\/14714\/revisions"}],"predecessor-version":[{"id":14737,"href":"https:\/\/www.conselharan.org\/ca\/wp-json\/wp\/v2\/posts\/14714\/revisions\/14737"}],"wp:featuredmedia":[{"embeddable":true,"href":"https:\/\/www.conselharan.org\/ca\/wp-json\/wp\/v2\/media\/14717"}],"wp:attachment":[{"href":"https:\/\/www.conselharan.org\/ca\/wp-json\/wp\/v2\/media?parent=14714"}],"wp:term":[{"taxonomy":"category","embeddable":true,"href":"https:\/\/www.conselharan.org\/ca\/wp-json\/wp\/v2\/categories?post=14714"},{"taxonomy":"post_tag","embeddable":true,"href":"https:\/\/www.conselharan.org\/ca\/wp-json\/wp\/v2\/tags?post=14714"}],"curies":[{"name":"wp","href":"https:\/\/api.w.org\/{rel}","templated":true}]}}