{"id":14744,"date":"2016-11-14T09:54:54","date_gmt":"2016-11-14T08:54:54","guid":{"rendered":"http:\/\/www.conselharan.org\/ca\/?p=14744"},"modified":"2016-11-14T12:18:15","modified_gmt":"2016-11-14T11:18:15","slug":"estat-de-les-carreteres-a-la-val-daran","status":"publish","type":"post","link":"https:\/\/www.conselharan.org\/ca\/estat-de-les-carreteres-a-la-val-daran\/","title":{"rendered":"ESTAT DE LES CARRETERES A LA VAL D&#8217;ARAN"},"content":{"rendered":"<p><img loading=\"lazy\" decoding=\"async\" class=\"aligncenter size-full wp-image-14742\" src=\"http:\/\/www.conselharan.org\/wp-content\/uploads\/2016\/11\/traffic-sign-6658_960_720.png\" alt=\"traffic-sign-6658_960_720\" width=\"720\" height=\"720\" srcset=\"https:\/\/www.conselharan.org\/wp-content\/uploads\/2016\/11\/traffic-sign-6658_960_720.png 720w, https:\/\/www.conselharan.org\/wp-content\/uploads\/2016\/11\/traffic-sign-6658_960_720-150x150.png 150w, https:\/\/www.conselharan.org\/wp-content\/uploads\/2016\/11\/traffic-sign-6658_960_720-300x300.png 300w, https:\/\/www.conselharan.org\/wp-content\/uploads\/2016\/11\/traffic-sign-6658_960_720-270x270.png 270w, https:\/\/www.conselharan.org\/wp-content\/uploads\/2016\/11\/traffic-sign-6658_960_720-207x207.png 207w, https:\/\/www.conselharan.org\/wp-content\/uploads\/2016\/11\/traffic-sign-6658_960_720-75x75.png 75w\" sizes=\"(max-width: 720px) 100vw, 720px\" \/><\/p>\n<p>&nbsp;<\/p>\n<p>El Centre de Conservaci\u00f3 d&#8217;Esterri d&#8217;\u00c0neu, <strong>Sorigu\u00e9<\/strong>, en un comunicat em\u00e8s a les 11h17 informa:<\/p>\n<p>&nbsp;<\/p>\n<ul>\n<li><strong>No \u00e9s necessari l&#8217;\u00fas de cadenes en la carretera: C-28.<\/strong><\/li>\n<\/ul>\n<p>&nbsp;<\/p>\n<p>&nbsp;<\/p>\n<p>&nbsp;<\/p>\n<p>Vielha, 14 de novembre de 2016<\/p>\n<p>&nbsp;<\/p>\n<p><em>Conselh Generau d&#8217;Aran: N\u00faria Sanjuan<\/em><\/p>\n ","protected":false},"excerpt":{"rendered":"<p>&nbsp; El Centre de Conservaci\u00f3 d&#8217;Esterri d&#8217;\u00c0neu, Sorigu\u00e9, en un comunicat em\u00e8s a les 11h17 informa: &nbsp; No \u00e9s necessari l&#8217;\u00fas de cadenes en la carretera: C-28. &nbsp; &nbsp; &nbsp; Vielha, 14 de novembre de 2016 &nbsp; Conselh Generau d&#8217;Aran: N\u00faria Sanjuan<\/p>\n","protected":false},"author":2,"featured_media":14742,"comment_status":"closed","ping_status":"closed","sticky":false,"template":"","format":"standard","meta":{"footnotes":""},"categories":[33],"tags":[],"_links":{"self":[{"href":"https:\/\/www.conselharan.org\/ca\/wp-json\/wp\/v2\/posts\/14744"}],"collection":[{"href":"https:\/\/www.conselharan.org\/ca\/wp-json\/wp\/v2\/posts"}],"about":[{"href":"https:\/\/www.conselharan.org\/ca\/wp-json\/wp\/v2\/types\/post"}],"author":[{"embeddable":true,"href":"https:\/\/www.conselharan.org\/ca\/wp-json\/wp\/v2\/users\/2"}],"replies":[{"embeddable":true,"href":"https:\/\/www.conselharan.org\/ca\/wp-json\/wp\/v2\/comments?post=14744"}],"version-history":[{"count":2,"href":"https:\/\/www.conselharan.org\/ca\/wp-json\/wp\/v2\/posts\/14744\/revisions"}],"predecessor-version":[{"id":14753,"href":"https:\/\/www.conselharan.org\/ca\/wp-json\/wp\/v2\/posts\/14744\/revisions\/14753"}],"wp:featuredmedia":[{"embeddable":true,"href":"https:\/\/www.conselharan.org\/ca\/wp-json\/wp\/v2\/media\/14742"}],"wp:attachment":[{"href":"https:\/\/www.conselharan.org\/ca\/wp-json\/wp\/v2\/media?parent=14744"}],"wp:term":[{"taxonomy":"category","embeddable":true,"href":"https:\/\/www.conselharan.org\/ca\/wp-json\/wp\/v2\/categories?post=14744"},{"taxonomy":"post_tag","embeddable":true,"href":"https:\/\/www.conselharan.org\/ca\/wp-json\/wp\/v2\/tags?post=14744"}],"curies":[{"name":"wp","href":"https:\/\/api.w.org\/{rel}","templated":true}]}}