{"id":14761,"date":"2016-11-14T13:31:41","date_gmt":"2016-11-14T12:31:41","guid":{"rendered":"http:\/\/www.conselharan.org\/ca\/?p=14761"},"modified":"2016-11-14T13:41:12","modified_gmt":"2016-11-14T12:41:12","slug":"el-conselh-generau-daran-decreta-tres-dies-de-dol-per-la-perdua-de-la-sindica-daran-maria-pilar-busquets","status":"publish","type":"post","link":"https:\/\/www.conselharan.org\/ca\/el-conselh-generau-daran-decreta-tres-dies-de-dol-per-la-perdua-de-la-sindica-daran-maria-pilar-busquets\/","title":{"rendered":"El Conselh Generau d\u2019Aran decreta tres dies de dol per la p\u00e8rdua de la sindica d\u2019Aran, Maria Pilar Busquets"},"content":{"rendered":"<p><img loading=\"lazy\" decoding=\"async\" class=\"aligncenter size-large wp-image-14759\" src=\"http:\/\/www.conselharan.org\/wp-content\/uploads\/2016\/11\/mieja-asta-1-1024x655.jpg\" alt=\"mieja asta\" width=\"1024\" height=\"655\" srcset=\"https:\/\/www.conselharan.org\/wp-content\/uploads\/2016\/11\/mieja-asta-1-1024x655.jpg 1024w, https:\/\/www.conselharan.org\/wp-content\/uploads\/2016\/11\/mieja-asta-1-300x192.jpg 300w, https:\/\/www.conselharan.org\/wp-content\/uploads\/2016\/11\/mieja-asta-1-768x492.jpg 768w\" sizes=\"(max-width: 1024px) 100vw, 1024px\" \/><\/p>\n<p>&nbsp;<\/p>\n<p>El Conselh Generau d\u2019Aran en manifestaci\u00f3 del condol dispensat per la p\u00e8rdua ahir, 13 de novembre, de la <strong>Mgfca. Sra. Maria Pilar Busquets<\/strong>, sindica d\u2019Aran, ha <strong>decretat 3 dies de dol amb la posada a mitja asta de les banderes institucionals presents als edificis i depend\u00e8ncies oficials del Conselh Generau d\u2019Aran.<\/strong><\/p>\n<p>Despr\u00e9s de la recuperaci\u00f3 de la hist\u00f2rica instituci\u00f3 d\u2019Autogovern de la Val d\u2019Aran, el Conselh Generau d\u2019Aran, amb l&#8217;aprovaci\u00f3 de la Llei 16\/1990, de 13 de juny, va guanyar les primeres eleccions amb la Coalici\u00f3 Aranesa-Converg\u00e8ncia i Uni\u00f3 (CA-CiU), integrada per Converg\u00e8ncia Democr\u00e0tica Aranesa -que pertanyia Pilar Busquets- i Uni\u00f3 Democr\u00e0tica Aranesa. Va ser membre de la comissi\u00f3 oficial per la normalitzaci\u00f3 ling\u00fc\u00edstica de l&#8217;aran\u00e8s.<\/p>\n<p>Despr\u00e9s de les primeres eleccions del 26 de maig de 1991, va ser anomenada Sindica d\u2019Aran (17 de juny de 1991-12 de juliol de 1993). Dos anys m\u00e9s tard, la coalici\u00f3 es va trencar i la seva companya, Amparo Serrano Iglesias, d\u2019UDA, va presentar una moci\u00f3 de censura que va ser recolzada per Unitat d\u2019Aran i Pilar Busquets va perdre el c\u00e0rrec. Tamb\u00e9 va ser diputada al Parlament de Catalunya per CiU en les eleccions al Parlament de Catalunya de 1984 i 1988.<\/p>\n<p>&nbsp;<\/p>\n<p>&nbsp;<\/p>\n<p>&nbsp;<\/p>\n<p>&nbsp;<\/p>\n<p>Vielha, 14 de novembre de 2016<\/p>\n<p>&nbsp;<\/p>\n<p><em>Conselh Generau d&#8217;Aran: N\u00faria Sanjuan<\/em><\/p>\n ","protected":false},"excerpt":{"rendered":"<p>&nbsp; El Conselh Generau d\u2019Aran en manifestaci\u00f3 del condol dispensat per la p\u00e8rdua ahir, 13 de novembre, de la Mgfca. Sra. Maria Pilar Busquets, sindica d\u2019Aran, ha decretat 3 dies de dol amb la posada a mitja asta de les banderes institucionals presents als edificis i depend\u00e8ncies oficials del Conselh Generau d\u2019Aran. Despr\u00e9s de la&#8230;<\/p>\n","protected":false},"author":2,"featured_media":14759,"comment_status":"closed","ping_status":"closed","sticky":false,"template":"","format":"standard","meta":{"footnotes":""},"categories":[53],"tags":[],"_links":{"self":[{"href":"https:\/\/www.conselharan.org\/ca\/wp-json\/wp\/v2\/posts\/14761"}],"collection":[{"href":"https:\/\/www.conselharan.org\/ca\/wp-json\/wp\/v2\/posts"}],"about":[{"href":"https:\/\/www.conselharan.org\/ca\/wp-json\/wp\/v2\/types\/post"}],"author":[{"embeddable":true,"href":"https:\/\/www.conselharan.org\/ca\/wp-json\/wp\/v2\/users\/2"}],"replies":[{"embeddable":true,"href":"https:\/\/www.conselharan.org\/ca\/wp-json\/wp\/v2\/comments?post=14761"}],"version-history":[{"count":2,"href":"https:\/\/www.conselharan.org\/ca\/wp-json\/wp\/v2\/posts\/14761\/revisions"}],"predecessor-version":[{"id":14763,"href":"https:\/\/www.conselharan.org\/ca\/wp-json\/wp\/v2\/posts\/14761\/revisions\/14763"}],"wp:featuredmedia":[{"embeddable":true,"href":"https:\/\/www.conselharan.org\/ca\/wp-json\/wp\/v2\/media\/14759"}],"wp:attachment":[{"href":"https:\/\/www.conselharan.org\/ca\/wp-json\/wp\/v2\/media?parent=14761"}],"wp:term":[{"taxonomy":"category","embeddable":true,"href":"https:\/\/www.conselharan.org\/ca\/wp-json\/wp\/v2\/categories?post=14761"},{"taxonomy":"post_tag","embeddable":true,"href":"https:\/\/www.conselharan.org\/ca\/wp-json\/wp\/v2\/tags?post=14761"}],"curies":[{"name":"wp","href":"https:\/\/api.w.org\/{rel}","templated":true}]}}