{"id":14790,"date":"2016-11-16T13:27:06","date_gmt":"2016-11-16T12:27:06","guid":{"rendered":"http:\/\/www.conselharan.org\/ca\/?p=14790"},"modified":"2016-11-16T13:53:01","modified_gmt":"2016-11-16T12:53:01","slug":"los-goiat-a-la-val-daran","status":"publish","type":"post","link":"https:\/\/www.conselharan.org\/ca\/los-goiat-a-la-val-daran\/","title":{"rendered":"L\u2019\u00f3s Goiat a la Val d\u2019Aran"},"content":{"rendered":"<p><img loading=\"lazy\" decoding=\"async\" class=\"aligncenter size-large wp-image-14786\" src=\"http:\/\/www.conselharan.org\/wp-content\/uploads\/2016\/11\/goiat-1-1024x768.jpg\" alt=\"M2E1L0-0R336B386\" width=\"1024\" height=\"768\" srcset=\"https:\/\/www.conselharan.org\/wp-content\/uploads\/2016\/11\/goiat-1-1024x768.jpg 1024w, https:\/\/www.conselharan.org\/wp-content\/uploads\/2016\/11\/goiat-1-300x225.jpg 300w, https:\/\/www.conselharan.org\/wp-content\/uploads\/2016\/11\/goiat-1-768x576.jpg 768w\" sizes=\"(max-width: 1024px) 100vw, 1024px\" \/><\/p>\n<p><em>\u00a0 \u00a0 \u00a0 \u00a0 \u00a0 \u00a0 \u00a0 \u00a0 \u00a0 \u00a0 \u00a0 \u00a0 \u00a0 \u00a0 \u00a0 \u00a0 \u00a0 \u00a0 \u00a0 \u00a0 \u00a0 Imatge d&#8217;arxiu de l&#8217;\u00f3s Goiat la passada primavera<\/em><\/p>\n<p>&nbsp;<\/p>\n<p>Aquesta matinada, l\u2019\u00f3s Goiat, alliberat al Pallars aquesta primavera en el marc del projecte PirosLife, ha tornat a la Val d\u2019Aran. Durant la nit i primera hora del mat\u00ed ha creuat els municipis de Bausen i Les, trobant-se les darreres localitzacions a tocar del terme de Boss\u00f2st. Durant diversos mesos aquest \u00f3s no s\u2019ha mogut dels departaments francesos de l\u2019Haute- Garonne i els Alts Pirineus. Caldr\u00e0 veure si ha tornat per passar l\u2019hivern o b\u00e9 ha estat una visita ocasional.<\/p>\n<p>&nbsp;<\/p>\n<p><img loading=\"lazy\" decoding=\"async\" class=\"aligncenter size-full wp-image-14787\" src=\"http:\/\/www.conselharan.org\/wp-content\/uploads\/2016\/11\/ossa-cad\u00e8ths3.jpg\" alt=\"ossa-cad\u00e8ths3\" width=\"906\" height=\"645\" srcset=\"https:\/\/www.conselharan.org\/wp-content\/uploads\/2016\/11\/ossa-cad\u00e8ths3.jpg 906w, https:\/\/www.conselharan.org\/wp-content\/uploads\/2016\/11\/ossa-cad\u00e8ths3-300x214.jpg 300w, https:\/\/www.conselharan.org\/wp-content\/uploads\/2016\/11\/ossa-cad\u00e8ths3-768x547.jpg 768w\" sizes=\"(max-width: 906px) 100vw, 906px\" \/><\/p>\n<p><em>\u00a0 \u00a0 \u00a0 \u00a0 \u00a0 \u00a0 \u00a0 \u00a0 \u00a0 \u00a0 \u00a0 \u00a0 \u00a0 \u00a0 \u00a0 \u00a0 \u00a0 \u00a0 \u00a0 \u00a0 \u00a0 \u00a0 \u00a0 \u00a0 \u00a0 \u00a0 \u00a0 \u00a0 \u00a0 \u00a0Imatge d&#8217;arxiu de la passada primavera. ORIOL ALAMANY<\/em><\/p>\n<p>&nbsp;<\/p>\n<p>D\u2019altra banda, els resultats de les an\u00e0lisis gen\u00e8tiques de mostres recollides a la primavera, han perm\u00e8s identificar la femella amb dues cries que va ser vista a les immediacions de Bagergue a la primavera. Es tracta de l\u2019\u00f3ssa Bambou (filla de Hvala i un mascle eslov\u00e8). El pare de cries, una de les quals \u00e9s un mascle, seria o el prol\u00edfic Piros o b\u00e9 Moonboots (fill de Piros).<\/p>\n<p>&nbsp;<\/p>\n<p>&nbsp;<\/p>\n<p>&nbsp;<\/p>\n<p>&nbsp;<\/p>\n<p>Vielha, 16 de novembre de 2016<\/p>\n<p>&nbsp;<\/p>\n<p><em>Conselh Generau d&#8217;Aran: N\u00faria Sanjuan<\/em><\/p>\n ","protected":false},"excerpt":{"rendered":"<p>\u00a0 \u00a0 \u00a0 \u00a0 \u00a0 \u00a0 \u00a0 \u00a0 \u00a0 \u00a0 \u00a0 \u00a0 \u00a0 \u00a0 \u00a0 \u00a0 \u00a0 \u00a0 \u00a0 \u00a0 \u00a0 Imatge d&#8217;arxiu de l&#8217;\u00f3s Goiat la passada primavera &nbsp; Aquesta matinada, l\u2019\u00f3s Goiat, alliberat al Pallars aquesta primavera en el marc del projecte PirosLife, ha tornat a la Val d\u2019Aran. Durant la nit i&#8230;<\/p>\n","protected":false},"author":2,"featured_media":14786,"comment_status":"closed","ping_status":"closed","sticky":false,"template":"","format":"standard","meta":{"footnotes":""},"categories":[128,127,33],"tags":[],"_links":{"self":[{"href":"https:\/\/www.conselharan.org\/ca\/wp-json\/wp\/v2\/posts\/14790"}],"collection":[{"href":"https:\/\/www.conselharan.org\/ca\/wp-json\/wp\/v2\/posts"}],"about":[{"href":"https:\/\/www.conselharan.org\/ca\/wp-json\/wp\/v2\/types\/post"}],"author":[{"embeddable":true,"href":"https:\/\/www.conselharan.org\/ca\/wp-json\/wp\/v2\/users\/2"}],"replies":[{"embeddable":true,"href":"https:\/\/www.conselharan.org\/ca\/wp-json\/wp\/v2\/comments?post=14790"}],"version-history":[{"count":2,"href":"https:\/\/www.conselharan.org\/ca\/wp-json\/wp\/v2\/posts\/14790\/revisions"}],"predecessor-version":[{"id":14792,"href":"https:\/\/www.conselharan.org\/ca\/wp-json\/wp\/v2\/posts\/14790\/revisions\/14792"}],"wp:featuredmedia":[{"embeddable":true,"href":"https:\/\/www.conselharan.org\/ca\/wp-json\/wp\/v2\/media\/14786"}],"wp:attachment":[{"href":"https:\/\/www.conselharan.org\/ca\/wp-json\/wp\/v2\/media?parent=14790"}],"wp:term":[{"taxonomy":"category","embeddable":true,"href":"https:\/\/www.conselharan.org\/ca\/wp-json\/wp\/v2\/categories?post=14790"},{"taxonomy":"post_tag","embeddable":true,"href":"https:\/\/www.conselharan.org\/ca\/wp-json\/wp\/v2\/tags?post=14790"}],"curies":[{"name":"wp","href":"https:\/\/api.w.org\/{rel}","templated":true}]}}