{"id":14841,"date":"2016-11-18T12:18:06","date_gmt":"2016-11-18T11:18:06","guid":{"rendered":"http:\/\/www.conselharan.org\/ca\/?p=14841"},"modified":"2016-11-18T12:52:43","modified_gmt":"2016-11-18T11:52:43","slug":"els-tecnics-del-centre-dallaus-daran-participen-en-la-xiv-trobada-de-centres-de-prediccio-dels-pirineus","status":"publish","type":"post","link":"https:\/\/www.conselharan.org\/ca\/els-tecnics-del-centre-dallaus-daran-participen-en-la-xiv-trobada-de-centres-de-prediccio-dels-pirineus\/","title":{"rendered":"Els t\u00e8cnics del Centre d\u2019Allaus d\u2019Aran participen en la XIV trobada de centres de predicci\u00f3 dels Pirineus"},"content":{"rendered":"<p><img loading=\"lazy\" decoding=\"async\" class=\"aligncenter size-large wp-image-14835\" src=\"http:\/\/www.conselharan.org\/wp-content\/uploads\/2016\/11\/amassada-predictors-1024x682.jpg\" alt=\"amassada predictors\" width=\"1024\" height=\"682\" srcset=\"https:\/\/www.conselharan.org\/wp-content\/uploads\/2016\/11\/amassada-predictors-1024x682.jpg 1024w, https:\/\/www.conselharan.org\/wp-content\/uploads\/2016\/11\/amassada-predictors-300x200.jpg 300w, https:\/\/www.conselharan.org\/wp-content\/uploads\/2016\/11\/amassada-predictors-768x512.jpg 768w, https:\/\/www.conselharan.org\/wp-content\/uploads\/2016\/11\/amassada-predictors.jpg 1280w\" sizes=\"(max-width: 1024px) 100vw, 1024px\" \/><\/p>\n<p><em>\u00a0 \u00a0 \u00a0 \u00a0 \u00a0 \u00a0 \u00a0 \u00a0 \u00a0 \u00a0 \u00a0 \u00a0 \u00a0 \u00a0 \u00a0 \u00a0 \u00a0 \u00a0Foto:ICGC<\/em><\/p>\n<p>&nbsp;<\/p>\n<p>Els t\u00e8cnics del Centre d&#8217;Allaus del Conselh Generau d\u2019Aran van participar ahir dijous, 17 de novembre, en la XIV trobada de centres de predicci\u00f3 dels Pirineus que va tenir lloc a Barcelona, en la seu de l&#8217;Institut Cartogr\u00e0fic i Geol\u00f2gic de Catalunya.<\/p>\n<p>&nbsp;<\/p>\n<p><img loading=\"lazy\" decoding=\"async\" class=\"aligncenter size-large wp-image-14834\" src=\"http:\/\/www.conselharan.org\/wp-content\/uploads\/2016\/11\/amassada-predictors1-1024x682.jpg\" alt=\"amassada predictors1\" width=\"1024\" height=\"682\" srcset=\"https:\/\/www.conselharan.org\/wp-content\/uploads\/2016\/11\/amassada-predictors1-1024x682.jpg 1024w, https:\/\/www.conselharan.org\/wp-content\/uploads\/2016\/11\/amassada-predictors1-300x200.jpg 300w, https:\/\/www.conselharan.org\/wp-content\/uploads\/2016\/11\/amassada-predictors1-768x512.jpg 768w, https:\/\/www.conselharan.org\/wp-content\/uploads\/2016\/11\/amassada-predictors1.jpg 1280w\" sizes=\"(max-width: 1024px) 100vw, 1024px\" \/><\/p>\n<p><em>\u00a0 \u00a0 \u00a0 \u00a0 \u00a0 \u00a0 \u00a0 \u00a0 \u00a0 \u00a0 \u00a0 \u00a0 \u00a0 \u00a0 \u00a0 \u00a0 \u00a0Foto:ICGC<\/em><\/p>\n<p>&nbsp;<\/p>\n<p>En la trobada, que es realitza bianualment, es troben el conjunt serveis de predicci\u00f3 d&#8217;allaus que publiquen previsions en el territori dels Pirineus. A m\u00e9s dels t\u00e8cnics del Centre d&#8217;Allaus d\u2019Aran i de l&#8217;Institut Cartogr\u00e0fic i Geol\u00f2gic de Catalunya, tamb\u00e9 hi van participar t\u00e8cnics de l&#8217;Ag\u00e8ncia Estatal de Meteorologia (AEMET), de M\u00e9t\u00e9o France i del Servei Meteorol\u00f2gic d\u2019Andorra. L&#8217;objectiu \u00e9s mantenir el contacte entre les organitzacions, treballar de forma coordinada i establir vincles que ajudin a millorar la t\u00e8cnica d\u2019observaci\u00f3 i predicci\u00f3, d\u2019acord amb els est\u00e0ndards recomanats des de l&#8217;EAWS (European Avalanche Warning Services), l&#8217;ens no governamental que reuneix tots els serveis de predicci\u00f3 d\u2019Europa.<\/p>\n<p>Fins al moment actual, tots els serveis de predicci\u00f3 dels Pirineus es troben a l&#8217;expectativa de noves nevades que facin necessaris l&#8217;inici de l&#8217;emissi\u00f3 dels butlletins de predicci\u00f3 d&#8217;allaus.<\/p>\n<p>&nbsp;<\/p>\n<p>&nbsp;<\/p>\n<p>&nbsp;<\/p>\n<p>&nbsp;<\/p>\n<p>Vielha, 18 de novembre de 2016<\/p>\n<p>&nbsp;<\/p>\n<p><em>Conselh Generau d&#8217;Aran: N\u00faria Sanjuan<\/em><\/p>\n<p><em>Font: Centre de Lauegi d&#8217;Aran\u00a0<\/em><\/p>\n<p><em>Fotos:ICGC<\/em><\/p>\n ","protected":false},"excerpt":{"rendered":"<p>\u00a0 \u00a0 \u00a0 \u00a0 \u00a0 \u00a0 \u00a0 \u00a0 \u00a0 \u00a0 \u00a0 \u00a0 \u00a0 \u00a0 \u00a0 \u00a0 \u00a0 \u00a0Foto:ICGC &nbsp; Els t\u00e8cnics del Centre d&#8217;Allaus del Conselh Generau d\u2019Aran van participar ahir dijous, 17 de novembre, en la XIV trobada de centres de predicci\u00f3 dels Pirineus que va tenir lloc a Barcelona, en la seu de&#8230;<\/p>\n","protected":false},"author":2,"featured_media":14834,"comment_status":"closed","ping_status":"closed","sticky":false,"template":"","format":"standard","meta":{"footnotes":""},"categories":[33],"tags":[],"_links":{"self":[{"href":"https:\/\/www.conselharan.org\/ca\/wp-json\/wp\/v2\/posts\/14841"}],"collection":[{"href":"https:\/\/www.conselharan.org\/ca\/wp-json\/wp\/v2\/posts"}],"about":[{"href":"https:\/\/www.conselharan.org\/ca\/wp-json\/wp\/v2\/types\/post"}],"author":[{"embeddable":true,"href":"https:\/\/www.conselharan.org\/ca\/wp-json\/wp\/v2\/users\/2"}],"replies":[{"embeddable":true,"href":"https:\/\/www.conselharan.org\/ca\/wp-json\/wp\/v2\/comments?post=14841"}],"version-history":[{"count":3,"href":"https:\/\/www.conselharan.org\/ca\/wp-json\/wp\/v2\/posts\/14841\/revisions"}],"predecessor-version":[{"id":14848,"href":"https:\/\/www.conselharan.org\/ca\/wp-json\/wp\/v2\/posts\/14841\/revisions\/14848"}],"wp:featuredmedia":[{"embeddable":true,"href":"https:\/\/www.conselharan.org\/ca\/wp-json\/wp\/v2\/media\/14834"}],"wp:attachment":[{"href":"https:\/\/www.conselharan.org\/ca\/wp-json\/wp\/v2\/media?parent=14841"}],"wp:term":[{"taxonomy":"category","embeddable":true,"href":"https:\/\/www.conselharan.org\/ca\/wp-json\/wp\/v2\/categories?post=14841"},{"taxonomy":"post_tag","embeddable":true,"href":"https:\/\/www.conselharan.org\/ca\/wp-json\/wp\/v2\/tags?post=14841"}],"curies":[{"name":"wp","href":"https:\/\/api.w.org\/{rel}","templated":true}]}}