{"id":14857,"date":"2016-11-18T14:14:37","date_gmt":"2016-11-18T13:14:37","guid":{"rendered":"http:\/\/www.conselharan.org\/ca\/?p=14857"},"modified":"2016-11-18T14:15:05","modified_gmt":"2016-11-18T13:15:05","slug":"el-govern-daran-y-el-conseil-departamental-de-lhaute-garonne-signen-un-acord-per-al-projecte-de-la-pista-cyclable-transgarona","status":"publish","type":"post","link":"https:\/\/www.conselharan.org\/ca\/el-govern-daran-y-el-conseil-departamental-de-lhaute-garonne-signen-un-acord-per-al-projecte-de-la-pista-cyclable-transgarona\/","title":{"rendered":"El Gov\u00e8rn d\u2019Aran y el Conseil d\u00e9partamental de l\u2019Haute- Garonne signen un acord per al projecte de la pista cyclable \u201cTransGarona\u201d"},"content":{"rendered":"<p><strong>\u2022 La pista cyclable connectar\u00e0 la Val d\u2019Aran amb Fran\u00e7a (Toulouse), passant per Comminges.<\/strong><\/p>\n<p>&nbsp;<\/p>\n<p><img loading=\"lazy\" decoding=\"async\" class=\"aligncenter size-large wp-image-14853\" src=\"http:\/\/www.conselharan.org\/wp-content\/uploads\/2016\/11\/transgarona-1024x678.jpg\" alt=\"transgarona\" width=\"1024\" height=\"678\" srcset=\"https:\/\/www.conselharan.org\/wp-content\/uploads\/2016\/11\/transgarona-1024x678.jpg 1024w, https:\/\/www.conselharan.org\/wp-content\/uploads\/2016\/11\/transgarona-300x199.jpg 300w, https:\/\/www.conselharan.org\/wp-content\/uploads\/2016\/11\/transgarona-768x509.jpg 768w\" sizes=\"(max-width: 1024px) 100vw, 1024px\" \/><\/p>\n<p>&nbsp;<\/p>\n<p>El conselh\u00e8r de Territori d&#8217;Aran, <strong>Jose A. Boya<\/strong>, i el president del Conseil d\u00e9partamental de l&#8217;Haute- Garonne, <strong>Georges M\u00e9ric<\/strong>, han signat un acord per al projecte europeu com\u00fa de la pista cyclable \u201cTransGarona\u201d.<\/p>\n<p>&nbsp;<\/p>\n<p><img loading=\"lazy\" decoding=\"async\" class=\"aligncenter size-large wp-image-14854\" src=\"http:\/\/www.conselharan.org\/wp-content\/uploads\/2016\/11\/mapa-1-transgarona-1024x754.jpg\" alt=\"mapa 1 transgarona\" width=\"1024\" height=\"754\" srcset=\"https:\/\/www.conselharan.org\/wp-content\/uploads\/2016\/11\/mapa-1-transgarona-1024x754.jpg 1024w, https:\/\/www.conselharan.org\/wp-content\/uploads\/2016\/11\/mapa-1-transgarona-300x221.jpg 300w, https:\/\/www.conselharan.org\/wp-content\/uploads\/2016\/11\/mapa-1-transgarona-768x565.jpg 768w\" sizes=\"(max-width: 1024px) 100vw, 1024px\" \/><\/p>\n<p>&nbsp;<\/p>\n<p>El finan\u00e7ament del projecte ser\u00e0 com\u00fa dins del Programa Operacional de Cooperaci\u00f3 Territorial Espanya Fran\u00e7a Andorra 2014-2020 (INTERREG-POCTEFA), per a la realitzaci\u00f3 de <strong>28 Km que connecten els dos territoris (Val d\u2019Aran i Fronsac), obtenint continu\u00eftat al circuit cyclable fins a Toulouse.<\/strong><\/p>\n<p>&nbsp;<\/p>\n<p><img loading=\"lazy\" decoding=\"async\" class=\"aligncenter size-large wp-image-14855\" src=\"http:\/\/www.conselharan.org\/wp-content\/uploads\/2016\/11\/mapa-transgarona-1024x963.jpg\" alt=\"mapa transgarona\" width=\"1024\" height=\"963\" srcset=\"https:\/\/www.conselharan.org\/wp-content\/uploads\/2016\/11\/mapa-transgarona-1024x963.jpg 1024w, https:\/\/www.conselharan.org\/wp-content\/uploads\/2016\/11\/mapa-transgarona-300x282.jpg 300w, https:\/\/www.conselharan.org\/wp-content\/uploads\/2016\/11\/mapa-transgarona-768x722.jpg 768w, https:\/\/www.conselharan.org\/wp-content\/uploads\/2016\/11\/mapa-transgarona.jpg 1883w\" sizes=\"(max-width: 1024px) 100vw, 1024px\" \/><\/p>\n<p>&nbsp;<\/p>\n<p>El cost estimat d&#8217;aquest itinerari \u00e9s de 3,5 milions d&#8217;euros, repartits de la seg\u00fcent manera: 1 mili\u00f3 d&#8217;euros (subvencionat el 65%) per a la part espanyola (connexi\u00f3 entre Val d\u2019Aran i frontera) i 2,5 milions d&#8217;euros per a la part haut-garonnoise (connexi\u00f3 entre Fos i Fronsac).<\/p>\n<p>L&#8217;ajuda europea ascendir\u00e0 a un 65% dels 3,5 milions d&#8217;euros.<\/p>\n<p>El pla provisional actual preveu la finalitzaci\u00f3 dels treballs per a l&#8217;any 2021.<\/p>\n<p>En paraules del conselh\u00e8r de Territori d&#8217;Aran,<strong> Jose A. Boya: \u201cEl que busquem des del Gov\u00e8rn d&#8217;Aran \u00e9s una ruta ciclista natural pel riu Garona f\u00e0cil i familiar. A m\u00e9s, tenim contactes per perllongar la pista cyclable fins a Catalunya a llarg termini<\/strong>\u201d.<\/p>\n<p>&nbsp;<\/p>\n<p>&nbsp;<\/p>\n<p>&nbsp;<\/p>\n<p>Vielha, 18 de novembre de 2016<\/p>\n<p>&nbsp;<\/p>\n<p><em>Conselh Generau d&#8217;Aran: N\u00faria Sanjuan<\/em><\/p>\n ","protected":false},"excerpt":{"rendered":"<p>\u2022 La pista cyclable connectar\u00e0 la Val d\u2019Aran amb Fran\u00e7a (Toulouse), passant per Comminges. &nbsp; &nbsp; El conselh\u00e8r de Territori d&#8217;Aran, Jose A. Boya, i el president del Conseil d\u00e9partamental de l&#8217;Haute- Garonne, Georges M\u00e9ric, han signat un acord per al projecte europeu com\u00fa de la pista cyclable \u201cTransGarona\u201d. &nbsp; &nbsp; El finan\u00e7ament del projecte&#8230;<\/p>\n","protected":false},"author":2,"featured_media":14853,"comment_status":"closed","ping_status":"closed","sticky":false,"template":"","format":"standard","meta":{"footnotes":""},"categories":[53],"tags":[],"_links":{"self":[{"href":"https:\/\/www.conselharan.org\/ca\/wp-json\/wp\/v2\/posts\/14857"}],"collection":[{"href":"https:\/\/www.conselharan.org\/ca\/wp-json\/wp\/v2\/posts"}],"about":[{"href":"https:\/\/www.conselharan.org\/ca\/wp-json\/wp\/v2\/types\/post"}],"author":[{"embeddable":true,"href":"https:\/\/www.conselharan.org\/ca\/wp-json\/wp\/v2\/users\/2"}],"replies":[{"embeddable":true,"href":"https:\/\/www.conselharan.org\/ca\/wp-json\/wp\/v2\/comments?post=14857"}],"version-history":[{"count":1,"href":"https:\/\/www.conselharan.org\/ca\/wp-json\/wp\/v2\/posts\/14857\/revisions"}],"predecessor-version":[{"id":14858,"href":"https:\/\/www.conselharan.org\/ca\/wp-json\/wp\/v2\/posts\/14857\/revisions\/14858"}],"wp:featuredmedia":[{"embeddable":true,"href":"https:\/\/www.conselharan.org\/ca\/wp-json\/wp\/v2\/media\/14853"}],"wp:attachment":[{"href":"https:\/\/www.conselharan.org\/ca\/wp-json\/wp\/v2\/media?parent=14857"}],"wp:term":[{"taxonomy":"category","embeddable":true,"href":"https:\/\/www.conselharan.org\/ca\/wp-json\/wp\/v2\/categories?post=14857"},{"taxonomy":"post_tag","embeddable":true,"href":"https:\/\/www.conselharan.org\/ca\/wp-json\/wp\/v2\/tags?post=14857"}],"curies":[{"name":"wp","href":"https:\/\/api.w.org\/{rel}","templated":true}]}}