{"id":14894,"date":"2016-11-22T15:03:31","date_gmt":"2016-11-22T14:03:31","guid":{"rendered":"http:\/\/www.conselharan.org\/ca\/?p=14894"},"modified":"2016-11-24T09:27:29","modified_gmt":"2016-11-24T08:27:29","slug":"resultats-del-ixe-concurs-morfologic-nacional-del-cavall-de-raca-cavall-pirinenc-catala","status":"publish","type":"post","link":"https:\/\/www.conselharan.org\/ca\/resultats-del-ixe-concurs-morfologic-nacional-del-cavall-de-raca-cavall-pirinenc-catala\/","title":{"rendered":"Resultats del IX\u00e8 Concurs Morfol\u00f2gic Nacional del cavall de ra\u00e7a \u201cCavall Pirinenc Catal\u00e0\u201d"},"content":{"rendered":"<p>\u2022 <strong>En aquesta edici\u00f3 van participar 59 ramaders amb 95 cavalls.<\/strong><\/p>\n<p><strong>\u2022 Els aranesos, Carlos Sol\u00e9 Socasau, Oscar Nart Moga i Albert Boya Abadia, van obtenir el 3\u00e8 lloc de les categories SOBERANYA i TER\u00c7ONA, TER\u00c7\u00d3 i PARELLA respectivament.<\/strong><\/p>\n<p><img loading=\"lazy\" decoding=\"async\" class=\"aligncenter size-large wp-image-14891\" src=\"http:\/\/www.conselharan.org\/wp-content\/uploads\/2016\/11\/cavall-pirinenc-catala-boss\u00f2st-1024x768.jpg\" alt=\"cavall pirinenc catala-boss\u00f2st\" width=\"1024\" height=\"768\" srcset=\"https:\/\/www.conselharan.org\/wp-content\/uploads\/2016\/11\/cavall-pirinenc-catala-boss\u00f2st-1024x768.jpg 1024w, https:\/\/www.conselharan.org\/wp-content\/uploads\/2016\/11\/cavall-pirinenc-catala-boss\u00f2st-300x225.jpg 300w, https:\/\/www.conselharan.org\/wp-content\/uploads\/2016\/11\/cavall-pirinenc-catala-boss\u00f2st-768x576.jpg 768w, https:\/\/www.conselharan.org\/wp-content\/uploads\/2016\/11\/cavall-pirinenc-catala-boss\u00f2st.jpg 1600w\" sizes=\"(max-width: 1024px) 100vw, 1024px\" \/><\/p>\n<p>&nbsp;<\/p>\n<p>El passat dissabte, 19 de novembre, Boss\u00f2st va acollir el IX\u00e8 Concurs Morfol\u00f2gic Nacional del cavall de ra\u00e7a \u201cCavall Pirinenc Catal\u00e0\u201d. En el concurs van participar un total 59 cavalls guanyadors dels diversos concursos del Pirineu.<\/p>\n<p>Els aranesos, <strong>Carlos Sol\u00e9 Socasau, Oscar Nart Moga <\/strong>i<strong> Albert Boya Abadia<\/strong>, van obtenir el 3\u00e8 lloc de les categories SOBERANYA i TER\u00c7ONA, TER\u00c7\u00d3 i PARELLA respectivament.<\/p>\n<p>&nbsp;<\/p>\n<p>Resultats d\u2019aquesta edici\u00f3:<\/p>\n<p><em><strong>CATEGORIA: SOBRANYA (femelles 2015)<\/strong><\/em><\/p>\n<p>1- ESPURNA de Jordi Sole Hernandez (Ripoll\u00e8s)<br \/>\n2- MERI 15 de Mas la Illa SCC (Ripoll\u00e8s)<br \/>\n<em>3- LLEONA de Carlos Sol\u00e9 Socasau (Val d\u2019Aran)<\/em><\/p>\n<p>&nbsp;<\/p>\n<p><em><strong>CATEGORIA: SOBRANY (mascles 2015)<\/strong><\/em><\/p>\n<p>1- PILGREEN de Maria Serra Soler (Pallars Sobir\u00e0)<br \/>\n2- FOC de Pilar Domech Puyol (Alta Ribagor\u00e7a)<br \/>\n3- LLAMP de Expl. Ramaderes Bonicoi (Pallars Sobir\u00e0)<\/p>\n<p><em><strong>CATEGORIA: TER\u00c7ONA (femelles 2014)<\/strong><\/em><\/p>\n<p>1- SARA de Cal l\u2019Aleix (Cerdanya)<br \/>\n2- ESTEL de Jordi Sole Hernandez (Ripoll\u00e8s)<br \/>\n<em>3- CORAL de Carlos Sol\u00e9 Socasau (Val d\u2019Aran)<\/em><\/p>\n<p>&nbsp;<\/p>\n<p><em><strong>CATEGORIA: TER\u00c7ON (mascles 2014)<\/strong><\/em><\/p>\n<p>1- SOLC de J.Cot Ruaix i M.Dolors Puig Gili (Cerdanya)<br \/>\n2- NOUENE de Jordi Ravetllat Armengol (Cerdanya)<br \/>\n<em>3- JAIMITO d\u2019Oscar Nart Moga (Val d\u2019Aran)<\/em><\/p>\n<p>&nbsp;<\/p>\n<p><em><strong>CATEGORIA: PARELLA (EUGA i POLTRE)<\/strong><\/em><\/p>\n<p>1- GUITA-SATANAS de S. i E. Aymerich Carrera (Cerdanya)<br \/>\n2- UMAGINE-GALAN de Pere Tor Betriu (Cerdanya)<br \/>\n<em>3- NERETA II-GALANA ARAN d\u2019Albert Boya Abadia (Val d\u2019Aran)<\/em><\/p>\n<p>&nbsp;<\/p>\n<p><em><strong>CATEGORIA: SEMENTAL<\/strong><\/em><\/p>\n<p>1- MARC de Maria Serra Soler (Pallars Sobir\u00e0)<br \/>\n2- MANSO I de Santa Maria de Tall\u00f3 (Cerdanya)<br \/>\n3- SAM de Casa Pey, SCP (Pallars Sobir\u00e0)<\/p>\n<p>&nbsp;<\/p>\n<p>El concurs va comptar amb la pres\u00e8ncia del conselh\u00e8r d\u2019Agricultura, Ramaderia i Medi Natural d\u2019Aran, <strong>Jose Enrique Arr\u00f3<\/strong>, i del conselh\u00e8r de Territori d\u2019Aran,<strong> Jose A. Boya.<\/strong><\/p>\n<p>&nbsp;<\/p>\n<p>L\u2019<strong>Associaci\u00f3 de criadors del cavall de ra\u00e7a \u201cCavall Pirinenc Catal\u00e0\u201d de la Val d\u2019Aran<\/strong> van col\u2022laborar en l\u2019organitzaci\u00f3 del concurs.<\/p>\n<p>&nbsp;<\/p>\n<p>&nbsp;<\/p>\n<p>&nbsp;<\/p>\n<p>Vielha, 22 de novembre de 2016<\/p>\n<p>&nbsp;<\/p>\n<p><em>Conselh Generau d&#8217;Aran: N\u00faria Sanjuan<\/em><\/p>\n<p><em>Foto: Federaci\u00f3 Cavall Pirinenc Catal\u00e0<\/em><\/p>\n ","protected":false},"excerpt":{"rendered":"<p>\u2022 En aquesta edici\u00f3 van participar 59 ramaders amb 95 cavalls. \u2022 Els aranesos, Carlos Sol\u00e9 Socasau, Oscar Nart Moga i Albert Boya Abadia, van obtenir el 3\u00e8 lloc de les categories SOBERANYA i TER\u00c7ONA, TER\u00c7\u00d3 i PARELLA respectivament. &nbsp; El passat dissabte, 19 de novembre, Boss\u00f2st va acollir el IX\u00e8 Concurs Morfol\u00f2gic Nacional del&#8230;<\/p>\n","protected":false},"author":2,"featured_media":14891,"comment_status":"closed","ping_status":"closed","sticky":false,"template":"","format":"standard","meta":{"footnotes":""},"categories":[33],"tags":[],"_links":{"self":[{"href":"https:\/\/www.conselharan.org\/ca\/wp-json\/wp\/v2\/posts\/14894"}],"collection":[{"href":"https:\/\/www.conselharan.org\/ca\/wp-json\/wp\/v2\/posts"}],"about":[{"href":"https:\/\/www.conselharan.org\/ca\/wp-json\/wp\/v2\/types\/post"}],"author":[{"embeddable":true,"href":"https:\/\/www.conselharan.org\/ca\/wp-json\/wp\/v2\/users\/2"}],"replies":[{"embeddable":true,"href":"https:\/\/www.conselharan.org\/ca\/wp-json\/wp\/v2\/comments?post=14894"}],"version-history":[{"count":2,"href":"https:\/\/www.conselharan.org\/ca\/wp-json\/wp\/v2\/posts\/14894\/revisions"}],"predecessor-version":[{"id":14931,"href":"https:\/\/www.conselharan.org\/ca\/wp-json\/wp\/v2\/posts\/14894\/revisions\/14931"}],"wp:featuredmedia":[{"embeddable":true,"href":"https:\/\/www.conselharan.org\/ca\/wp-json\/wp\/v2\/media\/14891"}],"wp:attachment":[{"href":"https:\/\/www.conselharan.org\/ca\/wp-json\/wp\/v2\/media?parent=14894"}],"wp:term":[{"taxonomy":"category","embeddable":true,"href":"https:\/\/www.conselharan.org\/ca\/wp-json\/wp\/v2\/categories?post=14894"},{"taxonomy":"post_tag","embeddable":true,"href":"https:\/\/www.conselharan.org\/ca\/wp-json\/wp\/v2\/tags?post=14894"}],"curies":[{"name":"wp","href":"https:\/\/api.w.org\/{rel}","templated":true}]}}